{"id":55918,"date":"2024-06-18T00:40:10","date_gmt":"2024-06-17T22:40:10","guid":{"rendered":"https:\/\/www.infokuryr.cz\/n\/?p=55918"},"modified":"2024-06-17T18:52:34","modified_gmt":"2024-06-17T16:52:34","slug":"musk-mozkove-cipy-ktere-v-budoucnu-nahradi-mobilni-telefony","status":"publish","type":"post","link":"https:\/\/www.infokuryr.cz\/n\/2024\/06\/18\/musk-mozkove-cipy-ktere-v-budoucnu-nahradi-mobilni-telefony\/","title":{"rendered":"Musk: Mozkov\u00e9 \u010dipy, kter\u00e9 v budoucnu nahrad\u00ed mobiln\u00ed telefony"},"content":{"rendered":"<div id=\"fb-root\"><\/div>\n<p><span style=\"font-size: 18pt;\"><strong>Miliard\u00e1\u0159ova spole\u010dnost Neuralink loni v lednu implantovala prvn\u00ed \u010dip do lidsk\u00e9ho mozku a nyn\u00ed se p\u0159ipravuje na druh\u00fd pokus<\/strong><\/span><\/p>\n<p>Mobiln\u00ed telefony budou v budoucnu zastaral\u00e9 a budou nahrazeny \u010dipy, kter\u00e9 jsou implantov\u00e1ny p\u0159\u00edmo do lidsk\u00e9ho mozku, p\u0159edpov\u011bd\u011bl miliard\u00e1\u0159sk\u00fd technologick\u00fd podnikatel Elon Musk.<\/p>\n<p>Jeho biotechnologick\u00e1 spole\u010dnost Neuralink implantovala mozkov\u00fd \u010dip poprv\u00e9 v lednu 30let\u00e9mu kvadruplegikovi Nolandu Arbaughovi. Chirurgick\u00fd z\u00e1krok spo\u010d\u00edval v um\u00edst\u011bn\u00ed po\u010d\u00edta\u010dov\u00e9ho \u010dipu \u2013 kter\u00fd je velk\u00fd asi jako mince \u2013 do oblasti mozku, kter\u00e1 \u0159\u00edd\u00ed z\u00e1m\u011br pohybu. \u010cip se pak pou\u017e\u00edv\u00e1 k\u00a0<em>\u201ezaznamen\u00e1v\u00e1n\u00ed a bezdr\u00e1tov\u00e9mu p\u0159enosu mozkov\u00fdch sign\u00e1l\u016f do aplikace, kter\u00e1 dek\u00f3duje z\u00e1m\u011br pohybu\u201c.<\/em><\/p>\n<p>Musk sd\u00edlel svou nejnov\u011bj\u0161\u00ed p\u0159edpov\u011b\u010f v reakci na p\u0159\u00edsp\u011bvek zve\u0159ejn\u011bn\u00fd na X (d\u0159\u00edve Twitter) parodick\u00fdm \u00fa\u010dtem s n\u00e1zvem Not Elon Musk v ned\u011bli. P\u016fvodn\u00ed zpr\u00e1va zn\u011bla:\u00a0<em>\u201eNainstalovali byste si do mozku rozhran\u00ed Neuralink, kter\u00e9 v\u00e1m umo\u017en\u00ed ovl\u00e1dat v\u00e1\u0161 nov\u00fd telefon X my\u0161len\u00edm?\u201c<\/em><\/p>\n<p>Musk odpov\u011bd\u011bl tvrzen\u00edm, \u017ee\u00a0<em>\u201ev budoucnu nebudou \u017e\u00e1dn\u00e9 telefony, pouze Neuralinks\u201c.<\/em><\/p>\n<p>Ve sv\u00e9 lo\u0148sk\u00e9 tiskov\u00e9 zpr\u00e1v\u011b Neuralink uvedl, \u017ee jeho program Precise Robotically Implanted Brain-Computer Interface (PRIME) se zam\u011b\u0159uje na v\u00fdvoj\u00a0<em>\u201epln\u011b implantovateln\u00e9ho bezdr\u00e1tov\u00e9ho rozhran\u00ed mozek-po\u010d\u00edta\u010d\u201c<\/em>\u00a0, kter\u00e9 by lidem zprvu poskytlo mo\u017enost ovl\u00e1dat po\u010d\u00edta\u010dov\u00fd kurzor nebo kl\u00e1vesnici. pomoc\u00ed jejich my\u0161lenek. Pozd\u011bji by to p\u0159ipravilo cestu pro revolu\u010dn\u00ed l\u00e9\u010dbu pro lidi trp\u00edc\u00ed r\u016fzn\u00fdmi t\u011blesn\u00fdmi posti\u017een\u00edmi, jako je paral\u00fdza a slepota, stejn\u011b jako nemoci, jako je obezita, autismus, deprese a schizofrenie.<br \/>\nV rozhovoru s Joe Roganem v roce 2018 Musk navrhl, \u017ee Neuralink by tak\u00e9 mohl jednoho dne umo\u017enit lidem komunikovat bez pou\u017eit\u00ed slov a mo\u017en\u00e1 tak\u00e9 dos\u00e1hnout stavu\u00a0<em>\u201esymbi\u00f3zy\u201c<\/em>\u00a0s um\u011blou inteligenc\u00ed.<\/p>\n<p>Americk\u00fd \u00da\u0159ad pro kontrolu potravin a l\u00e9\u010div (FDA) loni v kv\u011btnu schv\u00e1lil prvn\u00ed zkou\u0161ku implantace \u010dipu.<br \/>\nN\u011bkolik t\u00fddn\u016f po z\u00e1kroku na konci ledna Musk ozn\u00e1mil, \u017ee se mu\u017e\u00a0<em>\u201e\u00fapln\u011b zotavil bez \u0161kodliv\u00fdch \u00fa\u010dink\u016f, kter\u00fdch jsme si v\u011bdomi\u201c,<\/em>\u00a0a byl schopen pohybovat po\u010d\u00edta\u010dovou my\u0161\u00ed po obrazovce\u00a0<em>\u201epouh\u00fdm p\u0159em\u00fd\u0161len\u00edm\u201c.<\/em><\/p>\n<p>V kv\u011btnu v\u0161ak Neuralink p\u0159iznal, \u017ee se setkal s ur\u010dit\u00fdmi probl\u00e9my pot\u00e9, co byly drobn\u00e9 dr\u00e1tky implantovan\u00e9 do mozku uvoln\u011bny z pozice.<br \/>\nNicm\u00e9n\u011b FDA dal zelenou pro druh\u00fd pokus na lidech, informoval minul\u00fd m\u011bs\u00edc Wall Street Journal. Dal\u0161\u00ed experiment, kter\u00fd je \u00fadajn\u011b napl\u00e1nov\u00e1n na \u010derven, bude obsahovat upraven\u00fd postup, kdy bude \u010dip implantov\u00e1n hloub\u011bji do mozku, aby se zabr\u00e1nilo jeho zata\u017een\u00ed.<\/p>\n<p>Do konce roku by se podle m\u00e9dia m\u011blo dal\u0161\u00edch soud\u016f z\u00fa\u010dastnit dal\u0161\u00edch osm lid\u00ed.<\/p>\n<p><img decoding=\"async\" loading=\"lazy\" class=\"alignnone size-full wp-image-1185\" src=\"http:\/\/www.infokuryr.cz\/n\/wp-content\/uploads\/2021\/04\/kuryr-podpis.png\" alt=\"\" width=\"84\" height=\"24\" \/><\/p>\n<p>&nbsp;<\/p>\n","protected":false},"excerpt":{"rendered":"<p>Miliard\u00e1\u0159ova spole\u010dnost Neuralink loni v lednu implantovala prvn\u00ed \u010dip do lidsk\u00e9ho mozku a nyn\u00ed se&#8230;<\/p>\n","protected":false},"author":2,"featured_media":17087,"comment_status":"closed","ping_status":"closed","sticky":false,"template":"","format":"standard","meta":[],"categories":[7],"tags":[341,2252,485],"_links":{"self":[{"href":"https:\/\/www.infokuryr.cz\/n\/wp-json\/wp\/v2\/posts\/55918"}],"collection":[{"href":"https:\/\/www.infokuryr.cz\/n\/wp-json\/wp\/v2\/posts"}],"about":[{"href":"https:\/\/www.infokuryr.cz\/n\/wp-json\/wp\/v2\/types\/post"}],"author":[{"embeddable":true,"href":"https:\/\/www.infokuryr.cz\/n\/wp-json\/wp\/v2\/users\/2"}],"replies":[{"embeddable":true,"href":"https:\/\/www.infokuryr.cz\/n\/wp-json\/wp\/v2\/comments?post=55918"}],"version-history":[{"count":0,"href":"https:\/\/www.infokuryr.cz\/n\/wp-json\/wp\/v2\/posts\/55918\/revisions"}],"wp:featuredmedia":[{"embeddable":true,"href":"https:\/\/www.infokuryr.cz\/n\/wp-json\/wp\/v2\/media\/17087"}],"wp:attachment":[{"href":"https:\/\/www.infokuryr.cz\/n\/wp-json\/wp\/v2\/media?parent=55918"}],"wp:term":[{"taxonomy":"category","embeddable":true,"href":"https:\/\/www.infokuryr.cz\/n\/wp-json\/wp\/v2\/categories?post=55918"},{"taxonomy":"post_tag","embeddable":true,"href":"https:\/\/www.infokuryr.cz\/n\/wp-json\/wp\/v2\/tags?post=55918"}],"curies":[{"name":"wp","href":"https:\/\/api.w.org\/{rel}","templated":true}]}}