{"id":55905,"date":"2024-06-17T05:27:05","date_gmt":"2024-06-17T03:27:05","guid":{"rendered":"https:\/\/www.infokuryr.cz\/n\/?p=55905"},"modified":"2024-06-17T05:27:05","modified_gmt":"2024-06-17T03:27:05","slug":"michael-svatos-nejnovejsi-sorosovy-vypocty-v-pristich-10-letech-bude-k-dispozici-800-milionu-uprchliku","status":"publish","type":"post","link":"https:\/\/www.infokuryr.cz\/n\/2024\/06\/17\/michael-svatos-nejnovejsi-sorosovy-vypocty-v-pristich-10-letech-bude-k-dispozici-800-milionu-uprchliku\/","title":{"rendered":"Michael Svato\u0161: Nejnov\u011bj\u0161\u00ed Sorosovy v\u00fdpo\u010dty: V p\u0159\u00ed\u0161t\u00edch 10 letech bude k dispozici 800 milion\u016f uprchl\u00edk\u016f!"},"content":{"rendered":"<div id=\"fb-root\"><\/div>\n<p><span style=\"font-size: 14pt; color: #993366;\"><strong>Nejnov\u011bj\u0161\u00ed Sorosovy v\u00fdpo\u010dty: V p\u0159\u00ed\u0161t\u00edch 10 letech bude k dispozici 800 milion\u016f uprchl\u00edk\u016f! Jen na spln\u011bn\u00ed z\u00e1kladn\u00edch opat\u0159en\u00ed Green Deal bude Evropa pot\u0159ebovat miliony nov\u00fdch d\u011bln\u00edk\u016f a technik\u016f! Byznys tis\u00edcilet\u00ed na obzoru!<\/strong><\/span><\/p>\n<p>N\u00e1klady na spln\u011bn\u00ed nejnov\u011bj\u0161\u00edch Bruselsk\u00fdch na\u0159\u00edzen\u00ed Green Deal, a na pl\u00e1novan\u00fd transfer des\u00edtek milion\u016f nov\u00fdch d\u011bln\u00edk\u016f z Afriky do EU, aby zde levn\u011b pracovali, budou astronomick\u00e9, a proto se u\u017e i v \u010cR za\u010dalo intenzivn\u011b pracovat na opat\u0159en\u00edch, jak dramaticky sn\u00ed\u017eit osobn\u00ed spot\u0159ebu oby\u010dejn\u00fdch Evropan\u016f, aby se na jejich v\u00fd\u017eiv\u011b, ubytov\u00e1n\u00ed i reprodukci u\u0161et\u0159ilo. Kdy\u017e jsme na podzim 2020 v anal\u00fdze<strong>\u00a0<a href=\"http:\/\/michalapetr.cz\/doku.php#dil_466_eu_-_hmyzoburger_nova_narizeni_eu_o_vasi_budouci_strave_uz_nebudete_vysoci_ani_tlusti\">MAP 466<\/a>\u00a0<\/strong>ozn\u00e1mili,<strong>\u00a0<a href=\"https:\/\/www.politico.eu\/interactive\/how-brussels-wants-to-change-your-cheeseburger-farm-to-fork\/?fbclid=IwAR1ylFIDWImBgMDtBRJPMkN6H_4igPWEyxOLspwG4CKLJa3F8gr_y9H6v-U\">\u017ee Brusel schv\u00e1lil s\u00e9rii opat\u0159en\u00ed<\/a><\/strong>, kter\u00e1 maj\u00ed nahradit maso ve strav\u011b Evropan\u016f hmyzem, byli jsme ozna\u010deni za dezinform\u00e1tory. V\u010dera p\u0159itom<strong>\u00a0<a href=\"https:\/\/www.parlamentnilisty.cz\/zpravy\/ekonomika\/-Prisypavani-cvrcku-do-salamu-I-s-vykaly-Plan-jak-nam-ublizit-757018\">vy\u0161lo najevo<\/a><\/strong>, \u017ee Univerzita Danu\u0161e Nerudov\u00e9 u\u017e n\u00e1mi citovan\u00e9 opat\u0159en\u00ed z roku 2020 v\u011bdecky rozpracov\u00e1v\u00e1. Ba co v\u00edc, podle brn\u011bnsko-bruselsk\u00fdch pl\u00e1n\u016f se m\u00e1 j\u00edst nejen hmyz, ale dokonce i jeho v\u00fdkaly! Stoj\u00ed za to p\u0159ipomenout, \u017ee<strong>\u00a0<a href=\"http:\/\/michalapetr.cz\/doku.php#dil_466_eu_-_hmyzoburger_nova_narizeni_eu_o_vasi_budouci_strave_uz_nebudete_vysoci_ani_tlusti\">v roce 2020 vystoupil<\/a><\/strong>\u00a0proti t\u011bmto \u0161\u00edlen\u00fdm pl\u00e1n\u016fm Bruselu i poslanec europarlamentu za ODS Jan Zahradil, a \u017ee letos u\u017e nov\u00e1 fialov\u00e1 ODS Jana Zahradila na sv\u00e9 kandid\u00e1tce do europarlamentu nem\u011bla. A \u017ee naopak \u00fasp\u011b\u0161n\u011b kandidovala za Raku\u0161anovu partu STAN b\u00fdval\u00e1 rektorka brn\u011bnsk\u00e9 UNI, kde se nov\u00e1 bruselsk\u00e1 hmyz-v\u00fdkalov\u00e1 strava v\u011bdecky zkoum\u00e1.<\/p>\n<p>Podle nejnov\u011bj\u0161\u00ed maltsk\u00e9 studie na\u0159\u00edzen\u00ed Green Deal<strong>\u00a0<a href=\"https:\/\/www.maltatoday.com.mt\/comment\/blogs\/129275\/maltese_property_prices_and_the_green_deal\">zv\u00fd\u0161\u00ed<\/a>\u00a0<\/strong>cenu v\u00fdstavby bytu o 3 pokoj\u00edch v ji\u017en\u00ed EU o 750 000 CZK, a m\u00edstn\u00ed odborn\u00edci varuj\u00ed, \u017ee si tyto nov\u00e9 byty u\u017e nebude moci v\u011bt\u0161ina Mal\u0165an\u016f ani po\u0159izovat.\u00a0 Ve st\u0159edn\u00ed Evrop\u011b se z d\u016fvodu zna\u010dn\u011b chladn\u011bj\u0161\u00edho podneb\u00ed o\u010dek\u00e1v\u00e1 je\u0161t\u011b vy\u0161\u0161\u00ed r\u016fst cen nov\u00fdch byt\u016f stav\u011bn\u00fdch podle na\u0159\u00edzen\u00ed Green Deal. Podle n\u011bmeck\u00fdch odborn\u00edk\u016f se komer\u010dn\u00ed stavebn\u00ed cena za 1m2 pr\u016fm\u011brn\u00e9ho bytu<a href=\"https:\/\/www.merkur.de\/wirtschaft\/eingestellt-regulierung-wohnung-wohnungsgesellschaft-muenchen-dawonia-neubau-93090937.html\">\u00a0zv\u00fd\u0161ila<\/a>\u00a0d\u00edky inflaci a opat\u0159en\u00edm Green Deal od roku 2009 ze 63 000 na 125 000 CZK. (\u00a0<a href=\"https:\/\/www.cbamonitor.cz\/kategorie\/ceny-nemovitosti\">V \u010cR aktu\u00e1ln\u011b 117 400 CZK.<\/a>) Podle v\u00fdpo\u010dt\u016f \u010cNB se cena pr\u016fm\u011brn\u00e9 nemovitosti v \u010cR\u00a0<a href=\"https:\/\/www.cesko1.cz\/2024\/06\/08\/prognoza-cnb-prumerny-byt-v-cesku-bude-kazdy-rok-zdrazovat-o-stovky-tisic-korun\/\">bude zvedat ro\u010dn\u011b<\/a>\u00a0o 450 tis\u00edc CZK, jen v d\u016fsledku nedostatku nov\u00fdch byt\u016f na trhu. Po technick\u00e9 str\u00e1nce tak pr\u016fm\u011brn\u011b vyd\u011bl\u00e1vaj\u00edc\u00ed zam\u011bstnanec v \u010cR, kter\u00fd nem\u00e1 vlastn\u00ed byt, vyd\u011bl\u00e1 za cel\u00fd rok pouze tolik, o kolik se zvedne cena bytu. A nikdy tak nebude schopen si na sv\u00e9 vlastn\u00ed bydlen\u00ed vyd\u011blat dostatek pen\u011bz. Podle presti\u017en\u00ed britsk\u00e9 studie p\u0159itom pr\u00e1v\u011b vlastnictv\u00ed vlastn\u00edho bytu m\u00e1 blahod\u00e1rn\u00fd vliv, jak na d\u00e9lku lidsk\u00e9ho \u017eivota, tak na celkov\u00e9 lidsk\u00e9 zdrav\u00ed, tak na lidsk\u00e9 \u0161t\u011bst\u00ed i spokojenost.<\/p>\n<p>V \u010cR nejsou k dispozici byty a jsou p\u0159edra\u017een\u00e9, proto\u017ee se jich podle \u010cNB stav\u00ed m\u00e1lo! Zaj\u00edmav\u00e9 na tom je, jak se chov\u00e1 vl\u00e1da.<strong>\u00a0<a href=\"https:\/\/www.idnes.cz\/ekonomika\/domaci\/cizinci-nemovitosti-v-cesku-byty-rusove-italove.A180319_390088_ekonomika_div\">A\u017e 30% v\u0161ech nov\u00fdch byt\u016f<\/a>\u00a0<\/strong>toti\u017e v n\u011bkter\u00fdch lokalit\u00e1ch \u010cR skupuj\u00ed cizinci, a to ne pro sv\u00e9 vlastn\u00ed bydlen\u00ed, ale jako investici, a doslova po cel\u00fdch nov\u011b postaven\u00fdch mnohoposcho\u010fov\u00fdch domech!! Ve vysp\u011bl\u00e9m z\u00e1padn\u00edm sv\u011bt\u011b je p\u0159itom\u00a0<strong><a href=\"https:\/\/forbes.cz\/kupte-si-byty-jinde-dalsi-zeme-zakazuje-cizincum-vlastnit-nemovitosti-cesko-hleda-jina-reseni\/\">n\u00e1kup byt\u016f cizinci nov\u011b p\u0159\u00edsn\u011b zakazov\u00e1n<\/a>.<\/strong>\u00a0Tato nov\u00e1 z\u00e1padn\u00ed praxe byla ov\u0161em odborn\u00edky Fialovy vl\u00e1dy v roce 2023\u00a0<a href=\"https:\/\/forbes.cz\/kupte-si-byty-jinde-dalsi-zeme-zakazuje-cizincum-vlastnit-nemovitosti-cesko-hleda-jina-reseni\/\">d\u016frazn\u011b odm\u00edtnuta<\/a>! A tito odborn\u00edci dokonce ve sv\u00e9m zd\u016fvodn\u011bn\u00ed lhali \u010desk\u00e9 ve\u0159ejnosti, \u017ee ji v EU nelze aplikovat. Jak\u00e9 p\u0159ekvapen\u00ed, co jde v Kanad\u011b, na Nov\u00e9m Z\u00e9landu, jde i v EU.<\/p>\n<p><a href=\"https:\/\/stranapro.cz\/\"><img decoding=\"async\" loading=\"lazy\" class=\"wp-image-40285 aligncenter\" src=\"http:\/\/www.infokuryr.cz\/n\/wp-content\/uploads\/2023\/11\/11pro-300x79.png\" alt=\"\" width=\"778\" height=\"205\" srcset=\"https:\/\/www.infokuryr.cz\/n\/wp-content\/uploads\/2023\/11\/11pro-300x79.png 300w, https:\/\/www.infokuryr.cz\/n\/wp-content\/uploads\/2023\/11\/11pro.png 363w\" sizes=\"(max-width: 778px) 100vw, 778px\" \/><\/a><\/p>\n<p>P\u0159\u00edkladem m\u016f\u017ee b\u00fdt zm\u00edn\u011bn\u00e1 Malta.<strong>\u00a0<a href=\"https:\/\/www.endevio.org\/en\/insights\/buying-property-in-malta-as-foreigner\">Na Malt\u011b je prodej byt\u016f cizinc\u016fm p\u0159\u00edsn\u011b regulov\u00e1n a omezen na jedin\u00fd byt!<\/a>\u00a0<\/strong>Na Malt\u011b si sm\u00ed cizinec mimo zem\u011b EU koupit nemovitost pouze na vl\u00e1dn\u00ed povolen\u00ed a pouze jednu a ke sv\u00e9mu vlastn\u00edmu bydlen\u00ed. A ob\u010dan EU sice povolen\u00ed nepot\u0159ebuje, ale tak\u00e9 pouze jednu a pro sv\u00e9 vlastn\u00ed trval\u00e9 bydlen\u00ed. Hromadn\u00fd n\u00e1kup nemovitost\u00ed cizinci a nemovitost\u00ed na investice je na Malt\u011b povolen pouze ve \u201czvl\u00e1\u0161tn\u00edch z\u00f3n\u00e1ch\u201d, vyhla\u0161ovan\u00fdch vl\u00e1dou. V\u00fdsledek Maltsk\u00fdch z\u00e1kaz\u016f n\u00e1kup\u016f byt\u016f cizinci je fantastick\u00fd.<strong>\u00a0<a href=\"https:\/\/imin-malta.com\/blog\/property-prices\/\">Sou\u010dasn\u00e1 pr\u016fm\u011brn\u00e1 cena na Malt\u011b \u010din\u00ed 75 000 CZK za m2<\/a>,<\/strong>\u00a0a<strong>\u00a0<a href=\"https:\/\/ec.europa.eu\/eurostat\/documents\/4187653\/18057933\/housing-prices-rents-eu-change-2010-q3-2023.jpg\/81dc81da-e2aa-e42c-fde7-614ebfaaaebc?t=1704872894715\">podle statistiky EU<\/a>\u00a0<\/strong>ceny nemovitostn\u00ed na Malt\u011b zdra\u017eily jen o 75% za deset let, kde\u017eto v \u010cR o 125%. Op\u011bt se tak ukazuje, co jsou Pir\u00e1ti, kte\u0159\u00ed maj\u00ed v\u00fdstavbu byt\u016f v \u010cR ve vl\u00e1dn\u00ed gesci, za tupouny a lh\u00e1\u0159e. Nejen \u017ee p\u0159ed volbami slibovali lidem dostatek levn\u00fdch byt\u016f, ale po volb\u00e1ch se sna\u017e\u00ed, aby byt\u016f na \u010cechy zbylo, co nejm\u00ed\u0148, a byly jen za co nejvy\u0161\u0161\u00ed\u00a0cenu.<\/p>\n<p>V Praze je tak v d\u016fsledku posledn\u00edch vl\u00e1d\u00a0<a href=\"https:\/\/www.idnes.cz\/ekonomika\/domaci\/cizinci-nemovitosti-v-cesku-byty-rusove-italove.A180319_390088_ekonomika_div\">u\u017e 20 a\u017e 30% bytov\u00fdch dom\u016f ve vlastnictv\u00ed cizinc\u016f<\/a>.\u00a0Jednou z p\u0159\u00ed\u010din sou\u010dasn\u00e9ho rychl\u00e9ho p\u00e1du francouzsk\u00e9 z\u00e1padn\u00ed Afriky do Putinova n\u00e1ru\u010d\u00ed bylo i tak\u0159ka monopoln\u00ed vlastnictv\u00ed nigersk\u00e9 vodovodn\u00ed infrastruktury a zdroj\u016f pitn\u00e9 vody, stejn\u011b jako vlastn\u011bn\u00ed \u0159ady m\u011bstsk\u00fdch nemovitost\u00ed v Nigerii. Vl\u00e1da Putinov\u00fdch rebel\u016f jednala rychle, a nigerskou vodu i nemovitosti Francouz\u016fm zn\u00e1rodnila, a nebo je od nich po leto\u0161n\u00edm \u00fat\u011bku levn\u011b odkoupila. Sta\u010dilo p\u016fl roku a v\u0161e\u00a0<a href=\"https:\/\/afriquemedia.tv\/2024\/03\/05\/niger-le-groupe-francais-de-btp-sogea-satom-plie-definitivement-bagage\/\">u\u017e je v rukou Nigeru<\/a>. Nigersk\u00e1 chunta v tom m\u00e1 jasno, zisky z vody i z bydlen\u00ed mus\u00ed z\u016fstat v Nigeru. V sousedn\u00ed Burkin\u011b Faso zase\u00a0<a href=\"https:\/\/mondointernazionale.org\/focus-allegati\/adieu-fran%C3%A7afrique-new-economic-horizons-in-the-sahel\">Francouz\u016fm zabavili \u201ccukrov\u00e9 plant\u00e1\u017ee i s cukrovary\u201d<\/a>,\u00a0 a to pod heslem: Co bylo p\u0159ed lety levn\u011b, podivn\u011b a nekale zprivatizov\u00e1no, mus\u00ed b\u00fdt ihned vr\u00e1ceno lidu.<\/p>\n<p>Jak jsou v\u0161ichni fialov\u00ed politici obzvl\u00e1\u0161t\u011b dut\u00ed i nadut\u00ed dokazuj\u00ed<strong>\u00a0<a href=\"https:\/\/www.project-syndicate.org\/commentary\/european-union-must-close-skills-gap-to-support-clean-tech-industry-by-julie-beaufils-2024-06\">i nejnov\u011bj\u0161\u00ed propo\u010dty Sorose<\/a>.<\/strong>\u00a0Podle nich EU stoj\u00ed na d\u011bjinn\u00e9 k\u0159i\u017eovatce, a aby uskute\u010dnila na\u0159\u00edzen\u00fd p\u0159echod na Green Deal Ekonomiku, nutn\u011b pot\u0159ebuje miliony nov\u00fdch zam\u011bstnanc\u016f, kte\u0159\u00ed vybuduj\u00ed celou novou Green Deal infrastrukturu. Tito d\u011bln\u00edci nov\u00e9 budoucnosti ov\u0161em v Evrop\u011b nejsou fyzicky p\u0159\u00edtomni. Chyb\u00ed ze dvou d\u016fvod\u016f \u2013 nenarodili se, \u2013 a nebyli pat\u0159i\u010dn\u011b vzd\u011bl\u00e1ni. Jen N\u011bmecko podle t\u011bchto Sorosov\u00fdch propo\u010dt\u016f nyn\u00ed nal\u00e9hav\u011b pot\u0159ebuje 90 000 technik\u016f \u2013 elektrik\u00e1\u0159\u016f, jak odborn\u00e9ho tak vysoko\u0161kolsk\u00e9ho vzd\u011bl\u00e1n\u00ed. Brusel a jeho zem\u0161t\u00ed nohsledi ov\u0161em preferuj\u00ed humanitn\u00ed a akademick\u00e9 vzd\u011bl\u00e1n\u00ed! V\u00fdcvik z\u00e1kladn\u00edho technika nov\u00e9 budoucnosti potrv\u00e1 nejm\u00e9n\u011b 3 roky, spo\u010d\u00edtali Sorosovi experti. A vl\u00e1dy EU to st\u00e1le necht\u011bj\u00ed pochopit.<\/p>\n<p>Ministr Bek z Raku\u0161anovy party STAN mo\u017en\u00e1 i \u010dte Sorosovy anal\u00fdzy \u0161\u00ed\u0159en\u00e9 z USA, proto\u017ee\u00a0<a href=\"https:\/\/tn.nova.cz\/zpravodajstvi\/clanek\/560393-vladni-krize-kolem-situace-ve-skolstvi-hrozi-rozpad-koalice-i-pad-vlady\">si pr\u00fd p\u0159ed p\u00e1r dny postavil hlavu<\/a>\u00a0a do\u017eaduje se po profesorovi Fialovi razantn\u00edho zv\u00fd\u0161en\u00ed v\u00fddaj\u016f na \u0161kolstv\u00ed. STAN bezv\u00fdhradn\u011b podporuje Green Deal, a kone\u010dn\u011b u\u017e asi i n\u011bkte\u0159\u00ed jeho p\u0159edstavitel\u00e9 pochopili, \u017ee bez nov\u00fdch vzd\u011blan\u00fdch \u010desk\u00fdch technik\u016f vy\u0161kolen\u00fdch v \u010desk\u00fdch \u0161kol\u00e1ch nebude nejen \u017e\u00e1dn\u00fd Green Deal, ale nebude ani \u017e\u00e1dn\u00e1 jin\u00e1 rozumn\u011bj\u0161\u00ed forma modern\u00ed ekonomiky. Profesor Fiala, se ov\u0161em st\u00e1le zd\u00e1 b\u00fdt \u010dertem posedl\u00fd ukrajinskou v\u00e1lkou, a nen\u00ed tak ochoten ani nechat vy\u0161kolit \u010desk\u00e9 d\u011bti, aby se jednou m\u011bly dob\u0159e, proto\u017ee by musel 37 miliard korun, kter\u00e9 chce Bek na d\u011bti a u\u010ditele, sebrat \u010desk\u00fdm zbroj\u00ed\u0159\u016fm a ukrajinsk\u00fdm korup\u010dn\u00edk\u016fm. Pravov\u011brn\u00ed p\u0159\u00edznivci Sorose by tak m\u011bli zpozorn\u011bt, proto\u017ee Soros nyn\u00ed po\u017eaduje okam\u017eit\u00fd rozvoj u\u010d\u0148ovsk\u00e9ho a st\u0159edn\u00edho technick\u00e9ho \u0161kolstv\u00ed, a p\u0159esm\u011brov\u00e1n\u00ed toku financ\u00ed od humanitn\u00edch vysoko\u0161kolsk\u00fdch obor\u016f k obor\u016fm technick\u00fdm. A jev\u00ed se tak z\u0159ejm\u00e9, kdy\u017e Soros na star\u00e1 kolena dostal kone\u010dn\u011b i rozum, \u017ee u\u017e i v \u010cech\u00e1ch by bylo na \u010dase, vystrnadit z politiky ty politiky, kte\u0159\u00ed rozum je\u0161t\u011b st\u00e1le ve sv\u00e9 hlav\u011b kontaktovat nedok\u00e1zali.<\/p>\n<p>Druh\u00e1 Sorosova \u010dervnov\u00e1 v\u00fdpo\u010detn\u00ed progn\u00f3za je ov\u0161em mnohem d\u011bsiv\u011bj\u0161\u00ed. Podle n\u00ed v p\u0159\u00ed\u0161t\u00edch 10 letech dosp\u011bje hlavn\u011b v Africe 1.2 miliardy mlad\u00fdch lid\u00ed, a bude pro n\u011b pouze 400 milion\u016f pracovn\u00edch m\u00edst. Z toho logicky plyne, \u017ee<strong>\u00a0<a href=\"https:\/\/www.project-syndicate.org\/commentary\/g7-summit-must-focus-on-africa-future-ida-replenishment-by-mohamed-ould-ghazouani-and-ajay-banga-2024-06\">800 milion\u016f hlavn\u011b Afri\u010dan\u016f brzy vyraz\u00ed do Evropy sehnat si pr\u00e1ci, a nebo n\u011bjak\u00e9 soci\u00e1ln\u00ed d\u00e1vky<\/a><\/strong>. Ve sv\u011btle Raku\u0161anova imigra\u010dn\u00edho paktu to m\u016f\u017ee znamenat, \u017ee p\u00e1r milion\u016f imigrant\u016f m\u016f\u017ee b\u00fdt brzy p\u0159id\u011bleno Bruselem k v\u00fd\u017eiv\u011b i ubytov\u00e1n\u00ed do \u010cech, na Moravu i do Slezska. Kde bude tou dobou Raku\u0161an je ot\u00e1zka. V\u011bt\u0161ina Va\u0161ich d\u011bt\u00ed i Vy v\u0161ak budete \u017e\u00edt zde \u2013 Doma. Proto na to pamatujte, dal\u0161\u00ed volby budou u\u017e na podzim. Krom Turka Motoristy, mus\u00edme rychle naj\u00edt i Turka Stavitele Byt\u016f, Turka Ochr\u00e1nce Hranic, Turka Profesora Techniky, a dal\u0161\u00ed nov\u00e9 Turky Politiky.<\/p>\n<p><a href=\"https:\/\/www.michalapetr.com\/map-2020-nejnovejsi-sorosovy-vypocty-v-pristich-10-letech-bude-k-dispozici-800-milionu-uprchliku-jen-na-splneni-zakladnich-opatreni-green-deal-bude-evropa-potrebovat-miliony-novych-delniku-a-technik\/\">Michael Svato\u0161<\/a><\/p>\n<p><img decoding=\"async\" loading=\"lazy\" class=\"alignnone size-full wp-image-27204\" src=\"http:\/\/www.infokuryr.cz\/n\/wp-content\/uploads\/2023\/05\/Michael_Svatos.png\" alt=\"\" width=\"180\" height=\"180\" srcset=\"https:\/\/www.infokuryr.cz\/n\/wp-content\/uploads\/2023\/05\/Michael_Svatos.png 180w, https:\/\/www.infokuryr.cz\/n\/wp-content\/uploads\/2023\/05\/Michael_Svatos-150x150.png 150w\" sizes=\"(max-width: 180px) 100vw, 180px\" \/><\/p>\n","protected":false},"excerpt":{"rendered":"<p>Nejnov\u011bj\u0161\u00ed Sorosovy v\u00fdpo\u010dty: V p\u0159\u00ed\u0161t\u00edch 10 letech bude k dispozici 800 milion\u016f uprchl\u00edk\u016f! Jen na&#8230;<\/p>\n","protected":false},"author":2,"featured_media":19338,"comment_status":"closed","ping_status":"closed","sticky":false,"template":"","format":"standard","meta":[],"categories":[6],"tags":[1042,41,119,151],"_links":{"self":[{"href":"https:\/\/www.infokuryr.cz\/n\/wp-json\/wp\/v2\/posts\/55905"}],"collection":[{"href":"https:\/\/www.infokuryr.cz\/n\/wp-json\/wp\/v2\/posts"}],"about":[{"href":"https:\/\/www.infokuryr.cz\/n\/wp-json\/wp\/v2\/types\/post"}],"author":[{"embeddable":true,"href":"https:\/\/www.infokuryr.cz\/n\/wp-json\/wp\/v2\/users\/2"}],"replies":[{"embeddable":true,"href":"https:\/\/www.infokuryr.cz\/n\/wp-json\/wp\/v2\/comments?post=55905"}],"version-history":[{"count":0,"href":"https:\/\/www.infokuryr.cz\/n\/wp-json\/wp\/v2\/posts\/55905\/revisions"}],"wp:featuredmedia":[{"embeddable":true,"href":"https:\/\/www.infokuryr.cz\/n\/wp-json\/wp\/v2\/media\/19338"}],"wp:attachment":[{"href":"https:\/\/www.infokuryr.cz\/n\/wp-json\/wp\/v2\/media?parent=55905"}],"wp:term":[{"taxonomy":"category","embeddable":true,"href":"https:\/\/www.infokuryr.cz\/n\/wp-json\/wp\/v2\/categories?post=55905"},{"taxonomy":"post_tag","embeddable":true,"href":"https:\/\/www.infokuryr.cz\/n\/wp-json\/wp\/v2\/tags?post=55905"}],"curies":[{"name":"wp","href":"https:\/\/api.w.org\/{rel}","templated":true}]}}