{"id":55846,"date":"2024-06-16T00:43:30","date_gmt":"2024-06-15T22:43:30","guid":{"rendered":"https:\/\/www.infokuryr.cz\/n\/?p=55846"},"modified":"2024-06-16T06:11:34","modified_gmt":"2024-06-16T04:11:34","slug":"take-premyslite-proc-pentagon-a-cia-nasadily-do-cela-totalniho-dementa-bidena","status":"publish","type":"post","link":"https:\/\/www.infokuryr.cz\/n\/2024\/06\/16\/take-premyslite-proc-pentagon-a-cia-nasadily-do-cela-totalniho-dementa-bidena\/","title":{"rendered":"Tak\u00e9 p\u0159em\u00fd\u0161l\u00edte, pro\u010d Pentagon a CIA nasadily do \u010dela tot\u00e1ln\u00edho dementa Bidena?"},"content":{"rendered":"<div id=\"fb-root\"><\/div>\n<div class=\"introtext\">\n<p><strong>Asi ka\u017ed\u00fd vid\u00ed, \u017ee americk\u00fd prezident je nesv\u00e9pr\u00e1vn\u00fd magor, kter\u00fd to m\u00e1 v palici vybrakovan\u00e9. A je jasn\u00e9, \u017ee takov\u00fd dement do slova a do p\u00edsmene je nejv\u011bt\u0161\u00ed sv\u011btov\u00e9 nebezpe\u010d\u00ed s jadern\u00fdm kuf\u0159\u00edkem, a m\u011bli by mu ho sebrat.<\/strong><\/p>\n<\/div>\n<div class=\"fulltext\">\n<p>Op\u011bt si prezident USA mluvil s n\u011bk\u00fdm v z\u00e1hrob\u00ed, zam\u011bstnanci se nesta\u010dili divit, a na druh\u00e9 stran\u011b ho musela vr\u00e1tit do obrazu italsk\u00e1 premi\u00e9rka Meloniov\u00e1.<\/p>\n<p><span style=\"color: #ff0000;\"><strong>Um\u00edte si p\u0159edstavit, \u017ee by takov\u00fd magor vedl Rusko?<\/strong><\/span><\/p>\n<p>V USA je tot\u00e1ln\u00ed bezvl\u00e1d\u00ed, prezident je vygumovan\u00fd \u0161a\u0161ek, co si pov\u00edd\u00e1 s duchy, se z\u00e1hrob\u00edm, a \u017eije\u00a0 v jin\u00e9 galaxii, d\u011bl\u00e1 si z n\u011bho legraci cel\u00fd sv\u011bt, zat\u00edmco Pentagon m\u016f\u017ee zab\u00edjet po cel\u00e9m sv\u011bt\u011b, jak ho napadne za dohledu CIA.<\/p>\n<p>Nen\u00ed, kdo by tu v\u00e1le\u010dnou ma\u0161in\u00e9rii \u0159\u00eddil a \u0161\u00edlenci z Pentagonu mohou zmasakrovat cel\u00fd sv\u011bt jadern\u00fdmi zbran\u011bmi!<\/p>\n<p>Dle ve\u0159ejn\u00fdch zdroj\u016f je jasn\u00e9, kdo na masakrech lid\u00ed bohatne: n\u011bkolik zbrojovek a n\u011bkolik p\u0159ekupn\u00edk\u016f se zbran\u011bmi a jak je do toho zapletena kampeli\u010dka v\u016fdce Fialy a jeho osoba se zat\u00edm m\u016f\u017eeme jen dom\u00fd\u0161let.<\/p>\n<p>Je hr\u016fzostra\u0161n\u00e9, \u017ee na takov\u00fdchto du\u0161evn\u011b \u0161\u00edlen\u00fdch lidech dnes z\u00e1vis\u00ed nejen sv\u011btov\u00fd m\u00edr, ale i z\u00e1nik planety.<\/p>\n<p><a href=\"https:\/\/www.skrytapravda.cz\/ze-zahranici\/1953-take-premyslite-proc-pentagon-a-cia-nasadily-do-cela-totalniho-dementa-bidena\">Petr Pokorn\u00fd<\/a><\/p>\n<p><a href=\"https:\/\/stranapro.cz\/\"><img decoding=\"async\" loading=\"lazy\" class=\"wp-image-40286 aligncenter\" src=\"http:\/\/www.infokuryr.cz\/n\/wp-content\/uploads\/2023\/11\/12pro-300x87.png\" alt=\"\" width=\"893\" height=\"259\" srcset=\"https:\/\/www.infokuryr.cz\/n\/wp-content\/uploads\/2023\/11\/12pro-300x87.png 300w, https:\/\/www.infokuryr.cz\/n\/wp-content\/uploads\/2023\/11\/12pro.png 366w\" sizes=\"(max-width: 893px) 100vw, 893px\" \/><\/a><\/p>\n<\/div>\n<p>&nbsp;<\/p>\n","protected":false},"excerpt":{"rendered":"<p>Asi ka\u017ed\u00fd vid\u00ed, \u017ee americk\u00fd prezident je nesv\u00e9pr\u00e1vn\u00fd magor, kter\u00fd to m\u00e1 v palici vybrakovan\u00e9&#8230;.<\/p>\n","protected":false},"author":2,"featured_media":55847,"comment_status":"closed","ping_status":"closed","sticky":false,"template":"","format":"standard","meta":[],"categories":[6],"tags":[72,1503,2203],"_links":{"self":[{"href":"https:\/\/www.infokuryr.cz\/n\/wp-json\/wp\/v2\/posts\/55846"}],"collection":[{"href":"https:\/\/www.infokuryr.cz\/n\/wp-json\/wp\/v2\/posts"}],"about":[{"href":"https:\/\/www.infokuryr.cz\/n\/wp-json\/wp\/v2\/types\/post"}],"author":[{"embeddable":true,"href":"https:\/\/www.infokuryr.cz\/n\/wp-json\/wp\/v2\/users\/2"}],"replies":[{"embeddable":true,"href":"https:\/\/www.infokuryr.cz\/n\/wp-json\/wp\/v2\/comments?post=55846"}],"version-history":[{"count":0,"href":"https:\/\/www.infokuryr.cz\/n\/wp-json\/wp\/v2\/posts\/55846\/revisions"}],"wp:featuredmedia":[{"embeddable":true,"href":"https:\/\/www.infokuryr.cz\/n\/wp-json\/wp\/v2\/media\/55847"}],"wp:attachment":[{"href":"https:\/\/www.infokuryr.cz\/n\/wp-json\/wp\/v2\/media?parent=55846"}],"wp:term":[{"taxonomy":"category","embeddable":true,"href":"https:\/\/www.infokuryr.cz\/n\/wp-json\/wp\/v2\/categories?post=55846"},{"taxonomy":"post_tag","embeddable":true,"href":"https:\/\/www.infokuryr.cz\/n\/wp-json\/wp\/v2\/tags?post=55846"}],"curies":[{"name":"wp","href":"https:\/\/api.w.org\/{rel}","templated":true}]}}