{"id":55788,"date":"2024-06-15T00:46:13","date_gmt":"2024-06-14T22:46:13","guid":{"rendered":"https:\/\/www.infokuryr.cz\/n\/?p=55788"},"modified":"2024-06-15T05:24:29","modified_gmt":"2024-06-15T03:24:29","slug":"jan-sedlacek-platit-televizni-dan-ale-moje-televize-se-citi-jako-kalkulacka","status":"publish","type":"post","link":"https:\/\/www.infokuryr.cz\/n\/2024\/06\/15\/jan-sedlacek-platit-televizni-dan-ale-moje-televize-se-citi-jako-kalkulacka\/","title":{"rendered":"Jan Sedl\u00e1\u010dek: Platit televizn\u00ed da\u0148? Ale moje televize se c\u00edt\u00ed jako kalkula\u010dka!"},"content":{"rendered":"<div id=\"fb-root\"><\/div>\n<p><strong>V pozitivn\u00edm hnut\u00ed mysli jsem se zamyslel, jestli na tom \u201etrans\u201c-\u0161\u00edlenstv\u00ed nen\u00ed i n\u011bco pozitivn\u00edho. A zjistil jsem, \u017ee je. Proto\u017ee pokud si chlap o sob\u011b m\u016f\u017ee myslet, \u017ee je \u017eensk\u00e1, pro\u010d to nepozvednout o \u00farove\u0148 d\u00e1le?<\/strong><\/p>\n<p>Krom\u011b hokeje se te\u010f poda\u0159ilo sjednotit \u010desk\u00fd n\u00e1rod je\u0161t\u011b v jedn\u00e9 z\u00e1le\u017eitosti. V odporu proti zvednut\u00ed t\u00e9 dan\u011b za vep\u0159opr\u00e1vn\u00ed \u010cT a \u010cesk\u00fd rozhlas. Trouf\u00e1m si tvrdit, \u017ee nen\u00ed jin\u00e9 politick\u00e9 t\u00e9ma, kter\u00e9 by vyvolalo na\u0161tv\u00e1n\u00ed v tak \u0161irok\u00e9 \u010d\u00e1sti spole\u010dnosti.<\/p>\n<p><em>(Mal\u00e1 vsuvka: nen\u00ed to poplatek, jak n\u00e1m po\u0159\u00e1d podsouvaj\u00ed. Poplatek se plat\u00ed za slu\u017ebu, kterou si \u010dlov\u011bk vybere dobrovoln\u011b. Zat\u00edmco toto je majetkov\u00e1 da\u0148 z vlastn\u00edctv\u00ed TV a r\u00e1dia. Nav\u00edc ji Fialova p\u011btimafie chce nejen zv\u00fd\u0161it, ale i roz\u0161\u00ed\u0159it na majetkovou da\u0148 z vlastnictv\u00ed mobilu \u010di PC s internetem.)<\/em><\/p>\n<p>\u0158\u00edkal jsem si, co s t\u00edm. Pokud m\u00e1m platit za n\u011bco, co nesleduji, ale m\u00e1m n\u00e1stroj, kter\u00fdm by to \u0161lo \u2013 tak bych podle stejn\u00e9 logiky mohl po st\u00e1tu po\u017eadovat p\u0159\u00eddavky na d\u011bti (ty jsem si zat\u00edm nepo\u0159\u00eddil, ale m\u00e1m n\u00e1stroj, kter\u00fdm by to \u0161lo). A tu televizn\u00ed da\u0148 pak ode\u010d\u00edst od toho, co mi st\u00e1t dlu\u017e\u00ed za dlouh\u00e9 roky za ty p\u0159\u00eddavky.<\/p>\n<p>Nakonec jsem ale zjistil, \u017ee to nebude pot\u0159eba. Od t\u00e9 dan\u011b za vep\u0159opr\u00e1vn\u00ed m\u00e9dia se mohu klidn\u011b odhl\u00e1sit. Zjistil jsem toti\u017e, \u017ee \u017e\u00e1dn\u00e9 dan\u011bn\u00e9 spot\u0159ebi\u010de u\u017e doma nem\u00e1m.<\/p>\n<p>Dosud jsme m\u011bli doma televizi, nicm\u00e9n\u011b ta se od nyn\u011bj\u0161ka c\u00edt\u00ed b\u00fdt kalkula\u010dkou! V\u0161ichni jsme povinni to respektovat, a pokud by ji n\u011bkdo nazval jako televizi, bude ozna\u010den za transfoba. Jeliko\u017e se za vlastnictv\u00ed kalkula\u010dky \u017e\u00e1dn\u00e1 da\u0148 neplat\u00ed, p\u0159est\u00e1v\u00e1me tedy platit ten koncesiotentononc.<\/p>\n<p>A vzhledem k tomu, \u017ee jsme pokrokov\u00e1 dom\u00e1cnost, p\u0159idaly se i dal\u0161\u00ed spot\u0159ebi\u010de. R\u00e1dio se za\u010dalo c\u00edtit jako topinkova\u010d, v\u0161echny mobily v dom\u00e1cnosti jsou nyn\u00ed trans-\u017eehli\u010dky a po\u010d\u00edta\u010d ji\u017e nepracuje podle bin\u00e1rn\u00edho k\u00f3du, ale c\u00edt\u00ed se nebin\u00e1rn\u011b a pr\u00e1v\u011b se rozhoduje, zda b\u00fdt rychlovarnou konvic\u00ed, nebo kafeml\u00fdnkem.<\/p>\n<p>T\u00edm p\u00e1dem se odhla\u0161ujeme i od rozhlasov\u00e9 dan\u011b a nevztahuje se na n\u00e1s platebn\u00ed povinnost ani podle nov\u00fdch pravidel. Doufejme, \u017ee v \u010cT nebudou n\u011bjac\u00ed nesn\u00e1\u0161enliv\u00ed transfobov\u00e9, kte\u0159\u00ed by to cht\u011bli zpochybnit.<\/p>\n<p><em>RNDr. Jan Sedl\u00e1\u010dek, m\u00edstop\u0159edseda ND<br \/>\n<\/em><\/p>\n<p><img decoding=\"async\" loading=\"lazy\" class=\"alignnone size-full wp-image-19908\" src=\"http:\/\/www.infokuryr.cz\/n\/wp-content\/uploads\/2022\/12\/sedlacek-jan.jpg\" alt=\"\" width=\"225\" height=\"241\" \/><\/p>\n<p>\u010cl\u00e1nek p\u016fvodn\u011b vy\u0161el na blogu\u00a0<a href=\"https:\/\/voxpopuliblog.net\/platit-televizni-dan-ale-moje-televize-se-citi-jako-kalkulacka\/\" target=\"_blank\" rel=\"noopener\">VoxPopuli<\/a>.<\/p>\n<p><a href=\"https:\/\/stranapro.cz\/\"><img decoding=\"async\" loading=\"lazy\" class=\"wp-image-40286 aligncenter\" src=\"http:\/\/www.infokuryr.cz\/n\/wp-content\/uploads\/2023\/11\/12pro-300x87.png\" alt=\"\" width=\"821\" height=\"238\" srcset=\"https:\/\/www.infokuryr.cz\/n\/wp-content\/uploads\/2023\/11\/12pro-300x87.png 300w, https:\/\/www.infokuryr.cz\/n\/wp-content\/uploads\/2023\/11\/12pro.png 366w\" sizes=\"(max-width: 821px) 100vw, 821px\" \/><\/a><\/p>\n<p>&nbsp;<\/p>\n","protected":false},"excerpt":{"rendered":"<p>V pozitivn\u00edm hnut\u00ed mysli jsem se zamyslel, jestli na tom \u201etrans\u201c-\u0161\u00edlenstv\u00ed nen\u00ed i n\u011bco pozitivn\u00edho&#8230;.<\/p>\n","protected":false},"author":2,"featured_media":31822,"comment_status":"closed","ping_status":"closed","sticky":false,"template":"","format":"standard","meta":[],"categories":[6],"tags":[1025,1503,1738,1698],"_links":{"self":[{"href":"https:\/\/www.infokuryr.cz\/n\/wp-json\/wp\/v2\/posts\/55788"}],"collection":[{"href":"https:\/\/www.infokuryr.cz\/n\/wp-json\/wp\/v2\/posts"}],"about":[{"href":"https:\/\/www.infokuryr.cz\/n\/wp-json\/wp\/v2\/types\/post"}],"author":[{"embeddable":true,"href":"https:\/\/www.infokuryr.cz\/n\/wp-json\/wp\/v2\/users\/2"}],"replies":[{"embeddable":true,"href":"https:\/\/www.infokuryr.cz\/n\/wp-json\/wp\/v2\/comments?post=55788"}],"version-history":[{"count":0,"href":"https:\/\/www.infokuryr.cz\/n\/wp-json\/wp\/v2\/posts\/55788\/revisions"}],"wp:featuredmedia":[{"embeddable":true,"href":"https:\/\/www.infokuryr.cz\/n\/wp-json\/wp\/v2\/media\/31822"}],"wp:attachment":[{"href":"https:\/\/www.infokuryr.cz\/n\/wp-json\/wp\/v2\/media?parent=55788"}],"wp:term":[{"taxonomy":"category","embeddable":true,"href":"https:\/\/www.infokuryr.cz\/n\/wp-json\/wp\/v2\/categories?post=55788"},{"taxonomy":"post_tag","embeddable":true,"href":"https:\/\/www.infokuryr.cz\/n\/wp-json\/wp\/v2\/tags?post=55788"}],"curies":[{"name":"wp","href":"https:\/\/api.w.org\/{rel}","templated":true}]}}