{"id":55787,"date":"2024-06-15T00:42:52","date_gmt":"2024-06-14T22:42:52","guid":{"rendered":"https:\/\/www.infokuryr.cz\/n\/?p=55787"},"modified":"2024-06-14T16:44:03","modified_gmt":"2024-06-14T14:44:03","slug":"jiri-j-nickelli-idea-ze-rusove-vrati-krym-a-nova-uzemi-federace-se-jevi-jako-bludna","status":"publish","type":"post","link":"https:\/\/www.infokuryr.cz\/n\/2024\/06\/15\/jiri-j-nickelli-idea-ze-rusove-vrati-krym-a-nova-uzemi-federace-se-jevi-jako-bludna\/","title":{"rendered":"Ji\u0159\u00ed J. Nickelli: Idea, \u017ee &#8222;Rusov\u00e9 vr\u00e1t\u00ed Krym a nov\u00e1 \u00fazem\u00ed Federace&#8220;, se jev\u00ed jako bludn\u00e1"},"content":{"rendered":"<div id=\"fb-root\"><\/div>\n<p>Nejr\u016fzn\u011bj\u0161\u00ed nab\u00eddky z\u00e1padn\u00edch, p\u0159\u00edpadn\u011b ukrajinsk\u00fdch p\u0159ed\u00e1k\u016f k p\u0159\u00edm\u011b\u0159\u00ed \u010di dokonce k ukon\u010den\u00ed vojensk\u00fdch operac\u00ed Ruska na Ukrajin\u011b, se to\u010d\u00ed vesm\u011bs na podm\u00ednk\u00e1ch, kter\u00e9 podle mne nejsou pro Ruskou federaci p\u0159ijateln\u00e9. To jest vr\u00e1cen\u00ed Krymu a vr\u00e1cen\u00ed nov\u00fdch \u00fazem\u00ed p\u0159i\u010dlen\u011bn\u00fdch po referendech obyvatelstva k federaci. Proti t\u011bmto podm\u00ednk\u00e1m stoj\u00ed \u0159ada argument\u016f na stran\u011b Rusk\u00e9 federace, jakkoli se to Z\u00e1padu nel\u00edb\u00ed.<\/p>\n<p>Prvn\u00edm argumentem je argument historicko-st\u00e1topr\u00e1vn\u00ed. Krym byl vojensky dobyt na krymsk\u00e9m chan\u00e1tu, pod Osmanskou \u0159\u00ed\u0161\u00ed, ji\u017e roku 1783 kn\u00ed\u017eetem Pot\u011bmkinem, jen\u017e proto dostal p\u0159\u00eddomek Tauri\u010devsk\u00fd. (Taurida=antick\u00fd n\u00e1zev Krymu.) Tento akt schv\u00e1lila i tehdej\u0161\u00ed druh\u00e1 velmoc, Rakousko, pod c\u00edsa\u0159em Josefem II. a osmansk\u00e1 Porta jej musela uznat.<\/p>\n<p>Druh\u00fdm argumentem je p\u0159ed\u00e1n\u00ed Krymu gener\u00e1ln\u00edm tajemn\u00edkem SSSR\u00a0 Chru\u0161\u010dovem roku 1954 Ukrajinsk\u00e9 federativn\u00ed republice bylo podle gener\u00e1ln\u00ed prokuratury Rusk\u00e9 federace nelegitimn\u00ed, bylo motivov\u00e1no politicky, nikoli st\u00e1topr\u00e1vn\u011b, bez souhlasu Nejvy\u0161\u0161\u00edho sov\u011btu SSSR a bez referenda.<\/p>\n<p>T\u0159et\u00edm argumentem, st\u00e1topr\u00e1vn\u00edm, je\u00a0 za\u010dlen\u011bn\u00ed Krymu k dne\u0161n\u00ed Rusk\u00e9 federaci. Bylo legitimn\u00ed podle referenda obyvatelstva, kter\u00e9 i pozorovatel\u00e9 ozna\u010dili za validn\u00ed.<\/p>\n<p><a href=\"https:\/\/stranapro.cz\/\"><img decoding=\"async\" loading=\"lazy\" class=\"wp-image-40285 aligncenter\" src=\"http:\/\/www.infokuryr.cz\/n\/wp-content\/uploads\/2023\/11\/11pro-300x79.png\" alt=\"\" width=\"749\" height=\"197\" srcset=\"https:\/\/www.infokuryr.cz\/n\/wp-content\/uploads\/2023\/11\/11pro-300x79.png 300w, https:\/\/www.infokuryr.cz\/n\/wp-content\/uploads\/2023\/11\/11pro.png 363w\" sizes=\"(max-width: 749px) 100vw, 749px\" \/><\/a><\/p>\n<p>Kone\u010dn\u011b \u010dtvrt\u00fd argument, historicko-pr\u00e1vn\u00ed je, \u017ee tzv. dohody o rozd\u011blen\u00ed SSSR,(podle mne jako historika \u0161lo o st\u00e1topr\u00e1vn\u00ed rozbit\u00ed) na kter\u00e9 se dnes Z\u00e1pad odvol\u00e1v\u00e1, byly rovn\u011b\u017e provedeny bez referend obyvatelstva b\u00fdval\u00e9ho SSSR.<\/p>\n<p>U republik Don\u011bck\u00e9 a Luhansk\u00e9 se to podle mne jev\u00ed obdobn\u011b. Byla provedena referenda, jakkoli jsou zpochyb\u0148ov\u00e1na, a jejich proveden\u00ed je analogick\u00e9 proveden\u00ed referenda o S\u00e1rsku ve t\u0159ic\u00e1t\u00fdch letech 20.stolet\u00ed, kter\u00e9 velmoci nezpochybnily. To sam\u00e9 plat\u00ed i o dvou dal\u0161\u00edch \u00fazem\u00edch p\u0159ijat\u00fdch Ruskou federac\u00ed po referendech.<\/p>\n<p>Spol\u00e9h\u00e1n\u00ed na vojensk\u00e9 \u0159e\u0161en\u00ed t\u011bchto \u00fazemn\u011b-st\u00e1topr\u00e1vn\u00edch akt\u016f jak Ukrajinou, tak NATO, zat\u00edm nem\u00e1 opodstatn\u011bn\u00ed ve v\u00fdsledc\u00edch na front\u00e1ch. Zde u\u017e se ov\u0161em dost\u00e1v\u00e1me z pohledu historick\u00fdch re\u00e1li\u00ed do pohledu vojensko-politick\u00fdch hypot\u00e9z. Zat\u00edm je\u0161t\u011b nevypukly dal\u0161\u00ed f\u00e1ze vojensk\u00fdch operac\u00ed, i kdy\u017e vojensk\u00e1 a logistick\u00e1 pomoc Z\u00e1padu Ukrajin\u011b je enormn\u00ed.\u00a0<strong>Sc\u00e9n\u00e1\u0159i nab\u00edzej\u00edc\u00edm eskalaci vojensk\u00fdch operac\u00ed v rozs\u00e1hlou evropskou &#8211; n\u011bkte\u0159\u00ed dokonce uva\u017euj\u00ed sv\u011btovou &#8211; v\u00e1lku, se nezab\u00fdv\u00e1m.<\/strong>\u00a0Jako historik etnograf bych si p\u0159\u00e1l, aby naopak do\u0161lo\u00a0 k m\u00edrov\u00fdm jedn\u00e1n\u00edm a stabilizaci \u00fazem\u00ed podle historick\u00fdch a etnick\u00fdch re\u00e1lii. Nikoli podle politick\u00e9ho n\u00e1tlaku stran.<\/p>\n<p>V tomto ohledu se mi jev\u00ed na\u0161e M\u00edrov\u00e1 iniciativa podan\u00e1 panem Martinem Stropnick\u00fdm a jeho t\u00fdmem, jako konstruktivn\u00ed p\u0159\u00edsp\u011bvek k \u0159e\u0161en\u00ed dne\u0161n\u00ed p\u0159et\u011b\u017ek\u00e9 situace konfliktu dvou slovansk\u00fdch n\u00e1rod\u016f.\u00a0<strong>Podle mne by slovansk\u00e9 n\u00e1rody nem\u011bly podl\u00e9hat n\u00e1tlaku t\u0159et\u00edch stran, ale \u0159e\u0161it t\u011b\u017ekou situaci v duchu n\u011bkdej\u0161\u00ed slovansk\u00e9 vz\u00e1jemnosti, nikoli cestou rozb\u00edjen\u00ed st\u00e1t\u016f &#8211; odstra\u0161uj\u00edc\u00ed p\u0159\u00edklad se stal na Jugosl\u00e1vii! &#8211;\u00a0a vyvol\u00e1v\u00e1n\u00ed nen\u00e1visti z iniciativy t\u0159et\u00edch stran v\u010detn\u011b neofa\u0161istick\u00fdch\u00a0 sv\u011btov\u00fdch gang\u016f.\u00a0<\/strong><\/p>\n<p><em>Ji\u0159\u00ed Jaro\u0161 Nickelli, \u010cSPB Mor. T\u0159ebov\u00e1<\/em><\/p>\n<p><img decoding=\"async\" loading=\"lazy\" class=\"alignnone size-full wp-image-22385\" src=\"http:\/\/www.infokuryr.cz\/n\/wp-content\/uploads\/2023\/02\/jaros_nickelli.jpg\" alt=\"\" width=\"180\" height=\"180\" srcset=\"https:\/\/www.infokuryr.cz\/n\/wp-content\/uploads\/2023\/02\/jaros_nickelli.jpg 180w, https:\/\/www.infokuryr.cz\/n\/wp-content\/uploads\/2023\/02\/jaros_nickelli-150x150.jpg 150w\" sizes=\"(max-width: 180px) 100vw, 180px\" \/><\/p>\n<p>&nbsp;<\/p>\n<p>&nbsp;<\/p>\n","protected":false},"excerpt":{"rendered":"<p>Nejr\u016fzn\u011bj\u0161\u00ed nab\u00eddky z\u00e1padn\u00edch, p\u0159\u00edpadn\u011b ukrajinsk\u00fdch p\u0159ed\u00e1k\u016f k p\u0159\u00edm\u011b\u0159\u00ed \u010di dokonce k ukon\u010den\u00ed vojensk\u00fdch operac\u00ed Ruska&#8230;<\/p>\n","protected":false},"author":2,"featured_media":3240,"comment_status":"closed","ping_status":"closed","sticky":false,"template":"","format":"standard","meta":[],"categories":[6],"tags":[1503,751,22],"_links":{"self":[{"href":"https:\/\/www.infokuryr.cz\/n\/wp-json\/wp\/v2\/posts\/55787"}],"collection":[{"href":"https:\/\/www.infokuryr.cz\/n\/wp-json\/wp\/v2\/posts"}],"about":[{"href":"https:\/\/www.infokuryr.cz\/n\/wp-json\/wp\/v2\/types\/post"}],"author":[{"embeddable":true,"href":"https:\/\/www.infokuryr.cz\/n\/wp-json\/wp\/v2\/users\/2"}],"replies":[{"embeddable":true,"href":"https:\/\/www.infokuryr.cz\/n\/wp-json\/wp\/v2\/comments?post=55787"}],"version-history":[{"count":0,"href":"https:\/\/www.infokuryr.cz\/n\/wp-json\/wp\/v2\/posts\/55787\/revisions"}],"wp:featuredmedia":[{"embeddable":true,"href":"https:\/\/www.infokuryr.cz\/n\/wp-json\/wp\/v2\/media\/3240"}],"wp:attachment":[{"href":"https:\/\/www.infokuryr.cz\/n\/wp-json\/wp\/v2\/media?parent=55787"}],"wp:term":[{"taxonomy":"category","embeddable":true,"href":"https:\/\/www.infokuryr.cz\/n\/wp-json\/wp\/v2\/categories?post=55787"},{"taxonomy":"post_tag","embeddable":true,"href":"https:\/\/www.infokuryr.cz\/n\/wp-json\/wp\/v2\/tags?post=55787"}],"curies":[{"name":"wp","href":"https:\/\/api.w.org\/{rel}","templated":true}]}}