{"id":55777,"date":"2024-06-15T00:50:43","date_gmt":"2024-06-14T22:50:43","guid":{"rendered":"https:\/\/www.infokuryr.cz\/n\/?p=55777"},"modified":"2024-06-15T05:23:53","modified_gmt":"2024-06-15T03:23:53","slug":"bytovy-dum-se-castecne-zritil-po-ukrajinskem-uderu-na-ruske-mesto","status":"publish","type":"post","link":"https:\/\/www.infokuryr.cz\/n\/2024\/06\/15\/bytovy-dum-se-castecne-zritil-po-ukrajinskem-uderu-na-ruske-mesto\/","title":{"rendered":"Bytov\u00fd d\u016fm se \u010d\u00e1ste\u010dn\u011b z\u0159\u00edtil po ukrajinsk\u00e9m \u00faderu na rusk\u00e9 m\u011bsto"},"content":{"rendered":"<div id=\"fb-root\"><\/div>\n<h2 class=\"article__heading\"><span>\u0160est lid\u00ed zem\u0159elo p\u0159i ukrajinsk\u00e9m \u00fatoku na bytov\u00fd d\u016fm<\/span><\/h2>\n<p>\u010c\u00e1st p\u011btipatrov\u00e9ho bytov\u00e9ho domu se zhroutila v d\u016fsledku ukrajinsk\u00e9ho \u00faderu na m\u011bsto \u0160ebekino v rusk\u00e9 Belgorodsk\u00e9 oblasti, uvedl m\u00edstn\u00ed guvern\u00e9r Vja\u010deslav Gladkov.<\/p>\n<p><span>\u0160est civilist\u016f bylo zabito, kdy\u017e ukrajin\u0161t\u00ed voj\u00e1ci za\u00fato\u010dili na p\u011btipatrov\u00fd bytov\u00fd d\u016fm ve m\u011bst\u011b \u0160ebekino v B\u011blgorodsk\u00e9 oblasti na z\u00e1pad\u011b Ruska, \u0159ekl v sobotu v rann\u00edch hodin\u00e1ch guvern\u00e9r Vja\u010deslav Gladkov.\u00a0<\/span><\/p>\n<p><span>Po\u010det ob\u011bt\u00ed vzrostl, kdy\u017e z\u00e1chran\u00e1\u0159i vylovili dal\u0161\u00ed t\u011bla z trosek obytn\u00e9 budovy, kter\u00e1 se po p\u00e1te\u010dn\u00ed st\u00e1vce \u010d\u00e1ste\u010dn\u011b z\u0159\u00edtila.\u00a0<\/span><\/p>\n<p><span>Gladkov p\u016fvodn\u011b uvedl, \u017ee sedm obyvatel bylo hospitalizov\u00e1no. Pozd\u011bji na Telegram napsal, \u017ee \u017eensk\u00e1 ob\u011b\u0165 zran\u011bn\u00edm podlehla.<\/span><\/p>\n<p><span>Shebekino se nach\u00e1z\u00ed nedaleko hranic s Ukrajinou. Od \u00fanora 2022, kdy Rusko zah\u00e1jilo vojenskou operaci v sousedn\u00edm st\u00e1t\u011b, se stalo \u010dast\u00fdm c\u00edlem raketov\u00fdch a dronov\u00fdch \u00fatok\u016f.<\/span><\/p>\n<p>Z\u00e1stupce pohotovostn\u00edch slu\u017eeb agentu\u0159e TASS \u0159ekl, \u017ee lid\u00e9 mohou z\u016fstat pod troskami. Z\u00e1chran\u00e1\u0159i d\u0159\u00edve pou\u017eili \u017eeb\u0159\u00edk k evakuaci dvou obyvatel z p\u00e1t\u00e9ho patra po\u0161kozen\u00e9 budovy, uvedla agentura.<\/p>\n<p>\u0160ebekino se nach\u00e1z\u00ed nedaleko hranic s Ukrajinou a \u017eije v n\u011bm kolem 40 000 obyvatel. M\u011bsto a okoln\u00ed osady byly b\u011bhem konfliktu mezi Ruskem a Ukrajinou \u010dast\u00fdm c\u00edlem \u00fatok\u016f kyjevsk\u00fdch jednotek.<\/p>\n<p><strong>VIDEO:<\/strong><\/p>\n<div class=\"rtcode\">\n<div>\n<p><iframe loading=\"lazy\" id=\"telegram-post-bazabazon-28578\" src=\"https:\/\/t.me\/bazabazon\/28578?embed=1\" width=\"100%\" height=\"\" frameborder=\"0\" scrolling=\"no\" data-mce-fragment=\"1\"><\/iframe><\/p>\n<p>&nbsp;<\/p>\n<p><span>Tak\u00e9 v p\u00e1tek ukrajinsk\u00fd kamikadze dron zas\u00e1hl auto ve vesnici Murom pobl\u00ed\u017e \u0160ebekina a zabil \u0159idi\u010de, \u0159ekl Gladkov. Ve stejn\u00fd den byla zabita \u017eena, kdy\u017e raketa zas\u00e1hla jej\u00ed d\u016fm ve vesnici Oktyabrsky, zat\u00edmco dal\u0161\u00ed osoba byla hospitalizov\u00e1na se zran\u011bn\u00edmi st\u0159epinami pot\u00e9, co byla vesnice na Archangelskoje ost\u0159elov\u00e1na.<\/span><\/p>\n<p><span>Moskva opakovan\u011b obvinila Kyjev z nevyb\u00edrav\u00e9 palby na m\u011bsta a \u00famysln\u00e9ho napad\u00e1n\u00ed civilist\u016f, v\u010detn\u011b munice dodan\u00e9 Z\u00e1padem.<\/span><br \/>\n<img decoding=\"async\" loading=\"lazy\" class=\"alignnone size-full wp-image-1185\" src=\"http:\/\/www.infokuryr.cz\/n\/wp-content\/uploads\/2021\/04\/kuryr-podpis.png\" alt=\"\" width=\"84\" height=\"24\" \/><\/p>\n<\/div>\n<\/div>\n","protected":false},"excerpt":{"rendered":"<p>\u0160est lid\u00ed zem\u0159elo p\u0159i ukrajinsk\u00e9m \u00fatoku na bytov\u00fd d\u016fm \u010c\u00e1st p\u011btipatrov\u00e9ho bytov\u00e9ho domu se zhroutila&#8230;<\/p>\n","protected":false},"author":2,"featured_media":55778,"comment_status":"closed","ping_status":"closed","sticky":false,"template":"","format":"standard","meta":[],"categories":[7],"tags":[2011,3563,220,22,26],"_links":{"self":[{"href":"https:\/\/www.infokuryr.cz\/n\/wp-json\/wp\/v2\/posts\/55777"}],"collection":[{"href":"https:\/\/www.infokuryr.cz\/n\/wp-json\/wp\/v2\/posts"}],"about":[{"href":"https:\/\/www.infokuryr.cz\/n\/wp-json\/wp\/v2\/types\/post"}],"author":[{"embeddable":true,"href":"https:\/\/www.infokuryr.cz\/n\/wp-json\/wp\/v2\/users\/2"}],"replies":[{"embeddable":true,"href":"https:\/\/www.infokuryr.cz\/n\/wp-json\/wp\/v2\/comments?post=55777"}],"version-history":[{"count":1,"href":"https:\/\/www.infokuryr.cz\/n\/wp-json\/wp\/v2\/posts\/55777\/revisions"}],"predecessor-version":[{"id":55799,"href":"https:\/\/www.infokuryr.cz\/n\/wp-json\/wp\/v2\/posts\/55777\/revisions\/55799"}],"wp:featuredmedia":[{"embeddable":true,"href":"https:\/\/www.infokuryr.cz\/n\/wp-json\/wp\/v2\/media\/55778"}],"wp:attachment":[{"href":"https:\/\/www.infokuryr.cz\/n\/wp-json\/wp\/v2\/media?parent=55777"}],"wp:term":[{"taxonomy":"category","embeddable":true,"href":"https:\/\/www.infokuryr.cz\/n\/wp-json\/wp\/v2\/categories?post=55777"},{"taxonomy":"post_tag","embeddable":true,"href":"https:\/\/www.infokuryr.cz\/n\/wp-json\/wp\/v2\/tags?post=55777"}],"curies":[{"name":"wp","href":"https:\/\/api.w.org\/{rel}","templated":true}]}}