{"id":55772,"date":"2024-06-15T00:47:05","date_gmt":"2024-06-14T22:47:05","guid":{"rendered":"https:\/\/www.infokuryr.cz\/n\/?p=55772"},"modified":"2024-06-14T15:53:56","modified_gmt":"2024-06-14T13:53:56","slug":"houthis-zautocili-na-dalsi-tri-lode-v-adenskem-zalivu-a-v-rudem-mori","status":"publish","type":"post","link":"https:\/\/www.infokuryr.cz\/n\/2024\/06\/15\/houthis-zautocili-na-dalsi-tri-lode-v-adenskem-zalivu-a-v-rudem-mori\/","title":{"rendered":"Houthis za\u00fato\u010dili na dal\u0161\u00ed t\u0159i lod\u011b v Adensk\u00e9m z\u00e1livu a v Rud\u00e9m mo\u0159i"},"content":{"rendered":"<div id=\"fb-root\"><\/div>\n<p><strong><span>H\u00fas\u00edov\u00e9 (Ansar Allah) 13. \u010dervna ozn\u00e1mili, \u017ee za\u00fato\u010dili na dal\u0161\u00ed t\u0159i obchodn\u00ed plavidla v Adensk\u00e9m z\u00e1livu a Rud\u00e9m mo\u0159i v reakci na izraelskou v\u00e1lku v palestinsk\u00e9 enkl\u00e1v\u011b P\u00e1smo Gazy a ned\u00e1vn\u00e9 americko-britsk\u00e9 \u00fatoky na Jemen.<\/span><\/strong><\/p>\n<p><em>&#8222;N\u00e1mo\u0159n\u00ed a raketov\u00e9 s\u00edly a letectvo provedly za posledn\u00edch 24 hodin t\u0159i vojensk\u00e9 operace,&#8220; uvedl v prohl\u00e1\u0161en\u00ed vojensk\u00fd mluv\u010d\u00ed skupiny, brig\u00e1dn\u00ed gener\u00e1l Yahya Saree.<\/em><\/p>\n<p><span>Prvn\u00ed operaci podle mluv\u010d\u00edho provedly raketov\u00e9 s\u00edly zac\u00edlen\u00e9 na lo\u010f Verbena v Adensk\u00e9m z\u00e1livu a zp\u016fsobily po\u017e\u00e1r na palub\u011b.<\/span><\/p>\n<p><span>Druh\u00e1 a t\u0159et\u00ed operace byla zam\u011b\u0159ena na Seaguardian a Athinu v Rud\u00e9m mo\u0159i balistick\u00fdmi raketami a drony, dodal.<\/span><\/p>\n<p><span>V n\u00e1sledn\u00e9m prohl\u00e1\u0161en\u00ed mluv\u010d\u00ed poznamenal, \u017ee t\u0159i lod\u011b byly ter\u010dem, proto\u017ee jsou ve vlastnictv\u00ed spole\u010dnost\u00ed, kter\u00e9 \u201eporu\u0161ily rozhodnut\u00ed [H\u00fas\u00ed\u016f] zak\u00e1zat vstup do p\u0159\u00edstav\u016f okupovan\u00e9 Palestiny [Izrael]\u201c.<\/span><\/p>\n<p><span>N\u00e1mo\u0159n\u00ed obchodn\u00ed operace Spojen\u00e9ho kr\u00e1lovstv\u00ed (UKMTO), odd\u011blen\u00ed kr\u00e1lovsk\u00e9ho n\u00e1mo\u0159nictva, ozn\u00e1milo, \u017ee Verbena, palausk\u00e1 lo\u010f s ukrajinskou vlajkou a provozovan\u00e1 v Polsku, byla 13. \u010dervna t\u0159ikr\u00e1t zasa\u017eena, ne\u017e H\u00fas\u00edov\u00e9 ozn\u00e1mili sv\u00e9 operace. .<\/span><\/p>\n<p><span>Pozd\u011bji \u00dast\u0159edn\u00ed velen\u00ed Spojen\u00fdch st\u00e1t\u016f (CENTCOM) ve dvou samostatn\u00fdch prohl\u00e1\u0161en\u00edch uvedlo, \u017ee plavidlo bylo nejprve zasa\u017eeno dv\u011bma protilodn\u00edmi \u0159\u00edzen\u00fdmi st\u0159elami a pot\u00e9 protilodn\u00ed balistickou st\u0159elou.<\/span><\/p>\n<p><em>\u201eM\/V Verbena nahl\u00e1sil po\u0161kozen\u00ed a n\u00e1sledn\u00e9 po\u017e\u00e1ry na palub\u011b. Pos\u00e1dka pokra\u010duje v boji s ohn\u011bm. Jeden civiln\u00ed n\u00e1mo\u0159n\u00edk byl b\u011bhem \u00fatoku t\u011b\u017ece zran\u011bn,\u201c uvedlo velen\u00ed ve sv\u00e9m prvn\u00edm prohl\u00e1\u0161en\u00ed, kter\u00e9 bylo zve\u0159ejn\u011bno koncem \u010dervna 13. Pozornost.&#8220;<\/em><\/p>\n<p><span>Ve sv\u00e9m druh\u00e9m prohl\u00e1\u0161en\u00ed, kter\u00e9 bylo zve\u0159ejn\u011bno po\u010d\u00e1tkem 14. \u010dervna, velen\u00ed uvedlo, \u017ee jeho s\u00edly zni\u010dily senzor protivzdu\u0161n\u00e9 obrany v oblasti kontrolovan\u00e9 Houthi v Jemenu, stejn\u011b jako nepos\u00e1dkov\u00e9 povrchov\u00e9 plavidlo a dron skupiny v Rud\u00e9m mo\u0159i.<\/span><\/p>\n<p><span>H\u00fas\u00edov\u00e9 tak\u00e9 odp\u00e1lili dv\u011b protilodn\u00ed balistick\u00e9 st\u0159ely z Jemenu do Rud\u00e9ho mo\u0159e, podle velen\u00ed, kter\u00e9 uvedlo, \u017ee nedo\u0161lo k \u017e\u00e1dn\u00e9mu zran\u011bn\u00ed ani v\u00fdznamn\u00fdm \u0161kod\u00e1m hl\u00e1\u0161en\u00fdm americk\u00fdmi, koali\u010dn\u00edmi nebo obchodn\u00edmi plavidly.<\/span><\/p>\n<p><em>&#8222;Toto pokra\u010duj\u00edc\u00ed zlomysln\u00e9 a bezohledn\u00e9 chov\u00e1n\u00ed H\u00fas\u00ed\u016f podporovan\u00fdch \u00cdr\u00e1nem ohro\u017euje region\u00e1ln\u00ed stabilitu a ohro\u017euje \u017eivoty n\u00e1mo\u0159n\u00edk\u016f p\u0159es Rud\u00e9 mo\u0159e a Adensk\u00fd z\u00e1liv,&#8220; uvedlo velen\u00ed. &#8222;CENTCOM bude i nad\u00e1le jednat s partnery, aby pohnal H\u00fas\u00edje k odpov\u011bdnosti a sn\u00ed\u017eil jejich vojensk\u00e9 schopnosti.&#8220;<\/em><\/p>\n<p><span>H\u00fas\u00edov\u00e9, kte\u0159\u00ed jsou podporov\u00e1ni \u00cdr\u00e1nem, za\u00fato\u010dili od listopadu na des\u00edtky plavidel spojen\u00fdch s Izraelem nebo vlastn\u011bn\u00fdch Spojen\u00fdmi st\u00e1ty a Spojen\u00fdm kr\u00e1lovstv\u00edm v Rud\u00e9m mo\u0159i, Adensk\u00e9m z\u00e1livu, Arabsk\u00e9m mo\u0159i, Indick\u00e9m oce\u00e1nu a St\u0159edozemn\u00edm mo\u0159i. reakce na izraelskou v\u00e1lku v Gaze.<\/span><\/p>\n<p><span>Krom\u011b toho skupina vypustila des\u00edtky dron\u016f a raket na nejji\u017en\u011bj\u0161\u00ed izraelsk\u00e9 m\u011bsto Ejlat a sest\u0159elila \u0161est bojov\u00fdch dron\u016f americk\u00e9 v\u00fdroby nad Jemenem a bl\u00edzk\u00fdmi vodami.<\/span><\/p>\n<p><span>Od ledna provedly USA a Spojen\u00e9 kr\u00e1lovstv\u00ed stovky \u00fader\u016f na oblasti v Jemenu kontrolovan\u00e9 Houthi ve snaze odstra\u0161it skupinu, ale bez \u00fasp\u011bchu.<\/span><\/p>\n<p><img decoding=\"async\" loading=\"lazy\" class=\"alignnone size-full wp-image-1185\" src=\"http:\/\/www.infokuryr.cz\/n\/wp-content\/uploads\/2021\/04\/kuryr-podpis.png\" alt=\"\" width=\"84\" height=\"24\" \/><\/p>\n<p>&nbsp;<\/p>\n","protected":false},"excerpt":{"rendered":"<p>H\u00fas\u00edov\u00e9 (Ansar Allah) 13. \u010dervna ozn\u00e1mili, \u017ee za\u00fato\u010dili na dal\u0161\u00ed t\u0159i obchodn\u00ed plavidla v Adensk\u00e9m&#8230;<\/p>\n","protected":false},"author":2,"featured_media":55773,"comment_status":"closed","ping_status":"closed","sticky":false,"template":"","format":"standard","meta":[],"categories":[7],"tags":[6184,627,6329],"_links":{"self":[{"href":"https:\/\/www.infokuryr.cz\/n\/wp-json\/wp\/v2\/posts\/55772"}],"collection":[{"href":"https:\/\/www.infokuryr.cz\/n\/wp-json\/wp\/v2\/posts"}],"about":[{"href":"https:\/\/www.infokuryr.cz\/n\/wp-json\/wp\/v2\/types\/post"}],"author":[{"embeddable":true,"href":"https:\/\/www.infokuryr.cz\/n\/wp-json\/wp\/v2\/users\/2"}],"replies":[{"embeddable":true,"href":"https:\/\/www.infokuryr.cz\/n\/wp-json\/wp\/v2\/comments?post=55772"}],"version-history":[{"count":0,"href":"https:\/\/www.infokuryr.cz\/n\/wp-json\/wp\/v2\/posts\/55772\/revisions"}],"wp:featuredmedia":[{"embeddable":true,"href":"https:\/\/www.infokuryr.cz\/n\/wp-json\/wp\/v2\/media\/55773"}],"wp:attachment":[{"href":"https:\/\/www.infokuryr.cz\/n\/wp-json\/wp\/v2\/media?parent=55772"}],"wp:term":[{"taxonomy":"category","embeddable":true,"href":"https:\/\/www.infokuryr.cz\/n\/wp-json\/wp\/v2\/categories?post=55772"},{"taxonomy":"post_tag","embeddable":true,"href":"https:\/\/www.infokuryr.cz\/n\/wp-json\/wp\/v2\/tags?post=55772"}],"curies":[{"name":"wp","href":"https:\/\/api.w.org\/{rel}","templated":true}]}}