{"id":5576,"date":"2021-10-23T03:09:46","date_gmt":"2021-10-23T01:09:46","guid":{"rendered":"http:\/\/www.infokuryr.cz\/n\/?p=5576"},"modified":"2021-10-23T03:09:46","modified_gmt":"2021-10-23T01:09:46","slug":"nemam-s-ceskou-republikou-spolecnou-cestu-rozhovor-s-ceskym-teroristou-z-dlr","status":"publish","type":"post","link":"https:\/\/www.infokuryr.cz\/n\/2021\/10\/23\/nemam-s-ceskou-republikou-spolecnou-cestu-rozhovor-s-ceskym-teroristou-z-dlr\/","title":{"rendered":"\u201eNem\u00e1m s \u010ceskou republikou spole\u010dnou cestu.\u201c Rozhovor s \u010desk\u00fdm \u201eteroristou\u201c z DLR"},"content":{"rendered":"<div id=\"fb-root\"><\/div>\n<p><strong>B\u011bhem posledn\u00edch \u0161esti m\u011bs\u00edc\u016f bylo v \u010cesku odsouzeno n\u011bkolik \u00fa\u010dastn\u00edk\u016f bojov\u00fdch akc\u00ed v Donbasu na stran\u011b DLR a LLR. Zat\u00edmco d\u0159\u00edve byli obvin\u011bni ze \u017eoldn\u00e9\u0159stv\u00ed, nyn\u00ed jsou obvin\u011bni z terorismu, co\u017e znamen\u00e1 p\u0159\u00edsn\u011bj\u0161\u00ed tresty. To je mccarthismus a politick\u00e1 objedn\u00e1vka, \u0159\u00edk\u00e1 Ji\u0159\u00ed Urb\u00e1nek, kter\u00e9ho pra\u017esk\u00fd soud odsoudil v nep\u0159\u00edtomnosti ke 20 let\u016fm v\u011bzen\u00ed.<\/strong><\/p>\n<p>V\u0161echno za\u010dalo v \u010dervenci 2021, kdy odvolac\u00ed Vrchn\u00ed soud v Praze zp\u0159\u00edsnil trest odn\u011bt\u00ed svobody pro ob\u010dana B\u011bloruska Alexeje Fad\u011bjeva ze 4,5 roku na 21 let. Soud potrestal Fad\u011bjeva za \u00fa\u010dast v organizovan\u00e9 zlo\u010dineck\u00e9 skupin\u011b, podle odvolac\u00edho sen\u00e1tu se v\u0161ak dopustil teroristick\u00e9ho \u00fatoku.<\/p>\n<p>Zp\u0159\u00edsn\u011bn\u00ed trestu zkritizoval tiskov\u00fd mluv\u010d\u00ed \u010desk\u00e9ho prezidenta Ji\u0159\u00ed Ov\u010d\u00e1\u010dek a nazval jej \u201enep\u0159im\u011b\u0159en\u00fdm politick\u00fdm verdiktem\u201c. P\u0159edseda bezpe\u010dnostn\u00edho v\u00fdboru doln\u00ed komory \u010desk\u00e9ho parlamentu Radek Koten upozornil na dvoj\u00ed metr. \u201e<em>Jak\u00fd trest dostali voj\u00e1ci NATO za boje v Afgh\u00e1nist\u00e1nu, Libyi, S\u00fdrii, Ir\u00e1ku a za\u00a0\u201ahumanit\u00e1rn\u00ed\u2018 bombardov\u00e1n\u00ed\u00a0Jugosl\u00e1vie,<\/em>\u201c zeptal se poslanec na soci\u00e1ln\u00edch s\u00edt\u00edch.<\/p>\n<p>Trend v\u0161ak pokra\u010doval. Za\u010d\u00e1tkem z\u00e1\u0159\u00ed byli \u010de\u0161t\u00ed ob\u010dan\u00e9 Luk\u00e1\u0161 Nov\u00e1\u010dek a Ji\u0159\u00ed Urb\u00e1nek odsouzeni na 19 a 20 let. Urb\u00e1nek, kter\u00fd byl souzen v nep\u0159\u00edtomnosti, proto\u017ee je dosud v Donbasu, souhlasil, \u017ee odpov\u00ed na n\u011bkolik ot\u00e1zek.<\/p>\n<p><strong>Co je podle v\u00e1s d\u016fvodem k takov\u00e9mu zp\u0159\u00edsn\u011bn\u00ed trest\u016f odn\u011bt\u00ed svobody pro \u00fa\u010dastn\u00edky bojov\u00fdch akc\u00ed v Donbasu?<\/strong><\/p>\n<p><strong>Ji\u0159\u00ed Urb\u00e1nek<\/strong>: J\u00e1 bych to ani nenaz\u00fdval zp\u0159\u00edsn\u011bn\u00edm. Sp\u00ed\u0161 se to podob\u00e1 soudn\u00edm proces\u016fm z dob mccarthismu v Americe. Toto je\u00a0politick\u00e1 objedn\u00e1vka. Trest pova\u017euji za nez\u00e1konn\u00fd. Kdybych \u017eil v norm\u00e1ln\u00edm st\u00e1t\u011b, kde bych m\u011bl mo\u017enost vz\u00edt si advok\u00e1ta, za\u017ealoval bych \u010ceskou republiku. Takov\u00e9 rozsudky jsou ostudou pro \u010cesko. V rozsudku se uv\u00e1d\u00ed, \u017ee jsem byl usv\u011bd\u010den na z\u00e1klad\u011b fotografi\u00ed na Facebooku. To je prost\u011b sm\u011b\u0161n\u00e9. Nikdy jsem nesp\u00e1chal \u017e\u00e1dn\u00e9 teroristick\u00e9 \u010diny.<\/p>\n<p>Ukrajinsk\u00e1 strana v\u010dera ost\u0159elovala 152mm d\u011bly kujby\u0161evsk\u00fd obvod Don\u011bcka. Dv\u011b d\u00edvky byly zran\u011bny. Jedna se narodila v roce 2010, druh\u00e1 v roce 2003. Ob\u011b jsou v \u0161okov\u00e9m stavu s pohmo\u017ed\u011bninami. \u0160est dom\u016f bylo po\u0161kozeno, jeden \u00fapln\u011b zni\u010den. A nikdo za to nenese odpov\u011bdnost. Domn\u00edv\u00e1m se, \u017ee pr\u00e1v\u011b toto je terorismus.<\/p>\n<p><strong>Pra\u017esk\u00fd soud V\u00e1s poslal na 20 let do v\u011bzen\u00ed. Jak jste reagoval na rozsudek, kdy\u017e jste se o n\u011bm dozv\u011bd\u011bl?<\/strong><\/p>\n<p>M\u011b to ani nezaj\u00edm\u00e1. Lid\u00e9, kte\u0159\u00ed stoj\u00ed za t\u011bmito tresty, se z toho budou d\u0159\u00edve \u010di pozd\u011bji zodpov\u00eddat. Takov\u00e9 rozsudky jsou trestn\u00fdm \u010dinem. V\u0161echny d\u016fkazy jsou zfal\u0161ovan\u00e9. DLR nikdy nebyla prohl\u00e1\u0161ena za teroristickou organizaci.<\/p>\n<p>Jsme obvin\u011bni ze \u017eoldn\u00e9\u0159sk\u00e9 \u010dinnosti. Ale sly\u0161eli jste n\u011bkdy o \u017eoldn\u00e9\u0159\u00edch, kte\u0159\u00ed pracovali za 200 dolar\u016f? Prvn\u00ed rok, a j\u00e1 jsem dorazil na Donbas v roce 2015, jsem slou\u017eil zcela zdarma. Dokonce jsme si na vlastn\u00ed n\u00e1klady koupili pro sebe v\u00fdstroj.<\/p>\n<p><strong>Jsou krom\u011b v\u00e1s v Donbasu je\u0161t\u011b dal\u0161\u00ed \u010ce\u0161i? Co si mysl\u00ed o v\u0161ech t\u011bchto rozsudc\u00edch?<\/strong><\/p>\n<p>Nechci mluvit za ostatn\u00ed, ale v\u0161ichni maj\u00ed stejnou n\u00e1ladu. M\u016fj kamar\u00e1d Old\u0159ich Grund dostal 15 let. Byl prvn\u00edm, kter\u00fd byl odsouzen v nep\u0159\u00edtomnosti.<\/p>\n<p><strong>Zkou\u0161ela V\u00e1s kontaktovat \u010desk\u00e1 m\u00e9dia?<\/strong><\/p>\n<p>Ano, kontaktovala. Naivn\u011b jsem dokonce n\u011bkolik novin\u00e1\u0159\u016f pozval do Donbasu. Sna\u017eil jsem se jim uk\u00e1zat pravdu z na\u0161\u00ed strany. Ale v\u017edy napsali, co pot\u0159ebovali. S \u010desk\u00fdmi m\u00e9dii u\u017e nekomunikuji, proto\u017ee jsou to lh\u00e1\u0159i. \u00damysln\u011b p\u0159ekrucuj\u00ed slova, abychom vypadali jako zlo\u010dinci.<\/p>\n<p><strong>Kolik let jste v Donbasu? Co tam nyn\u00ed d\u011bl\u00e1te?<\/strong><\/p>\n<p>V Donbasu jsem od za\u010d\u00e1tku roku 2015. Slou\u017eil jsem a\u017e do smrti Alexandra Zachar\u010denka (<em>prvn\u00ed prezident DLR, zem\u0159el 31. srpna 2018 v d\u016fsledku v\u00fdbuchu v kav\u00e1rn\u011b v centru Don\u011bcku. \u00da\u0159ady DLR prohl\u00e1sily tuto ud\u00e1lost za teroristick\u00fd \u00fatok &#8211; pozn. red.<\/em>). Nyn\u00ed \u017eiji oby\u010dejn\u00fd \u017eivot, v\u011bnuji se osobn\u00edm z\u00e1le\u017eitostem.<\/p>\n<p><strong>\u010cesk\u00e1 m\u00e9dia p\u00ed\u0161\u00ed, \u017ee jste jel do Donbasu kv\u016fli pen\u011bz\u016fm a u\u017e jste byl v \u010cesk\u00e9 republice trest\u00e1n. M\u016f\u017eete se k tomu vyj\u00e1d\u0159it?<\/strong><\/p>\n<p>To je pravda, byl jsem trest\u00e1n v \u010cesk\u00e9 republice. Ale ka\u017ed\u00fd m\u00e1 svou minulost. Co se t\u00fd\u010de toho, \u017ee jsem jel na Donbas kv\u016fli pen\u011bz\u016fm, jen znovu zopakuji, \u017ee plat zde byl 200 $. \u017dil jsem dlouho na Kypru, kde jsme m\u011bli s kamar\u00e1dem bezpe\u010dnostn\u00ed firmu. Cestovali jsme po sv\u011bt\u011b. Finan\u010dn\u011b jsme se c\u00edtili skv\u011ble.<\/p>\n<p><strong>Douf\u00e1te, \u017ee se je\u0161t\u011b n\u011bkdy vr\u00e1t\u00edte do \u010cesk\u00e9 republiky?<\/strong><\/p>\n<p>V \u010cesku jsem ne\u017eil ani p\u0159ed v\u00e1lkou. \u017dil jsem v Ji\u017en\u00ed Africe, v Dominik\u00e1nsk\u00e9 republice, trvale bydlel na Kypru. Sou\u010dasn\u00e1 \u010cesk\u00e1 republika n\u011bjak od roku 2010 p\u0159estala b\u00fdt pr\u00e1vn\u00edm st\u00e1tem &#8211; n\u011bkdo m\u016f\u017ee v\u0161echno a n\u011bkdo nem\u016f\u017ee nic. Evropsk\u00e1 poh\u00e1dka se bohu\u017eel v \u010cesku nekonala. Nepl\u00e1noval jsem \u017e\u00edt v \u010cesk\u00e9 republice. Nem\u00e1m s touto zem\u00ed spole\u010dnou cestu&#8230;<\/p>\n<p><strong>Alexej Sary\u010dev<\/strong><\/p>\n<p><a href=\"https:\/\/cz.sputniknews.com\/20211022\/nemam-s-ceskou-republikou-spolecnou-cestu-rozhovor-s-ceskym-teroristou-z-dlr-16263942.html\">ZDROJ<\/a><\/p>\n<p>&nbsp;<\/p>\n","protected":false},"excerpt":{"rendered":"<p>B\u011bhem posledn\u00edch \u0161esti m\u011bs\u00edc\u016f bylo v \u010cesku odsouzeno n\u011bkolik \u00fa\u010dastn\u00edk\u016f bojov\u00fdch akc\u00ed v Donbasu na&#8230;<\/p>\n","protected":false},"author":2,"featured_media":5577,"comment_status":"closed","ping_status":"closed","sticky":false,"template":"","format":"standard","meta":[],"categories":[7],"tags":[76,64,520,324,82],"_links":{"self":[{"href":"https:\/\/www.infokuryr.cz\/n\/wp-json\/wp\/v2\/posts\/5576"}],"collection":[{"href":"https:\/\/www.infokuryr.cz\/n\/wp-json\/wp\/v2\/posts"}],"about":[{"href":"https:\/\/www.infokuryr.cz\/n\/wp-json\/wp\/v2\/types\/post"}],"author":[{"embeddable":true,"href":"https:\/\/www.infokuryr.cz\/n\/wp-json\/wp\/v2\/users\/2"}],"replies":[{"embeddable":true,"href":"https:\/\/www.infokuryr.cz\/n\/wp-json\/wp\/v2\/comments?post=5576"}],"version-history":[{"count":0,"href":"https:\/\/www.infokuryr.cz\/n\/wp-json\/wp\/v2\/posts\/5576\/revisions"}],"wp:featuredmedia":[{"embeddable":true,"href":"https:\/\/www.infokuryr.cz\/n\/wp-json\/wp\/v2\/media\/5577"}],"wp:attachment":[{"href":"https:\/\/www.infokuryr.cz\/n\/wp-json\/wp\/v2\/media?parent=5576"}],"wp:term":[{"taxonomy":"category","embeddable":true,"href":"https:\/\/www.infokuryr.cz\/n\/wp-json\/wp\/v2\/categories?post=5576"},{"taxonomy":"post_tag","embeddable":true,"href":"https:\/\/www.infokuryr.cz\/n\/wp-json\/wp\/v2\/tags?post=5576"}],"curies":[{"name":"wp","href":"https:\/\/api.w.org\/{rel}","templated":true}]}}