{"id":55758,"date":"2024-06-15T00:40:27","date_gmt":"2024-06-14T22:40:27","guid":{"rendered":"https:\/\/www.infokuryr.cz\/n\/?p=55758"},"modified":"2024-06-14T15:24:08","modified_gmt":"2024-06-14T13:24:08","slug":"viralni-video-ze-summitu-g7-zde-musi-giorgia-meloni-sebrat-zmateneho-joea-bidena","status":"publish","type":"post","link":"https:\/\/www.infokuryr.cz\/n\/2024\/06\/15\/viralni-video-ze-summitu-g7-zde-musi-giorgia-meloni-sebrat-zmateneho-joea-bidena\/","title":{"rendered":"Vir\u00e1ln\u00ed video ze summitu G7: Zde mus\u00ed Giorgia Meloni sebrat zmaten\u00e9ho Joea Bidena"},"content":{"rendered":"<div id=\"fb-root\"><\/div>\n<p><strong>S americk\u00fdm prezidentem Joem Bidenem se dal\u0161\u00ed ostuda v\u017edy zd\u00e1 nevyhnuteln\u00e1. Na sou\u010dasn\u00e9m summitu G7 v It\u00e1lii doch\u00e1zelo k trapn\u00fdm sc\u00e9n\u00e1m: zat\u00edmco n\u011bkter\u00e9 hlavy st\u00e1t\u016f \u017easly nad letem v\u00fdsadk\u00e1\u0159e, Biden o\u010dividn\u011b ztratil orientaci a zabloudil. Skupina se pak rychle p\u0159esunula Bidenov\u00fdm sm\u011brem, z\u0159ejm\u011b aby zakryla trapn\u00fd okam\u017eik. Nakonec to byla Giorgia Meloni, kdo sebral viditeln\u011b zmaten\u00e9ho prezidenta.<\/strong><\/p>\n<p>Skupina hlav st\u00e1t\u016f skute\u010dn\u011b st\u00e1la spole\u010dn\u011b za v\u00fdsadk\u00e1\u0159em a tleskala mu. P\u011bkn\u00fd sn\u00edmek pro kamery \u2013 kdyby se Joe Biden ned\u00edval \u0161patn\u00fdm sm\u011brem.<\/p>\n<p>Pak se to stalo, jak se to st\u00e1t muselo: pod podr\u00e1\u017ed\u011bn\u00fdm pohledem Ursuly von der Leyenov\u00e9 se nejmocn\u011bj\u0161\u00ed mu\u017e na sv\u011bt\u011b \u0161oural p\u0159\u00edmo z obrazu. Kameraman, kter\u00fd tyto z\u00e1b\u011bry p\u0159inesl sv\u011btu, se odd\u00e1lil, aby o n\u011bj nep\u0159i\u0161el. Von der Leyenov\u00e1 se pod\u00edvala na Bidena, ale zjevn\u011b nev\u011bd\u011bla, jak reagovat. Pak se skupina rychle dala do pohybu: Emmanuel Macron se rychle pohnul a vstoupil do st\u00e1le se zv\u011bt\u0161uj\u00edc\u00ed mezery mezi n\u00edm a prezidentem, aby ji vizu\u00e1ln\u011b uzav\u0159el, Rishi Sunak ho n\u00e1sledoval a Giorgia Meloni sp\u011bchala kolem v\u0161ech k Joe Bidenovi, aby ho podr\u017eela za pa\u017ee a p\u0159esm\u011brujte jej spr\u00e1vn\u00fdm sm\u011brem. S dezorientovan\u00fdm v\u00fdrazem obli\u010deje si pak ve zpomalen\u00e9m z\u00e1b\u011bru zvedl slune\u010dn\u00ed br\u00fdle na o\u010di a s otev\u0159enou pusou se d\u00edval do kamer.<\/p>\n<p><span style=\"font-size: 14pt;\"><strong>VIDEO:<\/strong><\/span><\/p>\n<p><a href=\"https:\/\/x.com\/CollinRugg\/status\/1801300939372118420?ref_src=twsrc%5Etfw%7Ctwcamp%5Etweetembed%7Ctwterm%5E1801300939372118420%7Ctwgr%5E8de6c893943f34325adef7ca614995728d79884e%7Ctwcon%5Es1_&amp;ref_url=https%3A%2F%2Freport24.news%2Fvirales-video-vom-g7-gipfel-hier-muss-giorgia-meloni-den-verwirrten-joe-biden-einsammeln%2F\"><img decoding=\"async\" loading=\"lazy\" class=\"wp-image-55760 aligncenter\" src=\"http:\/\/www.infokuryr.cz\/n\/wp-content\/uploads\/2024\/06\/biden-summit-241x300.jpg\" alt=\"\" width=\"395\" height=\"491\" \/><\/a><\/p>\n<p>Mo\u017en\u00e1 by pomohlo vod\u00edtko?<\/p>\n<p>Dvorn\u00ed m\u00e9dia v americk\u00e9m vazalsk\u00e9m st\u00e1t\u011b N\u011bmecko samoz\u0159ejm\u011b nemohou ignorovat ruch kolem t\u011bchto ostudn\u00fdch nahr\u00e1vek, kter\u00e9 se okam\u017eit\u011b staly vir\u00e1ln\u00edmi na soci\u00e1ln\u00edch s\u00edt\u00edch. Berliner\u00a0<a href=\"https:\/\/www.morgenpost.de\/politik\/article242575096\/Video-von-verwirrtem-Joe-Biden-naehrt-neue-Spekulationen.html\" target=\"_blank\" rel=\"noreferrer noopener\">Morgenpost<\/a> nyn\u00ed tak\u00e9 uv\u00e1d\u00ed , \u017ee Macron vstupuje do situace a zd\u016fraz\u0148uje: \u201eNa sch\u016fzk\u00e1ch hlav st\u00e1t\u016f a vl\u00e1d p\u016fsobil Biden zcela norm\u00e1ln\u011b a zd\u00e1l se b\u00fdt du\u0161evn\u011b fit a p\u0159\u00edtomn\u00fd, jak se tento redak\u010dn\u00ed t\u00fdm nau\u010dil od \u00fa\u010dastn\u00edk\u016f.\u201c p\u0159esn\u011b z t\u011bch Kruh\u016f, kter\u00e9 sp\u011bchaj\u00ed za dezorientovan\u00fdm americk\u00fdm prezidentem a oto\u010d\u00ed ho zp\u011bt ke kame\u0159e, aby loutkov\u00e9 divadlo mohlo pokra\u010dovat. Tak\u017ee \u2026<\/p>\n<p><img decoding=\"async\" loading=\"lazy\" class=\"alignnone size-full wp-image-1185\" src=\"http:\/\/www.infokuryr.cz\/n\/wp-content\/uploads\/2021\/04\/kuryr-podpis.png\" alt=\"\" width=\"84\" height=\"24\" \/><\/p>\n<p>&nbsp;<\/p>\n","protected":false},"excerpt":{"rendered":"<p>S americk\u00fdm prezidentem Joem Bidenem se dal\u0161\u00ed ostuda v\u017edy zd\u00e1 nevyhnuteln\u00e1. Na sou\u010dasn\u00e9m summitu G7&#8230;<\/p>\n","protected":false},"author":2,"featured_media":55759,"comment_status":"closed","ping_status":"closed","sticky":false,"template":"","format":"standard","meta":[],"categories":[7],"tags":[72,323,2203],"_links":{"self":[{"href":"https:\/\/www.infokuryr.cz\/n\/wp-json\/wp\/v2\/posts\/55758"}],"collection":[{"href":"https:\/\/www.infokuryr.cz\/n\/wp-json\/wp\/v2\/posts"}],"about":[{"href":"https:\/\/www.infokuryr.cz\/n\/wp-json\/wp\/v2\/types\/post"}],"author":[{"embeddable":true,"href":"https:\/\/www.infokuryr.cz\/n\/wp-json\/wp\/v2\/users\/2"}],"replies":[{"embeddable":true,"href":"https:\/\/www.infokuryr.cz\/n\/wp-json\/wp\/v2\/comments?post=55758"}],"version-history":[{"count":1,"href":"https:\/\/www.infokuryr.cz\/n\/wp-json\/wp\/v2\/posts\/55758\/revisions"}],"predecessor-version":[{"id":55761,"href":"https:\/\/www.infokuryr.cz\/n\/wp-json\/wp\/v2\/posts\/55758\/revisions\/55761"}],"wp:featuredmedia":[{"embeddable":true,"href":"https:\/\/www.infokuryr.cz\/n\/wp-json\/wp\/v2\/media\/55759"}],"wp:attachment":[{"href":"https:\/\/www.infokuryr.cz\/n\/wp-json\/wp\/v2\/media?parent=55758"}],"wp:term":[{"taxonomy":"category","embeddable":true,"href":"https:\/\/www.infokuryr.cz\/n\/wp-json\/wp\/v2\/categories?post=55758"},{"taxonomy":"post_tag","embeddable":true,"href":"https:\/\/www.infokuryr.cz\/n\/wp-json\/wp\/v2\/tags?post=55758"}],"curies":[{"name":"wp","href":"https:\/\/api.w.org\/{rel}","templated":true}]}}