{"id":55756,"date":"2024-06-15T00:39:12","date_gmt":"2024-06-14T22:39:12","guid":{"rendered":"https:\/\/www.infokuryr.cz\/n\/?p=55756"},"modified":"2024-06-14T15:10:44","modified_gmt":"2024-06-14T13:10:44","slug":"takto-se-podvodnici-obohacuji-z-klimatickeho-silenstvi-nemci-zaplatili-45-miliardy-eur-za-falesne-projekty","status":"publish","type":"post","link":"https:\/\/www.infokuryr.cz\/n\/2024\/06\/15\/takto-se-podvodnici-obohacuji-z-klimatickeho-silenstvi-nemci-zaplatili-45-miliardy-eur-za-falesne-projekty\/","title":{"rendered":"Takto se podvodn\u00edci obohacuj\u00ed z klimatick\u00e9ho \u0161\u00edlenstv\u00ed: N\u011bmci zaplatili 4,5 miliardy eur za fale\u0161n\u00e9 projekty"},"content":{"rendered":"<div id=\"fb-root\"><\/div>\n<p><strong><span>Podvody kolem prodeje odpustk\u016f ve jm\u00e9nu klimatick\u00e9 l\u017ei byly kone\u010dn\u011b odhaleny. Zat\u00edmco jen velmi m\u00e1lo ob\u010dan\u016f by p\u0159edpokl\u00e1dalo, \u017ee \u0161t\u011bd\u0159e financovan\u00e9 \u201eklimatick\u00e9 projekty\u201c v zahrani\u010d\u00ed d\u011blaj\u00ed legitimn\u00ed v\u011bci, feder\u00e1ln\u00ed vl\u00e1da se nyn\u00ed chov\u00e1 p\u0159ekvapen\u011b. Od lo\u0148ska m\u00e1 d\u016fkazy o tom, \u017ee vysok\u00e9 dan\u011b z pohonn\u00fdch hmot zaplatily pouze fale\u0161n\u00e9 projekty. Ot\u00e1zka zn\u00ed: Kolik miliard eur z n\u011bmeck\u00fdch dan\u00ed p\u0159iteklo zlo\u010dinc\u016fm ve jm\u00e9nu klimatu \u2013 a kdo z toho v N\u011bmecku t\u011b\u017e\u00ed?<\/span><\/strong><\/p>\n<p><span>N\u011bmecko pravd\u011bpodobn\u011b utrp\u011blo \u0161kodu nejm\u00e9n\u011b 4,5 miliardy eur kv\u016fli fale\u0161n\u00fdm ekologick\u00fdm projekt\u016fm jen v \u010c\u00edn\u011b: modern\u00ed prodej odpustk\u016f na financov\u00e1n\u00ed \u201ezelen\u00e9ho resetu\u201c ekonomiky je sv\u00e1tkem pro zlo\u010dince. Jako obzvl\u00e1\u0161t\u011b pikantn\u00ed p\u0159\u00edklad \u201e\u00a0<\/span><a href=\"https:\/\/archive.is\/2024.06.11-035424\/https:\/\/www.welt.de\/wirtschaft\/plus251927850\/Energiewende-Der-grosse-CO-Betrug-und-das-Versagen-einer-deutschen-Behoerde.html\" target=\"_blank\" rel=\"noreferrer noopener\"><span>Welt<\/span><\/a><span>\u00a0\u201c uvedl financov\u00e1n\u00ed opu\u0161t\u011bn\u00e9ho kurn\u00edku v \u010d\u00ednsk\u00e9 provincii Ujgur\u016f n\u011bmeck\u00fdmi \u0159idi\u010di za 80 milion\u016f eur. Nejm\u00e9n\u011b 60 dal\u0161\u00edch \u00fadajn\u00fdch klimatick\u00fdch projekt\u016f v \u010c\u00edn\u011b je nep\u0159\u00edpustn\u00fdch nebo jednodu\u0161e fale\u0161n\u00fdch z celkov\u00e9ho po\u010dtu 75 projekt\u016f schv\u00e1len\u00fdch Spolkovou agenturou pro \u017eivotn\u00ed prost\u0159ed\u00ed a n\u011bmeck\u00fdm \u00fa\u0159adem pro obchodov\u00e1n\u00ed s emisemi, pouze jeden je pova\u017eov\u00e1n za nepodez\u0159el\u00fd. \u010c\u00ednsk\u00fd inform\u00e1tor provedl nezbytn\u00fd v\u00fdzkum n\u011bmeck\u00fdmi\u00a0<\/span><a href=\"https:\/\/archive.is\/FCqqn\" target=\"_blank\" rel=\"noreferrer noopener\"><span>bioenergetick\u00fdmi spole\u010dnostmi<\/span><\/a><span> a \u010dasopis ZDF \u201eFrontal\u201c jej pot\u00e9 na m\u00edst\u011b potvrdil.<\/span><\/p>\n<p><span>Jak se to stalo? Toto \u0161\u00edlenstv\u00ed umo\u017enila le\u017e o klimatick\u00e9 apokalypse zp\u016fsoben\u00e9 \u010dist\u011b emisemi CO2: Na z\u00e1klad\u011b toho jsou ropn\u00e9 spole\u010dnosti nuceny zav\u00e1d\u011bt po\u017eadavky na ochranu klimatu, podle kter\u00fdch mus\u00ed sni\u017eovat emise sklen\u00edkov\u00fdch plyn\u016f zp\u016fsoben\u00e9 benz\u00ednem a naftou z rok od roku. Proto\u017ee to samoz\u0159ejm\u011b nefunguje, existuje shov\u00edvavost: korporace mohou financovat opat\u0159en\u00ed na \u00fasporu CO2 p\u0159i t\u011b\u017eb\u011b ropy a plynu v zahrani\u010d\u00ed (tzv. upstream emisn\u00ed redukce \u2013 zkr\u00e1cen\u011b UER).\u00a0<\/span><strong><span>Sponzo\u0159i projektu mohou tak\u00e9 snadno zakoupit certifik\u00e1ty, kter\u00e9 prokazuj\u00ed nov\u00e9 investice do ochrany klimatu v rafin\u00e9ri\u00edch nebo v\u00fdrobn\u00edch za\u0159\u00edzen\u00edch. Korporace to samoz\u0159ejm\u011b neplat\u00ed &#8211; v\u00fddaje se prom\u00edtaj\u00ed do ceny pohonn\u00fdch hmot na \u010derpac\u00ed stanici.<\/span><\/strong><span>\u00a0Jin\u00fdmi slovy: ob\u010dan\u00e9 plat\u00ed. Ale ne za z\u00e1chranu klimatu, kter\u00e9 se stejn\u011b zachr\u00e1nit ned\u00e1, a ne za faktick\u00e9 sni\u017eov\u00e1n\u00ed emis\u00ed CO2, ale pr\u00e1v\u011b za podvody. T\u0159eba v podob\u011b opu\u0161t\u011bn\u00fdch kurn\u00edk\u016f v \u010d\u00ednsk\u00fdch pamp\u00e1ch.<\/span><\/p>\n<h3 id=\"h-betrug-auch-mit-biokraftstoffen\" class=\"wp-block-heading\"><span style=\"font-size: 18pt;\">Podvody tak\u00e9 s \u201ebiopalivy\u201c<\/span><\/h3>\n<p><span>To, \u017ee n\u011bmeck\u00e9 klimatick\u00e9 \u0161\u00edlenstv\u00ed je zejm\u00e9na v \u010c\u00edn\u011b vn\u00edm\u00e1no jako lukrativn\u00ed zdroj p\u0159\u00edjm\u016f, se uk\u00e1zalo loni, kdy\u017e byl odhalen dovoz\u00a0<\/span><a href=\"https:\/\/www.ndr.de\/fernsehen\/sendungen\/panorama3\/meldungen\/Biodiesel-Skandal-bleibt-offenbar-folgenlos,fakebiodiesel104.html\" target=\"_blank\" rel=\"noreferrer noopener\"><span>fale\u0161n\u011b deklarovan\u00e9 bionafty z \u010c\u00edny<\/span><\/a><span>\u00a0. \u00dadajn\u011b \u201ezelen\u00e1\u201c biopaliva zaplavuj\u00ed trh d\u00edky pad\u011blan\u00fdm certifik\u00e1t\u016fm a tla\u010d\u00ed ceny dol\u016f \u2013 k nelibosti evropsk\u00fdch v\u00fdrobc\u016f skute\u010dn\u00fdch biopaliv, kte\u0159\u00ed s t\u011bmito cenami nemohou dr\u017eet krok. Peking p\u0159\u00edhodn\u011b neumo\u017e\u0148uje kontroly na m\u00edst\u011b.\u00a0<\/span><strong><span>Jak u\u017e to tak \u010dasto b\u00fdv\u00e1, EU se stala ter\u010dem posm\u011bchu, vyko\u0159is\u0165ov\u00e1na a vylu\u010dov\u00e1na dle libosti. V zahrani\u010d\u00ed sta\u010d\u00ed tvrdit, \u017ee bylo n\u011bco vyrobeno \u201eklimaticky neutr\u00e1ln\u00edm\u201c zp\u016fsobem, nechat si zfal\u0161ovat certifik\u00e1t a poslat to do EU, abyste za to dostali dob\u0159e zaplaceno.<\/span><\/strong><span> Je samoz\u0159ejm\u00e9, \u017ee za to jde pr\u016fmysl v EU do pekla. V \u017e\u00e1dn\u00e9m p\u0159\u00edpad\u011b nejde o \u017eivotn\u00ed prost\u0159ed\u00ed (kter\u00e9 na rozd\u00edl od klimatu nutn\u011b pot\u0159ebuje ochranu). Jde o p\u0159erozd\u011blov\u00e1n\u00ed a transformaci, kterou si nep\u0159eje \u017e\u00e1dn\u00fd pracovit\u00fd ob\u010dan a kter\u00e1 p\u0159in\u00e1\u0161\u00ed prosp\u011bch jen p\u00e1r lidem \u2013 zejm\u00e9na zlo\u010dinc\u016fm.<\/span><\/p>\n<h3 id=\"h-der-wille-zu-echten-kontrollen-fehlt-warum\" class=\"wp-block-heading\"><span style=\"font-size: 18pt;\">Chyb\u00ed v\u016fle ke skute\u010dn\u00e9 kontrole \u2013 pro\u010d?<\/span><\/h3>\n<p><span>Krom\u011b toho, \u017ee je pot\u0159eba zru\u0161it cel\u00e9 ekosocialistick\u00e9 klimatick\u00e9 \u0161\u00edlenstv\u00ed, je t\u0159eba poznamenat: chyb\u00ed nejen seri\u00f3zn\u00ed kontrola, ale chyb\u00ed k tomu i politick\u00e1 v\u016fle. I v N\u011bmecku je jasn\u00e9, \u017ee nikdo s politickou odpov\u011bdnost\u00ed z\u0159ejm\u011b nem\u00e1 probl\u00e9m s podvodn\u00edky, kte\u0159\u00ed si cpou kapsy a ob\u010dan\u00e9 za to mus\u00ed platit.\u00a0<\/span><strong><span>\u201eOznamovatele z oboru \u00fa\u0159ady smetly; Je\u0161t\u011b p\u0159ed p\u00e1r t\u00fddny byly evidentn\u011b fale\u0161n\u00e9 projekty odm\u00e1vnuty,\u201c \u0159ekla v kv\u011btnu Sandra Rostek, vedouc\u00ed bioenergetick\u00e9ho \u00fa\u0159adu hlavn\u00edho m\u011bsta, ohledn\u011b fale\u0161n\u00fdch projekt\u016f UER.<\/span><\/strong><span>\u00a0\u201eSpolkov\u00e1 agentura pro \u017eivotn\u00ed prost\u0159ed\u00ed a Spolkov\u00e9 ministerstvo \u017eivotn\u00edho prost\u0159ed\u00ed zcela selhaly,\u201c odsuzuje Christian Hirte, zpravodaj pro pr\u00e1vo \u017eivotn\u00edho prost\u0159ed\u00ed v parlamentn\u00ed skupin\u011b Unie.<\/span><\/p>\n<p><span>V\u00a0<\/span><a href=\"https:\/\/www.welt.de\/politik\/deutschland\/video251990186\/Gefaelschte-Klimaprojekte-im-Ausland-In-Summe-rechnet-die-Branche-mit-einem-Schaden-in-Hoehe-von-4-5-Milliarden-Euro.html\" target=\"_blank\" rel=\"noreferrer noopener\"><span>rozhovoru pro \u201eWelt\u201c<\/span><\/a><span>\u00a0se Hirte pokusil ospravedlnit nesmyslnost klimatick\u00fdch projekt\u016f v zahrani\u010d\u00ed, aby zachr\u00e1nili sv\u011btov\u00e9 klima. Zd\u016fraznil ale tak\u00e9, \u017ee Feder\u00e1ln\u00ed agentura pro \u017eivotn\u00ed prost\u0159ed\u00ed veden\u00e1 zelen\u00fdmi m\u00e1 d\u016fkazy o tomto podvodu od lo\u0148sk\u00e9ho roku \u2013 kter\u00e9 se zd\u00e1ly b\u00fdt z\u00e1m\u011brn\u011b ignorov\u00e1ny.\u00a0<\/span><strong><span>Je samoz\u0159ejm\u00e9, \u017ee kriti\u010dt\u00ed a pr\u00e1vem na\u0161tvan\u00ed ob\u010dan\u00e9 si postupn\u011b kladou ot\u00e1zku, kdo na \u00fa\u0159adech a ministerstvech z toho mohl m\u00edt prosp\u011bch.<\/span><\/strong><span> Nyn\u00ed se p\u0159edpokl\u00e1d\u00e1, \u017ee existuje \u201es\u00ed\u0165 podvod\u016f\u201c.<\/span><\/p>\n<p><span>Hirte byl po\u017e\u00e1d\u00e1n \u201eWelt\u201c, \u017ee mus\u00ed b\u00fdt zaji\u0161t\u011bno, co se stane s n\u011bmeck\u00fdmi da\u0148ov\u00fdmi pen\u011bzi. \u0158e\u0161il nedostatek v\u016fle a upozornil, \u017ee kontroly nap\u0159\u00edklad \u010d\u00ednsk\u00fdch l\u00e9k\u016f by ur\u010dit\u011b byly mo\u017en\u00e9.\u00a0<\/span><strong><span>Zjevn\u011b nikdo nekontroluje ve jm\u00e9nu klimatu \u2013 a my to v\u00edme.<\/span><\/strong><\/p>\n<h3 id=\"h-konsequenzen\" class=\"wp-block-heading\"><span style=\"font-size: 18pt;\">N\u00e1sledky?<\/span><\/h3>\n<p><span>Na dotaz \u0159ekl, \u017ee unijn\u00ed frakce chce nyn\u00ed \u0159e\u0161it po\u017eadavky na person\u00e1ln\u00ed d\u016fsledky \u2013 tedy rezignaci ministryn\u011b Steffi Lemke (Zelen\u00ed). \u0160koda 4,5 miliardy eur v dob\u00e1ch, kdy je vol\u00e1n\u00ed po dal\u0161\u00edch pen\u011bz\u00edch do n\u011bmeck\u00e9ho feder\u00e1ln\u00edho rozpo\u010dtu (a zejm\u00e9na Habeckova rozpo\u010dtu na klima) v\u0161udyp\u0159\u00edtomn\u00e9: To nepochybn\u011b nen\u00ed dob\u0159e p\u0159ij\u00edm\u00e1no ani zelen\u011b zbarvenou Uni\u00ed, kter\u00e1 alespo\u0148 douf\u00e1 douf\u00e1, \u017ee brzy p\u0159evezme moc. Nen\u00ed v\u0161ak pochyb o tom, \u017ee klimatick\u00e9 \u0161\u00edlenstv\u00ed bude za CDU vesele pokra\u010dovat \u2013 byla to pr\u00e1v\u011b tato strana, kter\u00e1 ho iniciovala a dala N\u011bmecku \u201eenergetick\u00fd p\u0159echod\u201c.<\/span><\/p>\n<p><span>Hirte alespo\u0148 potvrdil, \u017ee je t\u0159eba prov\u011b\u0159it ve\u0161kerou n\u011bmeckou rozvojovou pomoc.\u00a0<\/span><strong><span>Tady se bav\u00edme jen o \u0161pi\u010dce ledovce.<\/span><\/strong><span>\u00a0Co to znamen\u00e1? \u017de podvody UER, pravd\u011bpodobn\u011b ve v\u00fd\u0161i v\u00edce ne\u017e 4,5 miliardy eur, tvo\u0159\u00ed jen nepatrnou \u010d\u00e1st skute\u010dn\u00e9ho podvodu s klimatickou l\u017e\u00ed? To je t\u0159eba p\u0159edpokl\u00e1dat. Politika EU v oblasti klimatu podporuje podvody s podvody. V\u017edy se dalo o\u010dek\u00e1vat, \u017ee t\u00edm budou trp\u011bt p\u0159edev\u0161\u00edm N\u011bmci jako nejvy\u0161\u0161\u00ed plati\u010di. Zdaleka to nen\u00ed jen n\u011bmeck\u00fd ministr \u017eivotn\u00edho prost\u0159ed\u00ed, kdo by musel rezignovat.<\/span><\/p>\n<p><span style=\"font-size: 10pt;\"><a href=\"https:\/\/report24.news\/so-bereichern-betrueger-sich-am-klimawahn-deutsche-zahlten-45-milliarden-euro-fuer-fake-projekte\/\">ZDROJ<\/a><\/span><\/p>\n<p>&nbsp;<\/p>\n","protected":false},"excerpt":{"rendered":"<p>Podvody kolem prodeje odpustk\u016f ve jm\u00e9nu klimatick\u00e9 l\u017ei byly kone\u010dn\u011b odhaleny. Zat\u00edmco jen velmi m\u00e1lo&#8230;<\/p>\n","protected":false},"author":2,"featured_media":55757,"comment_status":"closed","ping_status":"closed","sticky":false,"template":"","format":"standard","meta":[],"categories":[7],"tags":[7438,873,497],"_links":{"self":[{"href":"https:\/\/www.infokuryr.cz\/n\/wp-json\/wp\/v2\/posts\/55756"}],"collection":[{"href":"https:\/\/www.infokuryr.cz\/n\/wp-json\/wp\/v2\/posts"}],"about":[{"href":"https:\/\/www.infokuryr.cz\/n\/wp-json\/wp\/v2\/types\/post"}],"author":[{"embeddable":true,"href":"https:\/\/www.infokuryr.cz\/n\/wp-json\/wp\/v2\/users\/2"}],"replies":[{"embeddable":true,"href":"https:\/\/www.infokuryr.cz\/n\/wp-json\/wp\/v2\/comments?post=55756"}],"version-history":[{"count":0,"href":"https:\/\/www.infokuryr.cz\/n\/wp-json\/wp\/v2\/posts\/55756\/revisions"}],"wp:featuredmedia":[{"embeddable":true,"href":"https:\/\/www.infokuryr.cz\/n\/wp-json\/wp\/v2\/media\/55757"}],"wp:attachment":[{"href":"https:\/\/www.infokuryr.cz\/n\/wp-json\/wp\/v2\/media?parent=55756"}],"wp:term":[{"taxonomy":"category","embeddable":true,"href":"https:\/\/www.infokuryr.cz\/n\/wp-json\/wp\/v2\/categories?post=55756"},{"taxonomy":"post_tag","embeddable":true,"href":"https:\/\/www.infokuryr.cz\/n\/wp-json\/wp\/v2\/tags?post=55756"}],"curies":[{"name":"wp","href":"https:\/\/api.w.org\/{rel}","templated":true}]}}