{"id":55750,"date":"2024-06-15T00:36:05","date_gmt":"2024-06-14T22:36:05","guid":{"rendered":"https:\/\/www.infokuryr.cz\/n\/?p=55750"},"modified":"2024-06-14T14:57:00","modified_gmt":"2024-06-14T12:57:00","slug":"svet-se-pripravuje-na-treti-svetovou-valku","status":"publish","type":"post","link":"https:\/\/www.infokuryr.cz\/n\/2024\/06\/15\/svet-se-pripravuje-na-treti-svetovou-valku\/","title":{"rendered":"Sv\u011bt se p\u0159ipravuje na t\u0159et\u00ed sv\u011btovou v\u00e1lku"},"content":{"rendered":"<div id=\"fb-root\"><\/div>\n<div class=\"elementor-element elementor-element-1fb4c2c elementor-widget elementor-widget-theme-post-content\" data-id=\"1fb4c2c\" data-element_type=\"widget\" data-widget_type=\"theme-post-content.default\">\n<div class=\"elementor-widget-container\">\n<p><span style=\"font-size: 18pt;\"><strong>Rumunsko, stejn\u011b jako ostatn\u00ed st\u00e1ty v sousedstv\u00ed Ruska, je st\u00e1le v\u00edce p\u0159\u00edmo a st\u00e1le v\u00edce zatahov\u00e1no do v\u00e1lky na Ukrajin\u011b<\/strong><\/span><\/p>\n<p><span>Severoatlantick\u00e1 aliance za\u010dala vypracov\u00e1vat pl\u00e1ny na v\u00e1lku s Ruskem v roce 2023 a tyto snahy s\u00edl\u00ed.<\/span><\/p>\n<p><span>\u201eNATO p\u0159ekro\u010d\u00ed \u201aruskou \u010dervenou linii\u2018, proto\u017ee zva\u017euje vysl\u00e1n\u00ed voj\u00e1k\u016f k v\u00fdcviku ukrajinsk\u00fdch sil,\u201c p\u00ed\u0161e v titulku americk\u00e1 publikace Citizen Watch Report.<\/span><\/p>\n<p><span>Roz\u0161i\u0159uj\u00ed se \u201epozemn\u00ed koridory\u201c, kter\u00e9 NATO z\u0159\u00eddilo pro vysl\u00e1n\u00ed americk\u00fdch voj\u00e1k\u016f na frontu v p\u0159\u00edpad\u011b v\u00e1lky s Ruskem.<\/span><\/p>\n<p><span>Jak uv\u00e1d\u00ed britsk\u00fd list The Telegraph, aliance ozn\u00e1mila, \u017ee vytvo\u0159\u00ed dal\u0161\u00ed \u201epozemn\u00ed koridory\u201c, kter\u00e9 p\u0159ivedou americk\u00e9 jednotky a vojensk\u00e1 vozidla do p\u0159edn\u00edch lini\u00ed mo\u017en\u00e9 budouc\u00ed pozemn\u00ed v\u00e1lky s Ruskem ve v\u00fdchodn\u00ed Evrop\u011b.<\/span><\/p>\n<p><span>Sou\u010dasn\u00e9 pl\u00e1ny NATO po\u017eaduj\u00ed, aby se ameri\u010dt\u00ed voj\u00e1ci vylodili v p\u0159\u00edstavech v Nizozemsku a byli p\u0159epraveni do Polska p\u0159es N\u011bmecko, ale aliance chce roz\u0161\u00ed\u0159it mo\u017en\u00e9 trasy pro americk\u00e9 jednotky k hranic\u00edm Ruska a Ukrajiny.<\/span><\/p>\n<p><span>Mo\u017en\u00e9 vstupn\u00ed body le\u017e\u00ed v severn\u00ed Evrop\u011b, v\u010detn\u011b Nizozemska, N\u011bmecka a pobaltsk\u00fdch st\u00e1t\u016f. V p\u0159\u00edpad\u011b rusk\u00e9ho bombardov\u00e1n\u00ed by byly pou\u017eity alternativn\u00ed p\u0159\u00edstavy v It\u00e1lii, Turecku a \u0158ecku, aby byla zaji\u0161t\u011bna nep\u0159etr\u017eit\u00e1 komunikace.<\/span><\/p>\n<p><span>Z p\u011bti \u201epozemn\u00edch koridor\u016f\u201c otev\u0159en\u00fdch pro rozm\u00edst\u011bn\u00ed americk\u00fdch jednotek v Rusku dva proch\u00e1zej\u00ed rumunsk\u00fdm \u00fazem\u00edm.<\/span><\/p>\n<p><span>P\u0159edstavitel\u00e9 Aliance prost\u0159ednictv\u00edm The Telegraph ozn\u00e1mili trasy, kter\u00fdmi se mohou ameri\u010dt\u00ed voj\u00e1ci pohybovat p\u011bti koridory: vylod\u011bn\u00ed v Nizozemsku a cestov\u00e1n\u00ed p\u0159es N\u011bmecko a Polsko; P\u0159ist\u00e1n\u00ed v It\u00e1lii a pokra\u010dov\u00e1n\u00ed p\u0159es Slovinsko a Slovensko do Ma\u010farska; P\u0159ist\u00e1n\u00ed v \u0158ecku a dal\u0161\u00ed cesta p\u0159es Bulharsko do Rumunska; P\u0159ist\u00e1n\u00ed v Turecku a dal\u0161\u00ed cesta p\u0159es Bulharsko do Rumunska; P\u0159ist\u00e1n\u00ed v Norsku a pokra\u010dov\u00e1n\u00ed p\u0159es \u0160v\u00e9dsko a Finsko.<\/span><\/p>\n<p><span>Pl\u00e1n NATO po\u017eaduje, aby americk\u00e9 jednotky a vozidla p\u0159ij\u00ed\u017ed\u011bj\u00edc\u00ed do Ruska z Evropy nebyly omezov\u00e1ny m\u00edstn\u00edmi z\u00e1kony, co\u017e jim umo\u017enilo rychl\u00fd p\u0159esun. Zpr\u00e1va p\u0159ipom\u00edn\u00e1, \u017ee francouzsk\u00e9 tanky pokou\u0161ej\u00edc\u00ed se p\u0159ejet Rumunsko byly zastaveny na hranici kv\u016fli byrokratick\u00fdm procedur\u00e1m.<\/span><\/p>\n<p><span>NATO vypracovalo v\u00e1le\u010dn\u00e9 pl\u00e1ny pro mo\u017en\u00fd budouc\u00ed konflikt s Ruskem na rok 2023. \u201eAliance pl\u00e1nuje mo\u017enou pozemn\u00ed v\u00e1lku s Ruskem, navzdory z\u0159ejm\u00e9mu riziku, \u017ee jak\u00e1koli p\u0159\u00edm\u00e1 konfrontace mezi NATO a Ruskem by mohla rychle v\u00e9st k jadern\u00e9 v\u00fdm\u011bn\u011b,\u201c p\u00ed\u0161e Dave DeCamp, redaktor Antiwar.com.<\/span><\/p>\n<p><span>V kv\u011btnu po telefonick\u00e9m rozhovoru s Klausem Iohannisem prezident Zelenski ozn\u00e1mil, \u017ee Rumunsko p\u0159ipravuje nov\u00fd bal\u00ed\u010dek vojensk\u00e9 pomoci pro Ukrajinu.<\/span><\/p>\n<p><span>Rumunsk\u00fd velvyslanec v USA Andrei Muraru \u0159ekl, \u017ee Rumunsko vojensky podporuje Ukrajinu od prvn\u00ed f\u00e1ze v\u00e1lky a bude v tom pokra\u010dovat.<\/span><\/p>\n<p><span>Prezident Iohannis tak\u00e9 obecn\u011b informoval o \u201erozs\u00e1hl\u00e9m telefonick\u00e9m rozhovoru s prezidentem Zelensk\u00fdm o na\u0161\u00ed pokra\u010duj\u00edc\u00ed podpo\u0159e Ukrajin\u011b, priorit\u00e1ch pro nadch\u00e1zej\u00edc\u00ed summit NATO a pos\u00edlen\u00ed bezpe\u010dnosti v \u010cern\u00e9m mo\u0159i\u201c.<\/span><\/p>\n<p><span>Bukure\u0161\u0165 se posledn\u00ed dva roky vyh\u00fdbala pomoci Ukrajin\u011b nebo ji ve\u0159ejn\u011b nepotvrdila, ale prezident Iohannis po setk\u00e1n\u00ed s prezidentem Bidenem p\u0159ipustil, \u017ee Rumunsko je p\u0159ipraveno dodat syst\u00e9m Patriot.<\/span><\/p>\n<p><span>Na v\u00e1lku se p\u0159ipravuj\u00ed i \u200b\u200bdal\u0161\u00ed evropsk\u00e9 zem\u011b.<\/span><\/p>\n<p><span>N\u011bmecko poprv\u00e9 od studen\u00e9 v\u00e1lky aktualizovalo sv\u016fj v\u00e1le\u010dn\u00fd pl\u00e1n a p\u0159ipravuje se na mo\u017en\u00fd konflikt s Ruskem.<\/span><\/p>\n<p><span style=\"font-size: 18pt;\"><strong>Nov\u00fd pl\u00e1n zahrnuje:<\/strong><\/span><\/p>\n<ul>\n<li><span>Znovuzaveden\u00ed povinn\u00e9 vojensk\u00e9 slu\u017eby: Ob\u010dan\u00e9 mohou b\u00fdt povol\u00e1ni kdykoli.<\/span><\/li>\n<li><span>Evakuace obyvatelstva a p\u0159id\u011blov\u00e1n\u00ed potravin: Pl\u00e1ny na hromadn\u00e9 evakuace a jedno tepl\u00e9 j\u00eddlo denn\u011b prost\u0159ednictv\u00edm p\u0159\u00edd\u011bl\u016f.<\/span><\/li>\n<li><span>P\u0159ipravuj\u00ed se provizorn\u00ed bunkry a nemocnice: stanice metra jsou vyu\u017e\u00edv\u00e1ny jako bunkry; Nemocnice se p\u0159ipravuj\u00ed na n\u00e1hl\u00fd n\u00e1por pacient\u016f.<\/span><\/li>\n<li><span>Tajn\u011b ulo\u017een\u00e9 nouzov\u00e9 z\u00e1soby potravin: Z\u00e1soby potravin na tajn\u00fdch m\u00edstech pro krizov\u00e9 situace.<\/span><\/li>\n<li><span>Z\u00e1kaz zam\u011bstn\u00e1v\u00e1n\u00ed v kl\u00ed\u010dov\u00fdch odv\u011btv\u00edch: z\u00e1kaz opou\u0161t\u011bn\u00ed pracovn\u00edch m\u00edst souvisej\u00edc\u00edch s obranou; M\u00e9dia mus\u00ed zve\u0159ej\u0148ovat ofici\u00e1ln\u00ed informace.<\/span><\/li>\n<li><span>Transfery vojsk NATO: Usnadn\u011bn\u00ed rychl\u00e9ho p\u0159esunu vojsk NATO N\u011bmeckem na v\u00fdchodn\u00ed frontu.<\/span><\/li>\n<li><span>Civiln\u00ed \u00fakoly pro zdravotnick\u00fd person\u00e1l: L\u00e9ka\u0159i, psychologov\u00e9, zdravotn\u00ed sestry a veter\u00e1ni budou op\u011bt nasazeni ve vojensk\u00e9 i civiln\u00ed slu\u017eb\u011b.<\/span><\/li>\n<li><span>Prioritn\u00ed opravy vojensk\u00e9 techniky: Rychl\u00e1 oprava a \u00fadr\u017eba vojensk\u00e9 techniky; vy\u0161\u0161\u00ed obrann\u00e9 rozpo\u010dtov\u00e9 z\u00e1vazky pro NATO.<\/span><\/li>\n<\/ul>\n<p><span>Ve Francii prezident Macron prohl\u00e1sil, \u017ee Zelensk\u00e9ho vl\u00e1da po\u017e\u00e1dala francouzsk\u00e9 jednotky na ukrajinsk\u00e9 p\u016fd\u011b, aby vycvi\u010dily ukrajinsk\u00e9 ozbrojen\u00e9 s\u00edly tv\u00e1\u0159\u00ed v tv\u00e1\u0159 rostouc\u00edmu nedostatku person\u00e1lu a zna\u010dn\u00e9mu zpo\u017ed\u011bn\u00ed v odpov\u00eddaj\u00edc\u00edm v\u00fdcviku.<\/span><\/p>\n<p><span>&#8222;Kyjev se obr\u00e1til na v\u0161echny spojence &#8211; v ofici\u00e1ln\u00edm dopise &#8211; a \u0159ekl: &#8218;Pot\u0159ebujeme, abyste n\u00e1s tr\u00e9novali rychleji, na na\u0161\u00ed p\u016fd\u011b&#8216;,&#8220; \u0159ekl Macron.<\/span><\/p>\n<p><span>Macron se sice nezav\u00e1zal k vysl\u00e1n\u00ed voj\u00e1k\u016f (proto\u017ee spojenci NATO nebyli schopni dos\u00e1hnout konsensu), ozn\u00e1mil, \u017ee francouzsk\u00e1 arm\u00e1da vybav\u00ed a vycvi\u010d\u00ed brig\u00e1du 4500 ukrajinsk\u00fdch voj\u00e1k\u016f.<\/span><\/p>\n<p><span>Macron tak\u00e9 ozn\u00e1mil dod\u00e1vku st\u00edha\u010dek Mirage 2000.<\/span><\/p>\n<p><span>Pokud jde o rozm\u00edst\u011bn\u00ed z\u00e1padn\u00edch jednotek na Ukrajinu, Macron varoval: \u201ePracujeme s na\u0161imi partnery a budeme jednat na z\u00e1klad\u011b spole\u010dn\u00e9ho rozhodnut\u00ed.<\/span><\/p>\n<p><span>Ale v t\u00e9to f\u00e1zi konfliktu je to beznad\u011bjn\u00e1 snaha a Z\u00e1pad to v\u00ed, i kdy\u017e to \u00fa\u0159edn\u00edci otev\u0159en\u011b nep\u0159izn\u00e1vaj\u00ed. Existuje velk\u00e9 riziko a nev\u00fdhoda. Prezident Putin a vysoc\u00ed p\u0159edstavitel\u00e9 Kremlu opakovan\u011b sl\u00edbili, \u017ee za\u00fato\u010d\u00ed na v\u0161echny ciz\u00ed jednotky na ukrajinsk\u00e9m \u00fazem\u00ed.<\/span><\/p>\n<p><span>Novin\u00e1\u0159 a koment\u00e1tor Andrew Cockburn shrnuje situaci n\u00e1sledovn\u011b: \u201eJak rusk\u00e1 vojska postupuj\u00ed d\u00e1le do Charkovsk\u00e9 oblasti, je st\u00e1le jasn\u011bj\u0161\u00ed, \u017ee v\u00e1lka na Ukrajin\u011b byla katastrofou pro americk\u00fd obrann\u00fd apar\u00e1t, a to nejen proto, \u017ee pomoc neusp\u011bla. zachr\u00e1nit Ukrajinu p\u0159ed \u00fastupem a mo\u017enou por\u00e1\u017ekou. Je\u0161t\u011b d\u016fle\u017eit\u011bj\u0161\u00ed je, \u017ee v\u00e1lka \u201enemilosrdn\u011b odhalila hlubok\u00e9 a z\u00e1sadn\u00ed nedostatky na\u0161eho obrann\u00e9ho syst\u00e9mu\u201c.<\/span><\/p>\n<p><span>Americk\u00fd koment\u00e1tor Hal Turner varuje: \u201eVypad\u00e1 to, \u017ee Macron se nezastav\u00ed, dokud Rusko nezabije Pa\u0159\u00ed\u017e.<\/span><\/p>\n<p><span>Kdyby to nebylo tak uboh\u00e9, bylo by pro Macrona sm\u011b\u0161n\u00e9 n\u011bco takov\u00e9ho ud\u011blat. Jeho arm\u00e1du pr\u00e1v\u011b vyhnali domorodci z Afriky a te\u010f si Macron mysl\u00ed, \u017ee m\u016f\u017ee bojovat s Ruskem? Ten chlap mi p\u0159ijde \u0161\u00edlen\u00fd.<\/span><\/p>\n<p><span style=\"font-size: 18pt;\"><strong>Lidi, z\u00e1padn\u00ed vl\u00e1dy se chystaj\u00ed vyprovokovat t\u0159et\u00ed sv\u011btovou v\u00e1lku. A to z\u00e1m\u011brn\u011b!<\/strong><\/span><\/p>\n<p><span>Nechceme t\u0159et\u00ed sv\u011btovou v\u00e1lku, \u017ee?<\/span><\/p>\n<p><span>&#8222;Zkusme dostat vl\u00e1dn\u00ed \u00fa\u0159edn\u00edky pod na\u0161i kontrolu, ne\u017e bude mnoho z n\u00e1s zabito.&#8220;<\/span><\/p>\n<p><span>Prezident Vladimir Putin v Moskv\u011b \u0159ekl: \u201ePokud n\u011bkdo v\u011b\u0159\u00ed, \u017ee je mo\u017en\u00e9 dodat takov\u00e9 zbran\u011b do v\u00e1le\u010dn\u00e9 z\u00f3ny, aby za\u00fato\u010dily na na\u0161e \u00fazem\u00ed a zp\u016fsobily n\u00e1m probl\u00e9my, tak pro\u010d nem\u00e1me pr\u00e1vo dod\u00e1vat zbran\u011b stejn\u00e9 t\u0159\u00eddy do region\u016f? sv\u011bt, ve kter\u00e9m doch\u00e1z\u00ed k \u00fatok\u016fm na citliv\u00e1 za\u0159\u00edzen\u00ed v t\u011bchto zem\u00edch, to znamen\u00e1, \u017ee reakce m\u016f\u017ee b\u00fdt asymetrick\u00e1.\u201c<\/span><\/p>\n<p><span>A Dmitrij Medved\u011bv, m\u00edstop\u0159edseda Rady bezpe\u010dnosti Ruska a bl\u00edzk\u00fd Putin\u016fv d\u016fv\u011brn\u00edk, dodal, \u017ee Spojen\u00e9 st\u00e1ty a jejich spojenci \u201eby nyn\u00ed m\u011bli \u010delit p\u0159\u00edm\u00e9mu pou\u017eit\u00ed rusk\u00fdch zbran\u00ed t\u0159et\u00edmi stranami\u201c.<\/span><\/p>\n<\/div>\n<\/div>\n<div class=\"elementor-element elementor-element-8c57238 quelle dc-has-condition dc-condition-empty elementor-widget elementor-widget-heading\" data-id=\"8c57238\" data-element_type=\"widget\" data-widget_type=\"heading.default\">\n<div class=\"elementor-widget-container\">\n<h3 class=\"elementor-heading-title elementor-size-default\"><span style=\"font-size: 10pt;\"><a href=\"https:\/\/www.activenews.ro\/opinii\/Lumea-se-pregateste-de-al-Treilea-Razboi-Mondial.-Romania-este-impinsa-treptat-in-conflagratie-189874\" target=\"_blank\" rel=\"nofollow noopener\">ZDROJ<\/a><\/span><\/h3>\n<p>&nbsp;<\/p>\n<\/div>\n<\/div>\n","protected":false},"excerpt":{"rendered":"<p>Rumunsko, stejn\u011b jako ostatn\u00ed st\u00e1ty v sousedstv\u00ed Ruska, je st\u00e1le v\u00edce p\u0159\u00edmo a st\u00e1le v\u00edce&#8230;<\/p>\n","protected":false},"author":2,"featured_media":55751,"comment_status":"closed","ping_status":"closed","sticky":false,"template":"","format":"standard","meta":[],"categories":[7],"tags":[39,716,22,40,365],"_links":{"self":[{"href":"https:\/\/www.infokuryr.cz\/n\/wp-json\/wp\/v2\/posts\/55750"}],"collection":[{"href":"https:\/\/www.infokuryr.cz\/n\/wp-json\/wp\/v2\/posts"}],"about":[{"href":"https:\/\/www.infokuryr.cz\/n\/wp-json\/wp\/v2\/types\/post"}],"author":[{"embeddable":true,"href":"https:\/\/www.infokuryr.cz\/n\/wp-json\/wp\/v2\/users\/2"}],"replies":[{"embeddable":true,"href":"https:\/\/www.infokuryr.cz\/n\/wp-json\/wp\/v2\/comments?post=55750"}],"version-history":[{"count":1,"href":"https:\/\/www.infokuryr.cz\/n\/wp-json\/wp\/v2\/posts\/55750\/revisions"}],"predecessor-version":[{"id":55752,"href":"https:\/\/www.infokuryr.cz\/n\/wp-json\/wp\/v2\/posts\/55750\/revisions\/55752"}],"wp:featuredmedia":[{"embeddable":true,"href":"https:\/\/www.infokuryr.cz\/n\/wp-json\/wp\/v2\/media\/55751"}],"wp:attachment":[{"href":"https:\/\/www.infokuryr.cz\/n\/wp-json\/wp\/v2\/media?parent=55750"}],"wp:term":[{"taxonomy":"category","embeddable":true,"href":"https:\/\/www.infokuryr.cz\/n\/wp-json\/wp\/v2\/categories?post=55750"},{"taxonomy":"post_tag","embeddable":true,"href":"https:\/\/www.infokuryr.cz\/n\/wp-json\/wp\/v2\/tags?post=55750"}],"curies":[{"name":"wp","href":"https:\/\/api.w.org\/{rel}","templated":true}]}}