{"id":55745,"date":"2024-06-15T00:33:32","date_gmt":"2024-06-14T22:33:32","guid":{"rendered":"https:\/\/www.infokuryr.cz\/n\/?p=55745"},"modified":"2024-06-14T14:41:48","modified_gmt":"2024-06-14T12:41:48","slug":"caitlin-johnstoneova-ignorovani-kazdodennich-masakru-v-gaze-ale-stale-blaboleni-o-7-rijnu","status":"publish","type":"post","link":"https:\/\/www.infokuryr.cz\/n\/2024\/06\/15\/caitlin-johnstoneova-ignorovani-kazdodennich-masakru-v-gaze-ale-stale-blaboleni-o-7-rijnu\/","title":{"rendered":"Caitlin Johnstoneov\u00e1: Ignorov\u00e1n\u00ed ka\u017edodenn\u00edch masakr\u016f v Gaze, ale st\u00e1le bl\u00e1bolen\u00ed o 7. \u0159\u00edjnu"},"content":{"rendered":"<div id=\"fb-root\"><\/div>\n<div class=\"elementor-element elementor-element-1fb4c2c elementor-widget elementor-widget-theme-post-content\" data-id=\"1fb4c2c\" data-element_type=\"widget\" data-widget_type=\"theme-post-content.default\">\n<div class=\"elementor-widget-container\">\n<p><span>Ka\u017ed\u00fd zatracen\u00fd den doch\u00e1z\u00ed k nov\u00fdm masakr\u016fm, ale z\u00e1padn\u00ed politici a m\u00e9dia nemohou p\u0159estat \u017evanit o jedin\u00e9m masakru, kter\u00fd se stal p\u0159ed stovkami dn\u00ed.<\/span><\/p>\n<p><span>\u2756<\/span><\/p>\n<p><span>Je zbyte\u010dn\u00e9 tvrdit, \u017ee je nespravedliv\u00e9 povra\u017edit v\u00edce ne\u017e dv\u011b st\u011b Palestinc\u016f, abychom zachr\u00e1nili \u010dty\u0159i izraelsk\u00e1 rukojm\u00ed; Izrael\u0161t\u00ed p\u0159\u00edznivci by byli r\u00e1di, kdyby jich bylo v\u00edce ne\u017e dva miliony. Prost\u011b nevn\u00edmaj\u00ed Palestince jako lidi. Stejn\u011b tak by mohli \u0159\u00edct, \u017ee museli zab\u00edt dv\u011b st\u011b ku\u0159at, aby osvobodili \u010dty\u0159i rukojm\u00ed. Je jim to jedno.<\/span><\/p>\n<p><span>\u2756<\/span><\/p>\n<p><span>Od za\u010d\u00e1tku \u00fatoku na Gazu jsme byli sv\u011bdky toho, \u017ee ameri\u010dt\u00ed p\u0159edstavitel\u00e9 ml\u010d\u00ed o v\u0161ech masakrech a zv\u011brstvech, kter\u00fdch se Izrael dopustil, a opakovan\u011b \u0159\u00edkali tisku: \u201eAno, je n\u00e1m l\u00edto, o tomto jedin\u00e9m incidentu nem\u00e1me \u017e\u00e1dn\u00e9 dal\u0161\u00ed informace, mluv\u00edme s Izraeli, m\u011bl by ses zeptat Izraelc\u016f.&#8220; Ned\u00e1vn\u00e1 zpr\u00e1va New York Times v\u0161ak uvedla, \u017ee ameri\u010dt\u00ed a brit\u0161t\u00ed zpravodaj\u0161t\u00ed \u00fa\u0159edn\u00edci \u201ebyli v Izraeli po celou v\u00e1lku\u201c a spolupracovali s izraelskou rozv\u011bdkou na usnadn\u011bn\u00ed jej\u00edch operac\u00ed tam.<\/span><\/p>\n<p><span>\u2756<\/span><\/p>\n<p><span>Na jedn\u00e9 stran\u011b jsou krajn\u011b pravicov\u00ed fanatici, kte\u0159\u00ed otev\u0159en\u011b \u0159\u00edkaj\u00ed, \u017ee Palestinci by m\u011bli b\u00fdt vyhlazeni jako hav\u011b\u0165, a na druh\u00e9 stran\u011b jsou liber\u00e1lov\u00e9, kte\u0159\u00ed podporuj\u00ed v podstat\u011b stejn\u00e1 opat\u0159en\u00ed jako pravi\u010d\u00e1ci, ale tvrd\u00ed, \u017ee jim z\u00e1le\u017e\u00ed na lidsk\u00fdch pr\u00e1vech. Gaza.<\/span><\/p>\n<p><span>A je opravdu t\u011b\u017ek\u00e9 \u0159\u00edct, co je hnusn\u011bj\u0161\u00ed. Chci \u0159\u00edct, alespo\u0148 ti napravo jsou up\u0159\u00edmn\u00ed v tom, kdo jsou a co d\u011blaj\u00ed.<\/span><\/p>\n<p><span>\u2756<\/span><\/p>\n<p><span>Je to skute\u010dn\u011b tak, \u017ee jak\u00e1koli kritika Izraele je ozna\u010dena za antisemitismus. Je to tak jednoduch\u00e9, liber\u00e1ln\u00ed sionist\u00e9 to pop\u00edraj\u00ed a budou trvat na tom, \u017ee je mo\u017en\u00e9 kritizovat Izrael, ani\u017e by byli antisemit\u0161t\u00ed, ale pokud je po\u017e\u00e1d\u00e1te, aby jmenovali prominentn\u00ed osobnost, kter\u00e1 energicky a neust\u00e1le podporuje vra\u017edu a tyranii Izraele, kritizujte izraelsk\u00fd re\u017eim. ani\u017e by byli antisemit\u00e9, nebudou to schopni. Kdy\u017e je p\u0159i kritice Izraele po\u017e\u00e1d\u00e1te o seznam v\u011bc\u00ed, kter\u00e9 jsou antisemitsk\u00e9, bude tento seznam v\u017edy obsahovat v\u011bci, kter\u00e9 nemaj\u00ed s nen\u00e1vist\u00ed k \u017did\u016fm v\u016fbec nic spole\u010dn\u00e9ho.<\/span><\/p>\n<p><span>Pozice liber\u00e1ln\u00edch sionist\u016f je tedy: \u201eSamoz\u0159ejm\u011b nen\u00ed antisemitsk\u00e9 samo o sob\u011b kritizovat Izrael, jen si mus\u00edte d\u00e1vat pozor, abyste nekritizovali Izrael, proto\u017ee ten je antisemitsk\u00fd. Mus\u00ed vytv\u00e1\u0159et tyto bizarn\u00ed, protich\u016fdn\u00e9 zkroucen\u00ed, proto\u017ee ch\u00e1pou, \u017ee k obhajob\u011b sv\u00e9 ideologie pot\u0159ebuj\u00ed pomluvy antisemitismu, proto\u017ee jejich ideologii nelze br\u00e1nit fakty a logikou, ale z\u00e1rove\u0148 ch\u00e1pou, \u017ee je to jejich ideologie, kter\u00e1 by zdiskreditovala pokud to odhalili t\u00edm, \u017ee p\u0159ipustili, \u017ee kritiku Izraele v\u017edy vykresluj\u00ed jako neodmysliteln\u011b antisemitskou.<\/span><\/p>\n<p><span>Tak\u017ee se chovaj\u00ed, jako by existovala dokonal\u00e1 rovnice Zlatovl\u00e1sky pro kritiku Izraele, kter\u00e1 je dost siln\u00e1 na to, aby byla kritick\u00e1, ale nen\u00ed dost siln\u00e1 na to, aby byla antisemitsk\u00e1, a chovaj\u00ed se tak. Skute\u010dn\u00fdm probl\u00e9mem je, \u017ee p\u0159\u00edli\u0161 mnoho lid\u00ed nedok\u00e1\u017ee spr\u00e1vn\u011b chodit po tomto lan\u011b, sp\u00ed\u0161e ne\u017e jak\u00e1koli kritika toho, \u017ee sionistick\u00fd projekt je ozna\u010den za krut\u00fd zlo\u010din z nen\u00e1visti, a\u0165 se d\u011bje cokoliv.<\/span><\/p>\n<p><span>\u2756<\/span><\/p>\n<p><span>Pracuji na sc\u00e9n\u00e1\u0159i Star Wars o lidech, kte\u0159\u00ed \u017eij\u00ed pod Galaktick\u00fdm imp\u00e9riem a \u0161\u0165astn\u011b sleduj\u00ed filmy o fiktivn\u00edch hrdinech por\u00e1\u017eej\u00edc\u00edch fiktivn\u00ed \u0159\u00ed\u0161e zla, p\u0159i\u010dem\u017e pln\u011b d\u016fv\u011b\u0159uj\u00ed propagand\u011b sv\u00e9 vlastn\u00ed vl\u00e1dy a podporuj\u00ed v\u0161echny jejich v\u00e1lky.<\/span><\/p>\n<p><span>\u2756<\/span><\/p>\n<p><span>Ka\u017ed\u00e9 n\u00e1bo\u017eenstv\u00ed na sv\u011bt\u011b mus\u00ed m\u00edt svou vlastn\u00ed zemi, kde m\u00e1 pr\u00e1vo vytla\u010dit, okr\u00e1dat, utla\u010dovat a vyhubit lidi, kte\u0159\u00ed tam ji\u017e \u017eij\u00ed. Kdo s t\u00edm nesouhlas\u00ed, je v podstat\u011b nacista.<\/span><\/p>\n<p><span>\u2756<\/span><\/p>\n<p><span>N\u00e1rod, kter\u00fd se hrout\u00ed bez extr\u00e9mn\u00edho a neust\u00e1l\u00e9ho vojensk\u00e9ho n\u00e1sil\u00ed, policejn\u00ed brutality, propagandy, lobbingu a online informa\u010dn\u00edch slu\u017eeb, je jako \u010dlov\u011bk, kter\u00fd zem\u0159e, kdy\u017e se ho p\u0159estanete sna\u017eit o\u017eivit. Jednou si mus\u00edte uv\u011bdomit, \u017ee do mrtv\u00e9ho t\u011bla jen vh\u00e1n\u00edte vzduch.<\/span><\/p>\n<p><span>\u2756<\/span><\/p>\n<p><span>\u010c\u00edm v\u00edce se \u010dlov\u011bk ideologicky zaj\u00edm\u00e1 o pop\u00edr\u00e1n\u00ed zjevn\u00e9ho faktu, \u017ee probl\u00e9my sv\u011bta jsou zp\u016fsobeny kapitalismem a budov\u00e1n\u00edm z\u00e1padn\u00edch imp\u00e9ri\u00ed, t\u00edm v\u00edce v\u011b\u0159\u00ed, \u017ee probl\u00e9my sv\u011bta zp\u016fsobuj\u00ed \u017did\u00e9, muslimov\u00e9, imigranti, tajn\u00e9 satansk\u00e9 kabaly nebo sekularismus.<\/span><\/p>\n<p><span>\u2756<\/span><\/p>\n<p><span>Nikdo ve skute\u010dnosti nepodporuje Izrael, pouze podporuje sv\u00e9 vlastn\u00ed hloup\u00e9 politick\u00e9 skupiny, sv\u00e9 vlastn\u00ed hloup\u00e9 n\u00e1bo\u017eensk\u00e9 p\u0159esv\u011bd\u010den\u00ed a sv\u00e9 vlastn\u00ed neust\u00e1l\u00e9 p\u0159\u00edsp\u011bvky izraelsk\u00e9 lobby. V\u0161echno o Izraeli je fale\u0161n\u00e9, a\u017e po jeho s\u00ed\u0165 ve\u0159ejn\u00e9 \u201epodpory\u201c.<\/span><\/p>\n<p><span>\u2756<\/span><\/p>\n<p><span>Ka\u017ed\u00fd, kdo je proti genocid\u011b, nen\u00e1vid\u00ed \u017didy. Ka\u017ed\u00fd, kdo je proti jadern\u00e9mu \u017eh\u00e1\u0159stv\u00ed, miluje Vladimira Putina. Mainstreamov\u00fd politick\u00fd diskurs je tak ovl\u00e1d\u00e1n imperi\u00e1ln\u00ed v\u00e1le\u010dnou ma\u0161in\u00e9ri\u00ed, \u017ee i ty nejz\u00e1kladn\u011bj\u0161\u00ed a nejsamoz\u0159ejm\u011bj\u0161\u00ed mor\u00e1ln\u00ed postoje jsou vykreslov\u00e1ny jako nemor\u00e1ln\u00ed a pobu\u0159uj\u00edc\u00ed.<\/span><\/p>\n<\/div>\n<\/div>\n<div class=\"elementor-element elementor-element-8c57238 quelle dc-has-condition dc-condition-empty elementor-widget elementor-widget-heading\" data-id=\"8c57238\" data-element_type=\"widget\" data-widget_type=\"heading.default\">\n<div class=\"elementor-widget-container\">\n<h3 class=\"elementor-heading-title elementor-size-default\"><span style=\"font-size: 10pt;\"><a href=\"https:\/\/caitlinjohnstone.com.au\/2024\/06\/11\/ignoring-daily-massacres-in-gaza-while-still-babbling-about-october-7\/\" target=\"_blank\" rel=\"nofollow noopener\">ZDROJ<\/a><\/span><\/h3>\n<p>&nbsp;<\/p>\n<\/div>\n<\/div>\n","protected":false},"excerpt":{"rendered":"<p>Ka\u017ed\u00fd zatracen\u00fd den doch\u00e1z\u00ed k nov\u00fdm masakr\u016fm, ale z\u00e1padn\u00ed politici a m\u00e9dia nemohou p\u0159estat \u017evanit&#8230;<\/p>\n","protected":false},"author":2,"featured_media":41547,"comment_status":"closed","ping_status":"closed","sticky":false,"template":"","format":"standard","meta":[],"categories":[7],"tags":[348,178,107,1503],"_links":{"self":[{"href":"https:\/\/www.infokuryr.cz\/n\/wp-json\/wp\/v2\/posts\/55745"}],"collection":[{"href":"https:\/\/www.infokuryr.cz\/n\/wp-json\/wp\/v2\/posts"}],"about":[{"href":"https:\/\/www.infokuryr.cz\/n\/wp-json\/wp\/v2\/types\/post"}],"author":[{"embeddable":true,"href":"https:\/\/www.infokuryr.cz\/n\/wp-json\/wp\/v2\/users\/2"}],"replies":[{"embeddable":true,"href":"https:\/\/www.infokuryr.cz\/n\/wp-json\/wp\/v2\/comments?post=55745"}],"version-history":[{"count":0,"href":"https:\/\/www.infokuryr.cz\/n\/wp-json\/wp\/v2\/posts\/55745\/revisions"}],"wp:featuredmedia":[{"embeddable":true,"href":"https:\/\/www.infokuryr.cz\/n\/wp-json\/wp\/v2\/media\/41547"}],"wp:attachment":[{"href":"https:\/\/www.infokuryr.cz\/n\/wp-json\/wp\/v2\/media?parent=55745"}],"wp:term":[{"taxonomy":"category","embeddable":true,"href":"https:\/\/www.infokuryr.cz\/n\/wp-json\/wp\/v2\/categories?post=55745"},{"taxonomy":"post_tag","embeddable":true,"href":"https:\/\/www.infokuryr.cz\/n\/wp-json\/wp\/v2\/tags?post=55745"}],"curies":[{"name":"wp","href":"https:\/\/api.w.org\/{rel}","templated":true}]}}