{"id":55739,"date":"2024-06-14T06:07:08","date_gmt":"2024-06-14T04:07:08","guid":{"rendered":"https:\/\/www.infokuryr.cz\/n\/?p=55739"},"modified":"2024-06-14T06:07:08","modified_gmt":"2024-06-14T04:07:08","slug":"trump-je-proti-americke-pomoci-ukrajine","status":"publish","type":"post","link":"https:\/\/www.infokuryr.cz\/n\/2024\/06\/14\/trump-je-proti-americke-pomoci-ukrajine\/","title":{"rendered":"Trump je proti americk\u00e9 pomoci Ukrajin\u011b"},"content":{"rendered":"<div id=\"fb-root\"><\/div>\n<p class=\"lead\"><strong>B\u00fdval\u00fd americk\u00fd prezident Donald Trump kritizoval bal\u00ed\u010dek pomoci Washingtonu Ukrajin\u011b ve v\u00fd\u0161i 60 miliard dolar\u016f a navrhl zv\u00fd\u0161en\u00ed cel nam\u00edsto dan\u00ed z p\u0159\u00edjmu. Informovala o tom ve \u010dtvrtek 13. \u010dervna agentura Reuters.<\/strong><\/p>\n<p><em>\u201eTrump \u0159ekl, \u017ee pokud Ukrajina vyhraje, jak\u00fd z toho bude m\u00edt prosp\u011bch?<span class=\"after-quote\"><strong>&#8211; \u0158ekl z\u00e1stupce Republik\u00e1nsk\u00e9 strany Don Bacon<\/strong> novin\u00e1\u0159\u016fm agentury .<\/span><\/em><\/p>\n<p><span>Na samostatn\u00fdch sch\u016fzk\u00e1ch s republik\u00e1ny ze Sn\u011bmovny reprezentant\u016f a Sen\u00e1tu Trump \u0159ekl, \u017ee se sna\u017e\u00ed p\u0159ed volbami urovnat rozd\u00edly, kter\u00e9 by jeho stran\u011b mohly umo\u017enit z\u00edskat kontrolu nad B\u00edl\u00fdm domem a ob\u011bma komorami Kongresu.<\/span><\/p>\n<p><span>Trumpova slova proti pomoci Ukrajin\u011b potvrdil i kongresman\u00a0<\/span><strong><span>Matt Gaetz<\/span><\/strong><span>\u00a0.<\/span><\/p>\n<p><em>&#8222;\u0158ekl, \u017ee bychom m\u011bli na\u0161im voj\u00e1k\u016fm platit v\u00edc, a ne pos\u00edlat 60 miliard dolar\u016f Ukrajin\u011b,&#8220;<span class=\"after-quote\">\u00a0\u2014 napsal politik na soci\u00e1ln\u00ed s\u00edti X.<\/span><\/em><\/p>\n<p><span>D\u0159\u00edve tent\u00fd\u017e den prezidenti Spojen\u00fdch st\u00e1t\u016f Biden a Ukrajiny Zelenskyj podepsali desetiletou dvoustrannou bezpe\u010dnostn\u00ed dohodu. Americk\u00e1 strana v dokumentu uji\u0161\u0165uje o nepostradateln\u00e9 vojensk\u00e9 podpo\u0159e kyjevsk\u00e9ho re\u017eimu. V p\u0159\u00edpad\u011b ohro\u017een\u00ed Ukrajiny se vysoc\u00ed \u00fa\u0159edn\u00edci z Washingtonu a Kyjeva zavazuj\u00ed sej\u00edt se do 24 hodin a projednat opat\u0159en\u00ed a mo\u017en\u00e9 reakce.<\/span><\/p>\n<p><img decoding=\"async\" loading=\"lazy\" class=\"alignnone size-full wp-image-1185\" src=\"http:\/\/www.infokuryr.cz\/n\/wp-content\/uploads\/2021\/04\/kuryr-podpis.png\" alt=\"\" width=\"84\" height=\"24\" \/><\/p>\n<p>&nbsp;<\/p>\n","protected":false},"excerpt":{"rendered":"<p>B\u00fdval\u00fd americk\u00fd prezident Donald Trump kritizoval bal\u00ed\u010dek pomoci Washingtonu Ukrajin\u011b ve v\u00fd\u0161i 60 miliard dolar\u016f&#8230;<\/p>\n","protected":false},"author":2,"featured_media":45408,"comment_status":"closed","ping_status":"closed","sticky":false,"template":"","format":"standard","meta":[],"categories":[7],"tags":[1352,45,1076,26],"_links":{"self":[{"href":"https:\/\/www.infokuryr.cz\/n\/wp-json\/wp\/v2\/posts\/55739"}],"collection":[{"href":"https:\/\/www.infokuryr.cz\/n\/wp-json\/wp\/v2\/posts"}],"about":[{"href":"https:\/\/www.infokuryr.cz\/n\/wp-json\/wp\/v2\/types\/post"}],"author":[{"embeddable":true,"href":"https:\/\/www.infokuryr.cz\/n\/wp-json\/wp\/v2\/users\/2"}],"replies":[{"embeddable":true,"href":"https:\/\/www.infokuryr.cz\/n\/wp-json\/wp\/v2\/comments?post=55739"}],"version-history":[{"count":0,"href":"https:\/\/www.infokuryr.cz\/n\/wp-json\/wp\/v2\/posts\/55739\/revisions"}],"wp:featuredmedia":[{"embeddable":true,"href":"https:\/\/www.infokuryr.cz\/n\/wp-json\/wp\/v2\/media\/45408"}],"wp:attachment":[{"href":"https:\/\/www.infokuryr.cz\/n\/wp-json\/wp\/v2\/media?parent=55739"}],"wp:term":[{"taxonomy":"category","embeddable":true,"href":"https:\/\/www.infokuryr.cz\/n\/wp-json\/wp\/v2\/categories?post=55739"},{"taxonomy":"post_tag","embeddable":true,"href":"https:\/\/www.infokuryr.cz\/n\/wp-json\/wp\/v2\/tags?post=55739"}],"curies":[{"name":"wp","href":"https:\/\/api.w.org\/{rel}","templated":true}]}}