{"id":55732,"date":"2024-06-14T05:32:10","date_gmt":"2024-06-14T03:32:10","guid":{"rendered":"https:\/\/www.infokuryr.cz\/n\/?p=55732"},"modified":"2024-06-14T05:32:10","modified_gmt":"2024-06-14T03:32:10","slug":"pote-co-fregata-admiral-gorskov-vstoupil-do-havanskeho-pristavu-spojene-staty-vyslaly-svou-ponorku-na-kubu","status":"publish","type":"post","link":"https:\/\/www.infokuryr.cz\/n\/2024\/06\/14\/pote-co-fregata-admiral-gorskov-vstoupil-do-havanskeho-pristavu-spojene-staty-vyslaly-svou-ponorku-na-kubu\/","title":{"rendered":"Pot\u00e9, co fregata admir\u00e1l Gor\u0161kov vstoupil do havansk\u00e9ho p\u0159\u00edstavu, Spojen\u00e9 st\u00e1ty vyslaly svou ponorku na Kubu"},"content":{"rendered":"<div id=\"fb-root\"><\/div>\n<p class=\"lead\"><strong>Pot\u00e9, co rusk\u00e1 flotila dorazila do Havany, p\u0159iplula ke b\u0159eh\u016fm Kuby jadern\u00e1 ponorka americk\u00e9ho n\u00e1mo\u0159nictva USS Helena. Informovala o tom agentura AP s odvol\u00e1n\u00edm na americk\u00e9 ji\u017en\u00ed velen\u00ed.<\/strong><\/p>\n<p><span>Americk\u00e9 ji\u017en\u00ed velen\u00ed uvedlo, \u017ee rychl\u00e1 jadern\u00e1 ponorka USS Helena vstoupila do vod pobl\u00ed\u017e americk\u00e9 z\u00e1kladny Guant\u00e1namo na Kub\u011b ve \u010dtvrtek, jen den pot\u00e9, co rusk\u00e1 fregata Admir\u00e1l Gor\u0161kov a jadern\u00e1 ponorka Kaza\u0148 vpluly po cvi\u010den\u00edch v Atlantsk\u00e9m oce\u00e1nu do Havansk\u00e9ho z\u00e1livu.<\/span><\/p>\n<p><span>Zast\u00e1vka je sou\u010d\u00e1st\u00ed \u201erutinn\u00ed n\u00e1v\u0161t\u011bvy p\u0159\u00edstavu\u201c, kdy\u017e americk\u00e1 ponorka proplouv\u00e1 oblast\u00ed Ji\u017en\u00edho velitelstv\u00ed, uvedlo velen\u00ed v p\u0159\u00edsp\u011bvku na soci\u00e1ln\u00edch s\u00edt\u00edch.<\/span><\/p>\n<p><span>Poznamen\u00e1v\u00e1 se, \u017ee dal\u0161\u00ed lod\u011b americk\u00e9ho n\u00e1mo\u0159nictva sleduj\u00ed pr\u016fb\u011bh rusk\u00fdch cvi\u010den\u00ed, kter\u00e1 podle z\u00e1stupc\u016f Pentagonu nep\u0159edstavuj\u00ed pro USA hrozbu.<\/span><\/p>\n<p><span>\u201eNen\u00ed nic p\u0159ekvapiv\u00e9ho. U\u017e jsme je vid\u011bli p\u0159ich\u00e1zet do p\u0159\u00edstav\u016f. Samoz\u0159ejm\u011b to bereme v\u00e1\u017en\u011b, ale tato cvi\u010den\u00ed nep\u0159edstavuj\u00ed hrozbu pro Spojen\u00e9 st\u00e1ty,\u201c odpov\u011bd\u011bla v\u010dera mluv\u010d\u00ed Pentagonu\u00a0<\/span><strong><span>Sabrina Singhov\u00e1<\/span><\/strong><span>\u00a0na dotaz ohledn\u011b rusk\u00fdch cvi\u010den\u00ed.<\/span><\/p>\n<p><img decoding=\"async\" loading=\"lazy\" class=\"alignnone size-full wp-image-1185\" src=\"http:\/\/www.infokuryr.cz\/n\/wp-content\/uploads\/2021\/04\/kuryr-podpis.png\" alt=\"\" width=\"84\" height=\"24\" \/><\/p>\n<p>&nbsp;<\/p>\n<p>&nbsp;<\/p>\n","protected":false},"excerpt":{"rendered":"<p>Pot\u00e9, co rusk\u00e1 flotila dorazila do Havany, p\u0159iplula ke b\u0159eh\u016fm Kuby jadern\u00e1 ponorka americk\u00e9ho n\u00e1mo\u0159nictva&#8230;<\/p>\n","protected":false},"author":2,"featured_media":55733,"comment_status":"closed","ping_status":"closed","sticky":false,"template":"","format":"standard","meta":[],"categories":[7],"tags":[5917,135,1409,22,37],"_links":{"self":[{"href":"https:\/\/www.infokuryr.cz\/n\/wp-json\/wp\/v2\/posts\/55732"}],"collection":[{"href":"https:\/\/www.infokuryr.cz\/n\/wp-json\/wp\/v2\/posts"}],"about":[{"href":"https:\/\/www.infokuryr.cz\/n\/wp-json\/wp\/v2\/types\/post"}],"author":[{"embeddable":true,"href":"https:\/\/www.infokuryr.cz\/n\/wp-json\/wp\/v2\/users\/2"}],"replies":[{"embeddable":true,"href":"https:\/\/www.infokuryr.cz\/n\/wp-json\/wp\/v2\/comments?post=55732"}],"version-history":[{"count":0,"href":"https:\/\/www.infokuryr.cz\/n\/wp-json\/wp\/v2\/posts\/55732\/revisions"}],"wp:featuredmedia":[{"embeddable":true,"href":"https:\/\/www.infokuryr.cz\/n\/wp-json\/wp\/v2\/media\/55733"}],"wp:attachment":[{"href":"https:\/\/www.infokuryr.cz\/n\/wp-json\/wp\/v2\/media?parent=55732"}],"wp:term":[{"taxonomy":"category","embeddable":true,"href":"https:\/\/www.infokuryr.cz\/n\/wp-json\/wp\/v2\/categories?post=55732"},{"taxonomy":"post_tag","embeddable":true,"href":"https:\/\/www.infokuryr.cz\/n\/wp-json\/wp\/v2\/tags?post=55732"}],"curies":[{"name":"wp","href":"https:\/\/api.w.org\/{rel}","templated":true}]}}