{"id":55730,"date":"2024-06-14T04:27:36","date_gmt":"2024-06-14T02:27:36","guid":{"rendered":"https:\/\/www.infokuryr.cz\/n\/?p=55730"},"modified":"2024-06-14T04:27:36","modified_gmt":"2024-06-14T02:27:36","slug":"rusky-reporter-zemrel-na-nasledky-ukrajinskeho-utoku-na-civilisty","status":"publish","type":"post","link":"https:\/\/www.infokuryr.cz\/n\/2024\/06\/14\/rusky-reporter-zemrel-na-nasledky-ukrajinskeho-utoku-na-civilisty\/","title":{"rendered":"Rusk\u00fd report\u00e9r zem\u0159el na n\u00e1sledky ukrajinsk\u00e9ho \u00fatoku na civilisty"},"content":{"rendered":"<div id=\"fb-root\"><\/div>\n<p><span style=\"font-size: 18pt;\"><strong>Oper\u00e1tor kamery NTV Valerij Ko\u017ein byl smrteln\u011b zran\u011bn p\u0159i ost\u0159elov\u00e1n\u00ed rusk\u00e9ho m\u011bsta Gorlovka<\/strong><\/span><\/p>\n<p><span>Jeden z \u010dlen\u016f pos\u00e1dky NTV zran\u011bn\u00fd p\u0159i ukrajinsk\u00e9m \u00fatoku na Gorlovku v Don\u011bck\u00e9 lidov\u00e9 republice na n\u00e1sledky zran\u011bn\u00ed zem\u0159el.<\/span><\/p>\n<p><span>Fotograf Valery Kozhin ve \u010dtvrtek pracoval s novin\u00e1\u0159em Aleksey Ivlievem, kdy\u017e na nich vybuchla minometn\u00e1 mina. Rusk\u00fd vojensk\u00fd d\u016fstojn\u00edk doprov\u00e1zej\u00edc\u00ed pos\u00e1dku byl tak\u00e9 zran\u011bn.<\/span><\/p>\n<p><span>Ko\u017ein sv\u00fdm zran\u011bn\u00edm ve \u010dtvrtek ve\u010der podlehl, ozn\u00e1mil v Telegramu starosta Gorlovky Ivan Prikhodko.<\/span><\/p>\n<p><em><span>&#8222;L\u00e9ka\u0159i se ho n\u011bkolik hodin sna\u017eili zachr\u00e1nit, ale Valeryho zran\u011bn\u00ed byla p\u0159\u00edli\u0161 v\u00e1\u017en\u00e1,&#8220;<\/span><\/em><span>\u00a0uvedla NTV v prohl\u00e1\u0161en\u00ed.<\/span><\/p>\n<p><span>Kozhinovi bylo 46. V NTV za\u010dal pracovat v roce 2006, nejprve jako zvuka\u0159 a technik, pot\u00e9 jako televizn\u00ed fotograf. Opakovan\u011b p\u016fsobil ve v\u00e1le\u010dn\u00fdch z\u00f3n\u00e1ch v S\u00fdrii, Don\u011bcku a Lugansku.<\/span><\/p>\n<p><span>Ivliev p\u0159e\u017eil operaci a je \u00fadajn\u011b ve stabilizovan\u00e9m stavu, uvedla NTV.<\/span><\/p>\n<p><span>Podle \u0161\u00e9fa DPR Denise Pu\u0161ilina se pos\u00e1dka dostala pod ukrajinsk\u00fd \u00fatok ve vesnici Golmovskij nedaleko Gorlovky. Ivliev i Kozhin byli zasa\u017eeni \u0161rapnely z exploduj\u00edc\u00ed minometn\u00e9 miny. Podle n\u011bkter\u00fdch zpr\u00e1v byl projektil shozen z ukrajinsk\u00e9ho dronu.<\/span><\/p>\n<p><span>Gorlovka se nach\u00e1z\u00ed zhruba 30 kilometr\u016f severn\u011b od Don\u011bcka, hlavn\u00edho m\u011bsta rusk\u00e9ho feder\u00e1ln\u00edho subjektu. M\u011bsto nen\u00ed pod kontrolou Kyjeva od roku 2014, kdy se dva regiony v\u00fdchodn\u00ed Ukrajiny postavily proti vl\u00e1d\u011b, kter\u00e1 p\u0159evzala moc po p\u0159evratu podporovan\u00e9m Z\u00e1padem. Nov\u00e9 \u00fa\u0159ady zem\u011b se pokusily rozdrtit povst\u00e1n\u00ed vojenskou silou a nepoda\u0159ilo se jim to.<\/span><\/p>\n<p><span>Rusko za\u010dlenilo Don\u011bckou lidovou republiku jako nov\u00fd feder\u00e1ln\u00ed subjekt spolu s dal\u0161\u00edmi t\u0159emi b\u00fdval\u00fdmi ukrajinsk\u00fdmi regiony po referendu v z\u00e1\u0159\u00ed 2022. Moskva jako kl\u00ed\u010dov\u00e9 d\u016fvody eskalace uvedla odm\u00edtnut\u00ed Kyjeva usm\u00ed\u0159it se separatisty a pokra\u010duj\u00edc\u00ed \u00fatoky proti Don\u011bcku a dal\u0161\u00edm komunit\u00e1m konfliktu.<\/span><\/p>\n<p><img decoding=\"async\" loading=\"lazy\" class=\"alignnone size-full wp-image-1185\" src=\"http:\/\/www.infokuryr.cz\/n\/wp-content\/uploads\/2021\/04\/kuryr-podpis.png\" alt=\"\" width=\"84\" height=\"24\" \/><\/p>\n<p>&nbsp;<\/p>\n","protected":false},"excerpt":{"rendered":"<p>Oper\u00e1tor kamery NTV Valerij Ko\u017ein byl smrteln\u011b zran\u011bn p\u0159i ost\u0159elov\u00e1n\u00ed rusk\u00e9ho m\u011bsta Gorlovka Jeden z&#8230;<\/p>\n","protected":false},"author":2,"featured_media":55731,"comment_status":"closed","ping_status":"closed","sticky":false,"template":"","format":"standard","meta":[],"categories":[7],"tags":[1304,22,26,5004],"_links":{"self":[{"href":"https:\/\/www.infokuryr.cz\/n\/wp-json\/wp\/v2\/posts\/55730"}],"collection":[{"href":"https:\/\/www.infokuryr.cz\/n\/wp-json\/wp\/v2\/posts"}],"about":[{"href":"https:\/\/www.infokuryr.cz\/n\/wp-json\/wp\/v2\/types\/post"}],"author":[{"embeddable":true,"href":"https:\/\/www.infokuryr.cz\/n\/wp-json\/wp\/v2\/users\/2"}],"replies":[{"embeddable":true,"href":"https:\/\/www.infokuryr.cz\/n\/wp-json\/wp\/v2\/comments?post=55730"}],"version-history":[{"count":0,"href":"https:\/\/www.infokuryr.cz\/n\/wp-json\/wp\/v2\/posts\/55730\/revisions"}],"wp:featuredmedia":[{"embeddable":true,"href":"https:\/\/www.infokuryr.cz\/n\/wp-json\/wp\/v2\/media\/55731"}],"wp:attachment":[{"href":"https:\/\/www.infokuryr.cz\/n\/wp-json\/wp\/v2\/media?parent=55730"}],"wp:term":[{"taxonomy":"category","embeddable":true,"href":"https:\/\/www.infokuryr.cz\/n\/wp-json\/wp\/v2\/categories?post=55730"},{"taxonomy":"post_tag","embeddable":true,"href":"https:\/\/www.infokuryr.cz\/n\/wp-json\/wp\/v2\/tags?post=55730"}],"curies":[{"name":"wp","href":"https:\/\/api.w.org\/{rel}","templated":true}]}}