{"id":5572,"date":"2021-10-23T02:48:27","date_gmt":"2021-10-23T00:48:27","guid":{"rendered":"http:\/\/www.infokuryr.cz\/n\/?p=5572"},"modified":"2021-10-23T02:48:27","modified_gmt":"2021-10-23T00:48:27","slug":"62-zemi-ucinilo-spolecne-prohlaseni-na-podporu-cinske-ochrany-lidskych-prav","status":"publish","type":"post","link":"https:\/\/www.infokuryr.cz\/n\/2021\/10\/23\/62-zemi-ucinilo-spolecne-prohlaseni-na-podporu-cinske-ochrany-lidskych-prav\/","title":{"rendered":"62 zem\u00ed u\u010dinilo spole\u010dn\u00e9 prohl\u00e1\u0161en\u00ed na podporu \u010d\u00ednsk\u00e9 ochrany lidsk\u00fdch pr\u00e1v"},"content":{"rendered":"<div id=\"fb-root\"><\/div>\n<div class=\"article-left\">\n<div class=\"article-con\">\n<p>Dvaa\u0161edes\u00e1t zem\u00ed u\u010dinilo spole\u010dn\u00e9 prohl\u00e1\u0161en\u00ed na podporu \u010d\u00ednsk\u00e9 podpory a ochrany lidsk\u00fdch pr\u00e1v na t\u0159et\u00edm v\u00fdboru 76. zased\u00e1n\u00ed Valn\u00e9ho shrom\u00e1\u017ed\u011bn\u00ed OSN.<\/p>\n<p>Kuba u\u010dinila prohl\u00e1\u0161en\u00ed jm\u00e9nem 62 zem\u00ed, kter\u00e9 podporuj\u00ed \u010d\u00ednskou cestu rozvoje lidsk\u00fdch pr\u00e1v vhodnou pro jej\u00ed n\u00e1rodn\u00ed podm\u00ednky a stav\u00ed se proti jak\u00e9mukoli zasahov\u00e1n\u00ed do vnit\u0159n\u00edch z\u00e1le\u017eitost\u00ed \u010c\u00edny ve jm\u00e9nu lidsk\u00fdch pr\u00e1v.<\/p>\n<p>Spole\u010dn\u00e9 prohl\u00e1\u0161en\u00ed zd\u016fraznilo, \u017ee respekt k suverenit\u011b, nez\u00e1vislosti a \u00fazemn\u00ed celistvosti st\u00e1t\u016f a nezasahov\u00e1n\u00ed do vnit\u0159n\u00edch z\u00e1le\u017eitost\u00ed suver\u00e9nn\u00edch st\u00e1t\u016f p\u0159edstavuje z\u00e1kladn\u00ed normy mezin\u00e1rodn\u00edch vztah\u016f.<\/p>\n<p>Prohl\u00e1\u0161en\u00ed dodalo, \u017ee z\u00e1le\u017eitosti souvisej\u00edc\u00ed s Hongkongem, Xinjiangem (Sin-\u0165iang) a Tibetem jsou vnit\u0159n\u00ed z\u00e1le\u017eitosti \u010c\u00edny, do kter\u00fdch nesm\u00ed zasahovat \u017e\u00e1dn\u00e9 vn\u011bj\u0161\u00ed s\u00edly.<\/p>\n<p>Spole\u010dn\u00e9 prohl\u00e1\u0161en\u00ed znovu vyj\u00e1d\u0159ilo podporu \u010d\u00ednsk\u00e9 implementaci politiky \u201ejeden st\u00e1t, dva syst\u00e9my\u201c ve Zvl\u00e1\u0161tn\u00ed administrativn\u00ed oblasti Hongkong.<\/p>\n<p>Spole\u010dn\u00e9 prohl\u00e1\u0161en\u00ed uv\u00e1d\u00ed, \u017ee v\u0161echny strany by se m\u011bly \u0159\u00eddit c\u00edli a z\u00e1sadami Charty OSN a z\u00e1sadami univerzality, nestrannosti, objektivity a neselektivity.<\/p>\n<p>V\u0161echny strany by tak\u00e9 m\u011bly respektovat pr\u00e1vo lid\u00ed z ka\u017ed\u00e9ho st\u00e1tu nez\u00e1visle si zvolit svou cestu rozvoje lidsk\u00fdch pr\u00e1v v souladu se sv\u00fdmi n\u00e1rodn\u00edmi podm\u00ednkami a p\u0159istupovat ke v\u0161em lidsk\u00fdm pr\u00e1v\u016fm se stejn\u00fdm d\u016frazem.<\/p>\n<p>Prohl\u00e1\u0161en\u00ed vyz\u00fdv\u00e1 v\u0161echny st\u00e1ty, aby podporovaly multilateralismus, solidaritu a spolupr\u00e1ci a podporovaly a chr\u00e1nily lidsk\u00e1 pr\u00e1va prost\u0159ednictv\u00edm konstruktivn\u00edho dialogu a spolupr\u00e1ce.<\/p>\n<p>Prohl\u00e1\u0161en\u00ed zd\u016fraznilo, \u017ee 62 zem\u00ed je proti politizaci lidsk\u00fdch pr\u00e1v a dvoj\u00edm standard\u016fm.<\/p>\n<p>Zem\u011b se tak\u00e9 postavily proti nepodlo\u017een\u00fdm obvin\u011bn\u00edm proti \u010c\u00edn\u011b z politick\u00e9 motivace nebo na z\u00e1klad\u011b dezinformac\u00ed a proti zasahov\u00e1n\u00ed do vnit\u0159n\u00edch z\u00e1le\u017eitost\u00ed \u010c\u00edny pod z\u00e1minkou lidsk\u00fdch pr\u00e1v.<\/p>\n<p><img decoding=\"async\" loading=\"lazy\" class=\"alignnone size-full wp-image-1185\" src=\"http:\/\/www.infokuryr.cz\/n\/wp-content\/uploads\/2021\/04\/kuryr-podpis.png\" alt=\"\" width=\"84\" height=\"24\" \/><\/p>\n<\/div>\n<div class=\"pageStyle5\"><\/div>\n<\/div>\n<div class=\"article-right\">\n<div class=\"mod article-right-photo\">\n<div class=\"photoOne-con mobile-line indexMostPopular-con\"><\/div>\n<\/div>\n<\/div>\n","protected":false},"excerpt":{"rendered":"<p>Dvaa\u0161edes\u00e1t zem\u00ed u\u010dinilo spole\u010dn\u00e9 prohl\u00e1\u0161en\u00ed na podporu \u010d\u00ednsk\u00e9 podpory a ochrany lidsk\u00fdch pr\u00e1v na t\u0159et\u00edm&#8230;<\/p>\n","protected":false},"author":2,"featured_media":5035,"comment_status":"closed","ping_status":"closed","sticky":false,"template":"","format":"standard","meta":[],"categories":[7],"tags":[30,144,186],"_links":{"self":[{"href":"https:\/\/www.infokuryr.cz\/n\/wp-json\/wp\/v2\/posts\/5572"}],"collection":[{"href":"https:\/\/www.infokuryr.cz\/n\/wp-json\/wp\/v2\/posts"}],"about":[{"href":"https:\/\/www.infokuryr.cz\/n\/wp-json\/wp\/v2\/types\/post"}],"author":[{"embeddable":true,"href":"https:\/\/www.infokuryr.cz\/n\/wp-json\/wp\/v2\/users\/2"}],"replies":[{"embeddable":true,"href":"https:\/\/www.infokuryr.cz\/n\/wp-json\/wp\/v2\/comments?post=5572"}],"version-history":[{"count":0,"href":"https:\/\/www.infokuryr.cz\/n\/wp-json\/wp\/v2\/posts\/5572\/revisions"}],"wp:featuredmedia":[{"embeddable":true,"href":"https:\/\/www.infokuryr.cz\/n\/wp-json\/wp\/v2\/media\/5035"}],"wp:attachment":[{"href":"https:\/\/www.infokuryr.cz\/n\/wp-json\/wp\/v2\/media?parent=5572"}],"wp:term":[{"taxonomy":"category","embeddable":true,"href":"https:\/\/www.infokuryr.cz\/n\/wp-json\/wp\/v2\/categories?post=5572"},{"taxonomy":"post_tag","embeddable":true,"href":"https:\/\/www.infokuryr.cz\/n\/wp-json\/wp\/v2\/tags?post=5572"}],"curies":[{"name":"wp","href":"https:\/\/api.w.org\/{rel}","templated":true}]}}