{"id":55718,"date":"2024-06-14T00:43:40","date_gmt":"2024-06-13T22:43:40","guid":{"rendered":"https:\/\/www.infokuryr.cz\/n\/?p=55718"},"modified":"2024-06-14T03:30:31","modified_gmt":"2024-06-14T01:30:31","slug":"aktiviste-zablokovali-stavbu-dalnice-prodrazili-ji-tim-o-mnoho-milionu-kc","status":"publish","type":"post","link":"https:\/\/www.infokuryr.cz\/n\/2024\/06\/14\/aktiviste-zablokovali-stavbu-dalnice-prodrazili-ji-tim-o-mnoho-milionu-kc\/","title":{"rendered":"Aktivist\u00e9 zablokovali stavbu d\u00e1lnice. Prodra\u017eili ji t\u00edm o mnoho milion\u016f K\u010d"},"content":{"rendered":"<div id=\"fb-root\"><\/div>\n<p>Jak ekologi\u010dt\u00ed aktivist\u00e9 prodra\u017eili stavbu d\u00e1lnice o mnoho milion\u016f K\u010d, co m\u016f\u017ee \u010cesko podniknout proti nesmysln\u00e9mu blokov\u00e1n\u00ed takov\u00fdch projekt\u016f nebo pro\u010d p\u0159ivedl Marka do politiky d\u011btsk\u00fd fotbalov\u00fd klub?<\/p>\n<p>O tom ale i o dal\u0161\u00edch t\u00e9matech jsme se bavili v nov\u00e9m podcastu, kde v\u00e1m budu pr\u016fb\u011b\u017en\u011b p\u0159edstavovat zaj\u00edmav\u00e9 hosty a osobnosti. Budu moc r\u00e1d, kdy\u017e si dne\u0161n\u00ed d\u00edl pust\u00edte a nap\u00ed\u0161ete n\u00e1m v\u00e1\u0161 n\u00e1zor nebo post\u0159eh do koment\u00e1\u0159\u016f. Pros\u00edm tak\u00e9 o sd\u00edlen\u00ed. P\u0159edem moc d\u011bkuji!<\/p>\n<p><strong>Marek Nov\u00e1k\u00a0<\/strong>je poslanec (ANO) za Zl\u00ednsk\u00fd kraj. Vyu\u010dil se jako automechanik, pro\u0161el \u0159adou profes\u00ed a vypracoval se a\u017e na mana\u017eera sv\u011btov\u00e9 spole\u010dnosti.<\/p>\n<p><iframe loading=\"lazy\" title=\"Aktivist\u00e9 zablokovali stavbu d\u00e1lnice. Prodra\u017eili ji t\u00edm o mnoho milion\u016f K\u010d. | Tom\u00e1\u0161 Nov\u00e1k\" width=\"640\" height=\"360\" src=\"https:\/\/www.youtube.com\/embed\/nn2kBw5rBRs?feature=oembed\" frameborder=\"0\" allow=\"accelerometer; autoplay; clipboard-write; encrypted-media; gyroscope; picture-in-picture; web-share\" referrerpolicy=\"strict-origin-when-cross-origin\" allowfullscreen><\/iframe><\/p>\n<p><span style=\"font-size: 14pt;\"><strong>Ing. Ond\u0159ej Prokop, p\u0159edseda hnut\u00ed ANO v Praze<\/strong><\/span><\/p>\n<p>&nbsp;<\/p>\n<p><a href=\"https:\/\/stranapro.cz\/\"><img decoding=\"async\" loading=\"lazy\" class=\"wp-image-40286 aligncenter\" src=\"http:\/\/www.infokuryr.cz\/n\/wp-content\/uploads\/2023\/11\/12pro-300x87.png\" alt=\"\" width=\"952\" height=\"276\" srcset=\"https:\/\/www.infokuryr.cz\/n\/wp-content\/uploads\/2023\/11\/12pro-300x87.png 300w, https:\/\/www.infokuryr.cz\/n\/wp-content\/uploads\/2023\/11\/12pro.png 366w\" sizes=\"(max-width: 952px) 100vw, 952px\" \/><\/a><\/p>\n<p>&nbsp;<\/p>\n","protected":false},"excerpt":{"rendered":"<p>Jak ekologi\u010dt\u00ed aktivist\u00e9 prodra\u017eili stavbu d\u00e1lnice o mnoho milion\u016f K\u010d, co m\u016f\u017ee \u010cesko podniknout proti&#8230;<\/p>\n","protected":false},"author":2,"featured_media":47151,"comment_status":"closed","ping_status":"closed","sticky":false,"template":"","format":"standard","meta":[],"categories":[6],"tags":[3181,1743,67,889],"_links":{"self":[{"href":"https:\/\/www.infokuryr.cz\/n\/wp-json\/wp\/v2\/posts\/55718"}],"collection":[{"href":"https:\/\/www.infokuryr.cz\/n\/wp-json\/wp\/v2\/posts"}],"about":[{"href":"https:\/\/www.infokuryr.cz\/n\/wp-json\/wp\/v2\/types\/post"}],"author":[{"embeddable":true,"href":"https:\/\/www.infokuryr.cz\/n\/wp-json\/wp\/v2\/users\/2"}],"replies":[{"embeddable":true,"href":"https:\/\/www.infokuryr.cz\/n\/wp-json\/wp\/v2\/comments?post=55718"}],"version-history":[{"count":0,"href":"https:\/\/www.infokuryr.cz\/n\/wp-json\/wp\/v2\/posts\/55718\/revisions"}],"wp:featuredmedia":[{"embeddable":true,"href":"https:\/\/www.infokuryr.cz\/n\/wp-json\/wp\/v2\/media\/47151"}],"wp:attachment":[{"href":"https:\/\/www.infokuryr.cz\/n\/wp-json\/wp\/v2\/media?parent=55718"}],"wp:term":[{"taxonomy":"category","embeddable":true,"href":"https:\/\/www.infokuryr.cz\/n\/wp-json\/wp\/v2\/categories?post=55718"},{"taxonomy":"post_tag","embeddable":true,"href":"https:\/\/www.infokuryr.cz\/n\/wp-json\/wp\/v2\/tags?post=55718"}],"curies":[{"name":"wp","href":"https:\/\/api.w.org\/{rel}","templated":true}]}}