{"id":55685,"date":"2024-06-14T00:33:34","date_gmt":"2024-06-13T22:33:34","guid":{"rendered":"https:\/\/www.infokuryr.cz\/n\/?p=55685"},"modified":"2024-06-13T15:51:57","modified_gmt":"2024-06-13T13:51:57","slug":"jak-je-nemecka-vlada-bud-silena-nebo-proste-zla","status":"publish","type":"post","link":"https:\/\/www.infokuryr.cz\/n\/2024\/06\/14\/jak-je-nemecka-vlada-bud-silena-nebo-proste-zla\/","title":{"rendered":"Jak je n\u011bmeck\u00e1 vl\u00e1da bu\u010f \u0161\u00edlen\u00e1, nebo prost\u011b zl\u00e1"},"content":{"rendered":"<div id=\"fb-root\"><\/div>\n<div class=\"elementor-element elementor-element-1fb4c2c elementor-widget elementor-widget-theme-post-content\" data-id=\"1fb4c2c\" data-element_type=\"widget\" data-widget_type=\"theme-post-content.default\">\n<div class=\"elementor-widget-container\">\n<p><strong><span>Pot\u00e9, co N\u011bmecko pod Hitlerem podepsalo m\u00edrovou smlouvu s Ruskem v roce 1939, aby nenapadlo Rusko, jak bylo ozn\u00e1meno ve dvou Hitlerov\u00fdch knih\u00e1ch (1925 a 1928) (napadlo Rusko za \u00fa\u010delem vyu\u017eit\u00ed Ruska jako \u201e\u017eivotn\u00edho prostoru\u201c pro N\u011bmce), ale N\u011bmecko pot\u00e9 napadlo Rusko v nejv\u011bt\u0161\u00ed n\u011bmeck\u00e9 vojensk\u00e9 operaci v\u0161ech dob, operaci Barbarossa, kter\u00e1 trvala \u010dty\u0159i roky, ale neusp\u011bla, a N\u011bmecko prohr\u00e1lo druhou sv\u011btovou v\u00e1lku, kterou za\u010dalo.<\/span><\/strong><\/p>\n<p><span>Dne\u0161n\u00ed N\u011bmecko, pod kontrolou pov\u00e1le\u010dn\u00e9ho fa\u0161isticko-imperialistick\u00e9ho re\u017eimu USA, tentokr\u00e1t ve skute\u010dnosti hroz\u00ed, \u017ee se spoj\u00ed s fa\u0161isticko-imperialistick\u00fdm americk\u00fdm re\u017eimem a napadne Rusko v \u00fadajn\u00e9 \u201esebeobran\u011b\u201c proti n\u011bmu, \u017ee Rusko nakonec nenapadl v roce 2022 N\u011bmecko ani \u017e\u00e1dn\u00fd jin\u00fd st\u00e1t NATO, ale nejbli\u017e\u0161\u00edho souseda Ruska (jen 317 mil od Kremlu), Ukrajinu.<\/span><\/p>\n<p><span>Americk\u00fd re\u017eim p\u0159evzal kontrolu nad Ukrajinou v roce 2014, aby dostal Ukrajinu do NATO, aby tam mohla b\u00fdt um\u00edst\u011bna americk\u00e1 jadern\u00e1 st\u0159ela, kter\u00e1 by mohla zni\u010dit rusk\u00e9 velitelsk\u00e9 centrum za pouh\u00fdch p\u011bt minut letu z Kremlu. A kone\u010dn\u011b, 17. prosince 2021 Rusko po\u017eadovalo, aby re\u017eim USA a jeho protirusk\u00e1 vojensk\u00e1 aliance NATO sl\u00edbily, \u017ee nikdy nep\u0159ijmou Ukrajinu do NATO; ale 7. ledna 2022 to USA i NATO odm\u00edtly, a tak Rusko 24. \u00fanora 2022 napadlo Ukrajinu, proto\u017ee to je pro Rusko jedin\u00e1 zb\u00fdvaj\u00edc\u00ed mo\u017enost, jak zabr\u00e1nit americk\u00e9 jadern\u00e9 bomb\u011b jen 317 mil od Kremlu.<\/span><\/p>\n<p><span>Skute\u010dn\u011b, z\u00e1m\u011br americk\u00e9ho re\u017eimu dob\u00fdt Rusko je nyn\u00ed z\u0159ejm\u00fd; a tak se N\u011bmecko nyn\u00ed p\u0159ipravuje p\u0159ipojit se k pl\u00e1novan\u00e9 operaci Barbarossa #2 americk\u00fdm re\u017eimem, kter\u00e1 je jednozna\u010dn\u011b n\u00e1vratem k nacismu, ale tentokr\u00e1t pod americk\u00fdm veden\u00edm. To je z\u0159ejm\u00e9, proto\u017ee kdy\u017e se Finsko v roce 2022 p\u0159ipojilo k americk\u00e9 vojensk\u00e9 alianci NATO proti Rusku, vl\u00e1da USA po\u017eadovala, aby finsk\u00e1 vl\u00e1da povolila americk\u00e9 jadern\u00e9 zbran\u011b na finsk\u00e9m \u00fazem\u00ed, aby USA mohly um\u00edstit sv\u00e9 jadern\u00e9 zbran\u011b jen 507 mil od Kremlu \u2013 ne tak bl\u00edzko. jako by mohly b\u00fdt um\u00edst\u011bny na Ukrajin\u011b, jen 317 mil od Kremlu, ale st\u00e1le bl\u00ed\u017ee, ne\u017e je tomu v sou\u010dasnosti \u2013 a Finsko \u0159eklo ano tomuto nehor\u00e1zn\u00e9mu po\u017eadavku americk\u00e9ho re\u017eimu. Finsko tedy v tuto chv\u00edli v\u011bd\u011blo, \u017ee skute\u010dn\u00fdm \u00fa\u010delem vstupu Finska do NATO nen\u00ed obrana proti Rusku (jak tvrdili l\u017eiv\u00ed fin\u0161t\u00ed v\u016fdci), ale extr\u00e9mn\u011b ofenz\u00edva proti Rusku. B\u011bhem druh\u00e9 sv\u011btov\u00e9 v\u00e1lky se Finsko z\u00fa\u010dastnilo n\u011bmeck\u00e9 operace Barbarossa s c\u00edlem dob\u00fdt Rusko a nyn\u00ed chce finsk\u00e1 vl\u00e1da tuto operaci prov\u00e9st podruh\u00e9, tentokr\u00e1t v\u0161ak pod americk\u00fdm, nikoli n\u011bmeck\u00fdm veden\u00edm.<\/span><\/p>\n<p><span>N\u011bmecko pl\u00e1nuje invazi (\u201eodstra\u0161en\u00ed\u201c) na rok 2029. Zde je za\u010d\u00e1tek \u010dl\u00e1nku Spiegel z 5. \u010dervna 2024 na toto t\u00e9ma:<\/span><\/p>\n<p><strong><em><span>\u201ePistorius vyz\u00fdv\u00e1 k vojensk\u00e9 p\u0159ipravenosti do roku 2029: Ministr obrany vyz\u00fdv\u00e1 N\u011bmecko, aby se v p\u0159\u00edpad\u011b nouze br\u00e1nilo. Nev\u011b\u0159\u00ed, \u017ee Putinova touha po v\u00e1lce se zastav\u00ed na ukrajinsk\u00fdch hranic\u00edch.<\/span><\/em><\/strong><\/p>\n<p><span>Ministr obrany Boris Pistorius chce kv\u016fli hrozb\u011b ze strany Ruska pos\u00edlit opera\u010dn\u00ed p\u0159ipravenost Bundeswehru. &#8222;Mus\u00edme b\u00fdt p\u0159ipraveni na v\u00e1lku do roku 2029,&#8220; \u0159ekl politik SPD ve st\u0159edu b\u011bhem vl\u00e1dn\u00edho pr\u016fzkumu v Bundestagu. \u201eNesm\u00edme v\u011b\u0159it, \u017ee se Putin zastav\u00ed na ukrajinsk\u00fdch hranic\u00edch, pokud se dostane tak daleko,\u201c \u0159ekl Pistorius. Rusko nen\u00ed hrozbou jen pro Ukrajinu, ale tak\u00e9 pro Gruzii, Moldavsko a nakonec i pro NATO. &#8222;Mus\u00edme poskytnout odstra\u0161en\u00ed, abychom zabr\u00e1nili nejhor\u0161\u00edmu.&#8220;<\/span><\/p>\n<p><span>V\u00ed, \u017ee toto \u201eodstra\u0161en\u00ed\u201c je jen le\u017e. V\u00ed, \u017ee v\u00e1lka na Ukrajin\u011b za\u010dala v roce 2014, jak p\u0159iznal Stoltenberg z NATO i ukrajinsk\u00fd Zelenskij, a NE v roce 2022, jak s\u00e1m americk\u00fd re\u017eim neust\u00e1le l\u017ee a tvrd\u00ed \u2013 a jak papou\u0161kuj\u00ed Pistorius a dal\u0161\u00ed n\u011bme\u010dt\u00ed p\u0159edstavitel\u00e9. V\u00e1lku na Ukrajin\u011b odstartoval americk\u00fd p\u0159evrat v \u00fanoru 2014, kdy demokraticky zvolen\u00e9ho a neutr\u00e1ln\u00edho prezidenta vyst\u0159\u00eddal USA vybran\u00fd a zu\u0159iv\u011b protirusk\u00fd v\u016fdce, kter\u00fd okam\u017eit\u011b provedl program etnick\u00fdch \u010distek, aby se zbavil region\u016f. obyvatel, kte\u0159\u00ed drtivou v\u011bt\u0161inou hlasovali pro svr\u017een\u00e9ho prezidenta. Rusko vojensky odpov\u011bd\u011blo 24. \u00fanora 2022, aby zabr\u00e1nilo Ukrajin\u011b v tom, aby tam USA rozm\u00edstily raketu \u2013 pouh\u00fdch 317 mil, neboli p\u011bt minut letu, od Kremlu, co\u017e je p\u0159\u00edli\u0161 kr\u00e1tk\u00e1 doba na to, aby Rusko reagovalo d\u0159\u00edve, ne\u017e stihlo jeho velitelsk\u00e9 centrum. ji\u017e byla dekapitov\u00e1na americk\u00fdm jadern\u00fdm \u00faderem.<\/span><\/p>\n<p><span>Je tedy n\u011bmeck\u00e1 vl\u00e1da \u0161\u00edlen\u00e1 nebo prost\u011b zl\u00e1, kdy\u017e to ud\u011bl\u00e1? Nen\u00ed to ale stejn\u00e1 ot\u00e1zka, jako zda byl Hitler \u0161\u00edlen\u00fd nebo zl\u00fd? A co je nejd\u016fle\u017eit\u011bj\u0161\u00ed: Je americk\u00e1 vl\u00e1da \u0161\u00edlen\u00e1, nebo je prost\u011b zl\u00e1? Odpov\u011b\u010f na takovou ot\u00e1zku samoz\u0159ejm\u011b z\u00e1vis\u00ed na tom, jak jsou tyto dva pojmy (\u201e\u0161\u00edlen\u00fd\u201c a \u201ezl\u00fd\u201c) definov\u00e1ny. Ale v ka\u017ed\u00e9m p\u0159\u00edpad\u011b jsou fakta nezpochybniteln\u00e1. Jde o pl\u00e1novan\u00e9 opakov\u00e1n\u00ed operace Barbarossa, tentokr\u00e1t v\u0161ak pro americk\u00fd imperi\u00e1ln\u00ed re\u017eim a ne pro n\u011bmeck\u00fd. A tisk ve v\u0161ech t\u011bchto zem\u00edch realitu skr\u00fdv\u00e1, m\u00edsto aby o n\u00ed informoval.<\/span><\/p>\n<p><strong><em>Eric ZUESSE<\/em><\/strong><\/p>\n<\/div>\n<\/div>\n<div class=\"elementor-element elementor-element-8c57238 quelle dc-has-condition dc-condition-empty elementor-widget elementor-widget-heading\" data-id=\"8c57238\" data-element_type=\"widget\" data-widget_type=\"heading.default\">\n<div class=\"elementor-widget-container\">\n<h3 class=\"elementor-heading-title elementor-size-default\"><span style=\"font-size: 10pt;\"><a href=\"https:\/\/orientalreview.su\/2024\/06\/10\/how-germanys-government-is-either-insane-or-outright-evil\/\" target=\"_blank\" rel=\"nofollow noopener\">ZDROJ<\/a><\/span><\/h3>\n<p>&nbsp;<\/p>\n<\/div>\n<\/div>\n","protected":false},"excerpt":{"rendered":"<p>Pot\u00e9, co N\u011bmecko pod Hitlerem podepsalo m\u00edrovou smlouvu s Ruskem v roce 1939, aby nenapadlo&#8230;<\/p>\n","protected":false},"author":2,"featured_media":28200,"comment_status":"closed","ping_status":"closed","sticky":false,"template":"","format":"standard","meta":[],"categories":[7],"tags":[1503,84,40,99],"_links":{"self":[{"href":"https:\/\/www.infokuryr.cz\/n\/wp-json\/wp\/v2\/posts\/55685"}],"collection":[{"href":"https:\/\/www.infokuryr.cz\/n\/wp-json\/wp\/v2\/posts"}],"about":[{"href":"https:\/\/www.infokuryr.cz\/n\/wp-json\/wp\/v2\/types\/post"}],"author":[{"embeddable":true,"href":"https:\/\/www.infokuryr.cz\/n\/wp-json\/wp\/v2\/users\/2"}],"replies":[{"embeddable":true,"href":"https:\/\/www.infokuryr.cz\/n\/wp-json\/wp\/v2\/comments?post=55685"}],"version-history":[{"count":0,"href":"https:\/\/www.infokuryr.cz\/n\/wp-json\/wp\/v2\/posts\/55685\/revisions"}],"wp:featuredmedia":[{"embeddable":true,"href":"https:\/\/www.infokuryr.cz\/n\/wp-json\/wp\/v2\/media\/28200"}],"wp:attachment":[{"href":"https:\/\/www.infokuryr.cz\/n\/wp-json\/wp\/v2\/media?parent=55685"}],"wp:term":[{"taxonomy":"category","embeddable":true,"href":"https:\/\/www.infokuryr.cz\/n\/wp-json\/wp\/v2\/categories?post=55685"},{"taxonomy":"post_tag","embeddable":true,"href":"https:\/\/www.infokuryr.cz\/n\/wp-json\/wp\/v2\/tags?post=55685"}],"curies":[{"name":"wp","href":"https:\/\/api.w.org\/{rel}","templated":true}]}}