{"id":55644,"date":"2024-06-13T00:50:54","date_gmt":"2024-06-12T22:50:54","guid":{"rendered":"https:\/\/www.infokuryr.cz\/n\/?p=55644"},"modified":"2024-06-12T18:18:14","modified_gmt":"2024-06-12T16:18:14","slug":"rusky-skupinovy-uder-zasahl-zarizeni-ukrajinskeho-letectva-a-dalsi-vojenske-cile","status":"publish","type":"post","link":"https:\/\/www.infokuryr.cz\/n\/2024\/06\/13\/rusky-skupinovy-uder-zasahl-zarizeni-ukrajinskeho-letectva-a-dalsi-vojenske-cile\/","title":{"rendered":"Rusk\u00fd skupinov\u00fd \u00fader zas\u00e1hl za\u0159\u00edzen\u00ed ukrajinsk\u00e9ho letectva a dal\u0161\u00ed vojensk\u00e9 c\u00edle"},"content":{"rendered":"<div id=\"fb-root\"><\/div>\n<p><strong><span>Rusk\u00e1 arm\u00e1da zah\u00e1jila po\u010d\u00e1tkem 12. \u010dervna skupinov\u00fd \u00fader proti n\u011bkolika vojensk\u00fdm c\u00edl\u016fm na Ukrajin\u011b, ozn\u00e1milo rusk\u00e9 ministerstvo obrany.<\/span><\/strong><\/p>\n<p><span>\u00datok, kter\u00fd byl proveden za pou\u017eit\u00ed \u201evzdu\u0161n\u00fdch a pozemn\u00edch vysoce p\u0159esn\u00fdch zbran\u00ed dlouh\u00e9ho doletu a bezpilotn\u00edch vzdu\u0161n\u00fdch prost\u0159edk\u016f\u201c zam\u011b\u0159en\u00fdch na letov\u00e9 linky a infrastrukturu z\u00e1kladny ukrajinsk\u00e9ho letectva, uvedlo ministerstvo na br\u00edfinku a dodalo, \u017ee Zasa\u017eena byla i oblast do\u010dasn\u00e9ho nasazen\u00ed zahrani\u010dn\u00edch \u017eold\u00e1k\u016f, p\u0159\u00edpravny bezos\u00e1dkov\u00fdch pozemn\u00edch vozidel, sklady munice a v\u00fdbu\u0161nin.<\/span><\/p>\n<p><strong><em>&#8222;V\u0161echny stanoven\u00e9 c\u00edle byly spln\u011bny,&#8220; potvrdilo ministerstvo.<\/em><\/strong><\/p>\n<p><span>S\u00e9rie v\u00fdbuch\u016f ot\u0159\u00e1sla r\u016fzn\u00fdmi \u010d\u00e1stmi Ukrajiny brzy r\u00e1no. Ukrajinsk\u00e1 arm\u00e1da jako obvykle uvedla, \u017ee sest\u0159elila p\u011bt ze \u0161esti raket a v\u0161ech 24 dron\u016f vypu\u0161t\u011bn\u00fdch b\u011bhem rusk\u00e9ho no\u010dn\u00edho \u00faderu. Ukrajin\u0161t\u00ed p\u0159edstavitel\u00e9 v\u0161ak hl\u00e1sili \u0161kody a ob\u011bti v hlavn\u00edm m\u011bst\u011b Kyjev\u011b, Dn\u011bpropetrovsk\u00e9 oblasti a dal\u0161\u00edch oblastech.<\/span><\/p>\n<p><iframe loading=\"lazy\" src=\"https:\/\/s4.cdnstatic.space\/wp-content\/uploads\/2024\/06\/video_2024-06-12_16-04-54.mp4\" width=\"600\" height=\"338\" data-mce-fragment=\"1\"><\/iframe><\/p>\n<p><span>Po\u017e\u00e1r v pr\u016fmyslov\u00e9m za\u0159\u00edzen\u00ed v Kyjev\u011b, kter\u00fd byl zasa\u017een, trval podle vide\u00ed zve\u0159ejn\u011bn\u00fdch na soci\u00e1ln\u00edch s\u00edt\u00edch pozd\u011b do r\u00e1na.<\/span><\/p>\n<p><iframe loading=\"lazy\" src=\"https:\/\/s4.cdnstatic.space\/wp-content\/uploads\/2024\/06\/video_2024-06-12_16-05-11.mp4\" width=\"600\" height=\"338\" data-mce-fragment=\"1\"><\/iframe><\/p>\n<p><iframe loading=\"lazy\" src=\"https:\/\/s4.cdnstatic.space\/wp-content\/uploads\/2024\/06\/video_2024-06-12_16-05-14.mp4\" width=\"600\" height=\"338\" data-mce-fragment=\"1\"><\/iframe><\/p>\n<p><span>Tak\u00e9 brzy 12. \u010dervna kyjevsk\u00e9 s\u00edly zah\u00e1jily dal\u0161\u00ed \u00fatok s taktick\u00fdmi balistick\u00fdmi st\u0159elami MGM-140 ATACMS americk\u00e9 v\u00fdroby na Krymsk\u00fd poloostrov.<\/span><\/p>\n<p><span>Podle ukrajinsk\u00fdch m\u00e9di\u00ed byly c\u00edlem \u00fatoku syst\u00e9my protivzdu\u0161n\u00e9 obrany. \u00datok byl \u00fadajn\u011b zma\u0159en ruskou protivzdu\u0161nou obranou. Rusk\u00e9 ministerstvo obrany neposkytlo \u017e\u00e1dn\u00e9 podrobnosti, ale ve sv\u00e9m br\u00edfinku uvedlo, \u017ee za posledn\u00edch 24 hodin bylo zachyceno dev\u011bt raket ATACMS.<\/span><\/p>\n<p><iframe loading=\"lazy\" src=\"https:\/\/s4.cdnstatic.space\/wp-content\/uploads\/2024\/06\/twitsave.com_gexilu4xAK15R81u.mp4\" width=\"600\" height=\"338\" data-mce-fragment=\"1\"><\/iframe><\/p>\n<p><span>Kyjevsk\u00e9 s\u00edly v posledn\u00edch m\u011bs\u00edc\u00edch zes\u00edlily \u00fatoky na rusk\u00e9 \u00fazem\u00ed, z\u0159ejm\u011b ve snaze od\u010dinit sv\u00e9 ned\u00e1vn\u00e9 por\u00e1\u017eky na boji\u0161ti.<\/span><\/p>\n<p><span>V reakci na tuto eskalaci rusk\u00e1 arm\u00e1da obnovila skupinov\u00e9 \u00fadery na vojenskou a souvisej\u00edc\u00ed energetickou infrastrukturu na Ukrajin\u011b. Kyjev v d\u016fsledku t\u011bchto \u00fader\u016f zat\u00edm utrp\u011bl t\u011b\u017ek\u00e9 ztr\u00e1ty.<\/span><\/p>\n<p><img decoding=\"async\" loading=\"lazy\" class=\"alignnone size-full wp-image-1185\" src=\"http:\/\/www.infokuryr.cz\/n\/wp-content\/uploads\/2021\/04\/kuryr-podpis.png\" alt=\"\" width=\"84\" height=\"24\" \/><\/p>\n<p>&nbsp;<\/p>\n","protected":false},"excerpt":{"rendered":"<p>Rusk\u00e1 arm\u00e1da zah\u00e1jila po\u010d\u00e1tkem 12. \u010dervna skupinov\u00fd \u00fader proti n\u011bkolika vojensk\u00fdm c\u00edl\u016fm na Ukrajin\u011b, ozn\u00e1milo&#8230;<\/p>\n","protected":false},"author":2,"featured_media":40172,"comment_status":"closed","ping_status":"closed","sticky":false,"template":"","format":"standard","meta":[],"categories":[7],"tags":[22,3540,26,5135],"_links":{"self":[{"href":"https:\/\/www.infokuryr.cz\/n\/wp-json\/wp\/v2\/posts\/55644"}],"collection":[{"href":"https:\/\/www.infokuryr.cz\/n\/wp-json\/wp\/v2\/posts"}],"about":[{"href":"https:\/\/www.infokuryr.cz\/n\/wp-json\/wp\/v2\/types\/post"}],"author":[{"embeddable":true,"href":"https:\/\/www.infokuryr.cz\/n\/wp-json\/wp\/v2\/users\/2"}],"replies":[{"embeddable":true,"href":"https:\/\/www.infokuryr.cz\/n\/wp-json\/wp\/v2\/comments?post=55644"}],"version-history":[{"count":0,"href":"https:\/\/www.infokuryr.cz\/n\/wp-json\/wp\/v2\/posts\/55644\/revisions"}],"wp:featuredmedia":[{"embeddable":true,"href":"https:\/\/www.infokuryr.cz\/n\/wp-json\/wp\/v2\/media\/40172"}],"wp:attachment":[{"href":"https:\/\/www.infokuryr.cz\/n\/wp-json\/wp\/v2\/media?parent=55644"}],"wp:term":[{"taxonomy":"category","embeddable":true,"href":"https:\/\/www.infokuryr.cz\/n\/wp-json\/wp\/v2\/categories?post=55644"},{"taxonomy":"post_tag","embeddable":true,"href":"https:\/\/www.infokuryr.cz\/n\/wp-json\/wp\/v2\/tags?post=55644"}],"curies":[{"name":"wp","href":"https:\/\/api.w.org\/{rel}","templated":true}]}}