{"id":55628,"date":"2024-06-13T00:45:32","date_gmt":"2024-06-12T22:45:32","guid":{"rendered":"https:\/\/www.infokuryr.cz\/n\/?p=55628"},"modified":"2024-06-12T17:56:57","modified_gmt":"2024-06-12T15:56:57","slug":"nejvyssi-velitel-hizballahu-zabit-pri-izraelskem-utoku-na-libanon","status":"publish","type":"post","link":"https:\/\/www.infokuryr.cz\/n\/2024\/06\/13\/nejvyssi-velitel-hizballahu-zabit-pri-izraelskem-utoku-na-libanon\/","title":{"rendered":"Nejvy\u0161\u0161\u00ed velitel Hizball\u00e1hu zabit p\u0159i izraelsk\u00e9m \u00fatoku na Libanon"},"content":{"rendered":"<div id=\"fb-root\"><\/div>\n<p><strong><span>Vysok\u00fd vojensk\u00fd velitel Hizball\u00e1hu byl zabit 11. \u010dervna p\u0159i izraelsk\u00e9m n\u00e1letu, kter\u00fd zam\u00ed\u0159il na ji\u017en\u00ed Libanon, do srdce skupiny.<\/span><\/strong><\/p>\n<p><span>V prohl\u00e1\u0161en\u00ed Hizball\u00e1h uvedl, \u017ee Taleb Abdullah, tak\u00e9 zn\u00e1m\u00fd jako \u201eAbu Taleb\u201c, z jiholibanonsk\u00e9ho m\u011bsta Aadachit, byl zabit \u201ena cest\u011b do Jeruzal\u00e9ma\u201c, co\u017e je term\u00edn pro ty, kte\u0159\u00ed byli zabiti izraelsk\u00fdmi obrann\u00fdmi silami (IDF) b\u011bhem prob\u00edhaj\u00edc\u00ed konfrontace.<\/span><\/p>\n<p><span>Velitel byl \u00fadajn\u011b zabit p\u0159i izraelsk\u00e9m n\u00e1letu na m\u011bsto Jouaiyya spolu se t\u0159emi sv\u00fdmi kamar\u00e1dy. IDF atent\u00e1t neozn\u00e1mila.<\/span><\/p>\n<p><iframe loading=\"lazy\" src=\"https:\/\/s2.cdnstatic.space\/wp-content\/uploads\/2024\/06\/twitsave.com_c23EA9Y-Xak4kbEp.mp4\" width=\"600\" height=\"338\" data-mce-fragment=\"1\"><\/iframe><\/p>\n<p><span>Abu Taleb byl nejvy\u0161\u0161\u00edm velitelem Hizball\u00e1hu, kter\u00fd byl zabit od za\u010d\u00e1tku konfrontace s IDF na pozad\u00ed izraelsk\u00e9 v\u00e1lky v palestinsk\u00e9 enkl\u00e1v\u011b v p\u00e1smu Gazy p\u0159ed v\u00edce ne\u017e osmi m\u011bs\u00edci, \u0159ekl agentu\u0159e Reuters bezpe\u010dnostn\u00ed zdroj.<\/span><\/p>\n<p><span>Bezpe\u010dnostn\u00ed zdroje ho identifikovaly jako velitele skupiny pro centr\u00e1ln\u00ed oblast ji\u017en\u00edho pohrani\u010dn\u00edho p\u00e1su. Zdroje uvedly, \u017ee b\u011bhem setk\u00e1n\u00ed byli pravd\u011bpodobn\u011b c\u00edlem \u010dty\u0159i \u010dlenov\u00e9 Hizball\u00e1hu.<\/span><\/p>\n<p><span>Hizball\u00e1h ve sv\u00e9m prohl\u00e1\u0161en\u00ed odkazoval na Abdull\u00e1ha jako na velitele, co\u017e je velmi vz\u00e1cn\u00e9, proto\u017ee skupina obvykle neodhaluje hodnosti sv\u00fdch \u010dlen\u016f.<\/span><\/p>\n<p><span>Jedin\u00fdm dal\u0161\u00edm \u010dlenem Hizball\u00e1hu, o kter\u00e9m se mluv\u00ed jako o veliteli, byl Wissam al-Tawil, z\u00e1stupce velitele elitn\u00edch jednotek Radwan skupiny, kter\u00fd byl zabit Izraelem loni v lednu. Podle dvou zdroj\u016f, na kter\u00e9 se odvol\u00e1v\u00e1 agentura Reuters, byl Ab\u00fa T\u00e1lib nad\u0159\u00edzen\u00fd Tav\u00edlu.<\/span><\/p>\n<div id=\"attachment_206040\" class=\"wp-caption aligncenter\" style=\"width: 595px;\"><a href=\"https:\/\/s2.cdnstatic.space\/wp-content\/uploads\/2024\/06\/photo_2024-06-12_09-21-52-e1718173419147.jpg\" target=\"_blank\" rel=\"noopener\"><img decoding=\"async\" loading=\"lazy\" class=\"wp-image-206040\" title=\"Nejvy\u0161\u0161\u00ed velitel Hizball\u00e1hu zabit p\u0159i izraelsk\u00e9m \u00fatoku na Libanon (Video)\" src=\"https:\/\/s2.cdnstatic.space\/wp-content\/uploads\/2024\/06\/photo_2024-06-12_09-21-52-e1718173419147.jpg\" sizes=\"(max-width: 600px) 100vw, 600px\" srcset=\"https:\/\/s2.cdnstatic.space\/wp-content\/uploads\/2024\/06\/photo_2024-06-12_09-21-52-e1718173419147.jpg 1038w, https:\/\/s2.cdnstatic.space\/wp-content\/uploads\/2024\/06\/photo_2024-06-12_09-21-52-e1718173419147-490x276.jpg 490w, https:\/\/s2.cdnstatic.space\/wp-content\/uploads\/2024\/06\/photo_2024-06-12_09-21-52-e1718173419147-1024x576.jpg 1024w, https:\/\/s2.cdnstatic.space\/wp-content\/uploads\/2024\/06\/photo_2024-06-12_09-21-52-e1718173419147-768x432.jpg 768w\" alt=\"Nejvy\u0161\u0161\u00ed velitel Hizball\u00e1hu zabit p\u0159i izraelsk\u00e9m \u00fatoku na Libanon (Video)\" width=\"595\" height=\"335\" aria-describedby=\"caption-attachment-206040\" \/><\/a><\/p>\n<p id=\"caption-attachment-206040\" class=\"wp-caption-text\"><span>Velitel\u00e9 Hizball\u00e1hu Wissam Tawil a Taleb Abdullah na nedatovan\u00e9 fotografii, kterou zve\u0159ejnila vojensk\u00e1 m\u00e9dia Hizball\u00e1hu.<\/span><\/p>\n<\/div>\n<p><span>K atent\u00e1tu na Ab\u00fa T\u00e1liba do\u0161lo pot\u00e9, co Hizball\u00e1h v posledn\u00edch t\u00fddnech eskaloval sv\u00e9 \u00fatoky proti IDF. Vysoc\u00ed izrael\u0161t\u00ed p\u0159edstavitel\u00e9 skupin\u011b tak\u00e9 n\u011bkolikr\u00e1t v\u00e1\u017en\u011b vyhro\u017eovali.<\/span><\/p>\n<p><span>K 11. \u010dervnu si st\u0159ety na libanonsko-izraelsk\u00e9 hranici vy\u017e\u00e1daly deset mrtv\u00fdch civilist\u016f na izraelsk\u00e9 stran\u011b a tak\u00e9 nejm\u00e9n\u011b 15 voj\u00e1k\u016f a z\u00e1lo\u017en\u00edk\u016f IDF. Na libanonsk\u00e9 stran\u011b bylo zabito v\u00edce ne\u017e 400 lid\u00ed, v\u010detn\u011b 323 bojovn\u00edk\u016f Hizball\u00e1hu a nejm\u00e9n\u011b 80 civilist\u016f.<\/span><\/p>\n<p><span>Reakce Hizball\u00e1hu na atent\u00e1t na Ab\u00fa T\u00e1liba bude pravd\u011bpodobn\u011b siln\u00e1, ale dob\u0159e propo\u010d\u00edtan\u00e1, aby nevyvolala plnohodnotnou v\u00e1lku s Izraelem.<\/span><\/p>\n<p><img decoding=\"async\" loading=\"lazy\" class=\"alignnone size-full wp-image-1185\" src=\"http:\/\/www.infokuryr.cz\/n\/wp-content\/uploads\/2021\/04\/kuryr-podpis.png\" alt=\"\" width=\"84\" height=\"24\" \/><\/p>\n<p>&nbsp;<\/p>\n","protected":false},"excerpt":{"rendered":"<p>Vysok\u00fd vojensk\u00fd velitel Hizball\u00e1hu byl zabit 11. \u010dervna p\u0159i izraelsk\u00e9m n\u00e1letu, kter\u00fd zam\u00ed\u0159il na ji\u017en\u00ed&#8230;<\/p>\n","protected":false},"author":2,"featured_media":55629,"comment_status":"closed","ping_status":"closed","sticky":false,"template":"","format":"standard","meta":[],"categories":[7],"tags":[6772,107,405,3526,889],"_links":{"self":[{"href":"https:\/\/www.infokuryr.cz\/n\/wp-json\/wp\/v2\/posts\/55628"}],"collection":[{"href":"https:\/\/www.infokuryr.cz\/n\/wp-json\/wp\/v2\/posts"}],"about":[{"href":"https:\/\/www.infokuryr.cz\/n\/wp-json\/wp\/v2\/types\/post"}],"author":[{"embeddable":true,"href":"https:\/\/www.infokuryr.cz\/n\/wp-json\/wp\/v2\/users\/2"}],"replies":[{"embeddable":true,"href":"https:\/\/www.infokuryr.cz\/n\/wp-json\/wp\/v2\/comments?post=55628"}],"version-history":[{"count":0,"href":"https:\/\/www.infokuryr.cz\/n\/wp-json\/wp\/v2\/posts\/55628\/revisions"}],"wp:featuredmedia":[{"embeddable":true,"href":"https:\/\/www.infokuryr.cz\/n\/wp-json\/wp\/v2\/media\/55629"}],"wp:attachment":[{"href":"https:\/\/www.infokuryr.cz\/n\/wp-json\/wp\/v2\/media?parent=55628"}],"wp:term":[{"taxonomy":"category","embeddable":true,"href":"https:\/\/www.infokuryr.cz\/n\/wp-json\/wp\/v2\/categories?post=55628"},{"taxonomy":"post_tag","embeddable":true,"href":"https:\/\/www.infokuryr.cz\/n\/wp-json\/wp\/v2\/tags?post=55628"}],"curies":[{"name":"wp","href":"https:\/\/api.w.org\/{rel}","templated":true}]}}