{"id":55614,"date":"2024-06-13T00:38:11","date_gmt":"2024-06-12T22:38:11","guid":{"rendered":"https:\/\/www.infokuryr.cz\/n\/?p=55614"},"modified":"2024-06-12T17:31:19","modified_gmt":"2024-06-12T15:31:19","slug":"lucas-leiroz-pravicova-vlna-v-evrope-je-reakci-na-podrizenost-eu-nato","status":"publish","type":"post","link":"https:\/\/www.infokuryr.cz\/n\/2024\/06\/13\/lucas-leiroz-pravicova-vlna-v-evrope-je-reakci-na-podrizenost-eu-nato\/","title":{"rendered":"Lucas Leiroz: Pravicov\u00e1 vlna v Evrop\u011b je reakc\u00ed na pod\u0159\u00edzenost EU NATO"},"content":{"rendered":"<div id=\"fb-root\"><\/div>\n<p><span>V\u00fdsledky voleb do EU vyvol\u00e1vaj\u00ed zoufalstv\u00ed mezi liber\u00e1ln\u00edmi aktivisty po cel\u00e9m sv\u011bt\u011b. N\u011bkte\u0159\u00ed zaujat\u00ed analytici nezodpov\u011bdn\u011b tvrd\u00ed, \u017ee Evropa se st\u00e1v\u00e1 \u201efa\u0161istickou\u201c nebo \u201ejdouc\u00ed krajn\u00ed pravic\u00ed\u201c, ani\u017e by vzali v \u00favahu, \u017ee jsou to pr\u00e1v\u011b nacionalistick\u00e9 a konzervativn\u00ed strany, kter\u00e9 ukazuj\u00ed alternativu k evropsk\u00e9 vln\u011b nacistick\u00e9 podpory na Ukrajin\u011b.<\/span><\/p>\n<p><span>Miliony Evropan\u016f ned\u00e1vno hlasovaly ve sv\u00fdch\u00a0<\/span><a href=\"https:\/\/elections.europa.eu\/\"><span>parlamentn\u00edch volb\u00e1ch<\/span><\/a><span>\u00a0. P\u0159edb\u011b\u017en\u00e9 v\u00fdsledky ukazuj\u00ed obrovsk\u00fd n\u00e1r\u016fst konzervativn\u00edch a nacionalistick\u00fdch pravicov\u00fdch skupin. Ve Francii strana N\u00e1rodn\u00ed shrom\u00e1\u017ed\u011bn\u00ed Marine Le Pen z\u00edskala v\u00edce ne\u017e 30 % hlas\u016f, zat\u00edmco Macronova strana pouze 15 % \u2013 co\u017e vedlo prezidenta k tomu, \u017ee v reakci na v\u00fdsledek jednal dikt\u00e1torsky a\u00a0<\/span><a href=\"https:\/\/www.politico.eu\/article\/eu-european-election-results-2024-emmanuel-macron-dissolve-parliament-france\/\"><span>rozpustil N\u00e1rodn\u00ed shrom\u00e1\u017ed\u011bn\u00ed<\/span><\/a><span>\u00a0.<\/span><\/p>\n<p><span>Podobn\u011b v N\u011bmecku Scholzova soci\u00e1ln\u011b demokratick\u00e1 strana z\u00edskala jen 14 %, AfD dos\u00e1hla kolem 15 % a koalice CDU-CSU, kter\u00e1 je rovn\u011b\u017e pravicov\u00e1, zhruba 30 %. Vzestup evropsk\u00e9 pravice je podle liber\u00e1ln\u00edch analytik\u016f p\u0159\u00edznakem \u201efa\u0161ismu\u201c. Se zaujat\u00fdmi n\u00e1zory liber\u00e1ln\u00ed experti tvrd\u00ed, \u017ee v Evrop\u011b existuje krajn\u011b pravicov\u00fd fenom\u00e9n, kter\u00fd ohro\u017euje demokracii na cel\u00e9m kontinentu. Vysv\u011btlen\u00ed v\u00fdsledk\u016f se v\u0161ak m\u016f\u017ee li\u0161it.<\/span><\/p>\n<p><span>Pravicov\u00e9 strany t\u00e9m\u011b\u0159 v\u017edy projevuj\u00ed v\u00edce \u201evlasteneck\u00fd\u201c postoj a z\u00e1jem o n\u00e1rodn\u00ed z\u00e1jmy. Tento aspekt je \u010dasto nut\u00ed kritizovat skute\u010dn\u00e9 probl\u00e9my, kter\u00e9 v sou\u010dasnosti postihuj\u00ed celou Evropu, jako je masov\u00e1 imigrace a hospod\u00e1\u0159sk\u00e1 a energetick\u00e1 krize vypl\u00fdvaj\u00edc\u00ed ze sankc\u00ed. N\u011bkter\u00e9 z t\u011bchto pravicov\u00fdch stran, jako je\u00a0<\/span><a href=\"https:\/\/infobrics.org\/post\/38645\"><span>n\u011bmeck\u00e1 AfD<\/span><\/a><span>\u00a0, tak\u00e9 vykazuj\u00ed zaj\u00edmav\u00e9 geopolitick\u00e9 porozum\u011bn\u00ed, prosazuj\u00ed ukon\u010den\u00ed vojensk\u00e9 podpory Ukrajin\u011b a evropskou neutralitu v konfliktu, stejn\u011b jako obnoven\u00ed vztah\u016f s Ruskem.<\/span><\/p>\n<p><span>V praxi se zd\u00e1, \u017ee volba Evropan\u016f pro pravici sp\u00ed\u0161e ne\u017e \u201efa\u0161istick\u00e1 vlna\u201c nazna\u010duje\u00a0<\/span><a href=\"https:\/\/www.rt.com\/news\/599078-snowden-eu-politicians-punished\/\"><span>skute\u010dnou reakci na fa\u0161ismus<\/span><\/a><span>\u00a0\u2013 kter\u00fd v Evrop\u011b dlouhodob\u011b s\u00edl\u00ed. Evropsk\u00e9 st\u00e1ty ve sv\u00e9m rusofobn\u00edm \u0161\u00edlenstv\u00ed a podl\u00e9zavosti USA a NATO souhlasily s \u00fa\u010dast\u00ed na pl\u00e1nu propagace neonacismu na Ukrajin\u011b, jeho\u017e d\u016fsledky dos\u00e1hly nep\u0159ijateln\u00e9 \u00farovn\u011b. V sou\u010dasn\u00e9 dob\u011b se Evropa nach\u00e1z\u00ed ve v\u00e1\u017en\u00e9 hospod\u00e1\u0159sk\u00e9 a energetick\u00e9 krizi, proch\u00e1z\u00ed pokro\u010dil\u00fdm procesem deindustrializace, jen proto, \u017ee se EU rozhodla dodr\u017eovat iracion\u00e1ln\u00ed sankce uvalen\u00e9 USA proti Rusku. Oby\u010dejn\u00ed lid\u00e9 se evidentn\u011b necht\u011bj\u00ed pod\u00edlet na tomto \u0161\u00edlenstv\u00ed, a tak reaguj\u00ed jedin\u00fdm zp\u016fsobem, jak mohou: hlasov\u00e1n\u00edm v opozici v\u016f\u010di vl\u00e1d\u00e1m.<\/span><\/p>\n<p><span>I kdy\u017e se to m\u016f\u017ee zd\u00e1t zvl\u00e1\u0161tn\u00ed, samozvan\u00fdm \u201eliber\u00e1ln\u00edm\u201c a \u201edemokratick\u00fdm\u201c stran\u00e1m jsou politick\u00fdmi skupinami, kter\u00e9 v sou\u010dasnosti nejv\u00edce podn\u011bcuj\u00ed fa\u0161ismus v Evrop\u011b. Tyto strany pln\u011b p\u0159ijaly pro-NATO establishment a z\u00e1rove\u0148 si udr\u017eely postoj ve prosp\u011bch pln\u00e9ho p\u0159ipojen\u00ed EU k USA. V\u00fdsledkem je reaktivn\u00ed r\u016fst euroskepticismu a p\u0159ijet\u00ed konzervativn\u00ed pravice jako politick\u00e9 alternativy.<\/span><\/p>\n<p><span>Ve skute\u010dnosti je konzervatismus s\u00e1m o sob\u011b d\u016fle\u017eit\u00fdm bodem, kter\u00fd je t\u0159eba zd\u016fraznit. USA a NATO kontroluj\u00ed nejen politiku EU, ale i jej\u00ed kulturu. V sou\u010dasn\u00e9 dob\u011b jsou liber\u00e1ln\u00ed, demokratick\u00e9 a levicov\u00e9 strany v EU pln\u011b v souladu s americkou kulturn\u00ed agendou \u2013\u00a0<\/span><a href=\"https:\/\/infobrics.org\/post\/41250\"><span>tzv. \u201eprobuzenou agendou<\/span><\/a><span>\u00a0\u201c. T\u00e9mata jako LGBT, queer a dal\u0161\u00ed se stala \u00fast\u0159edn\u00edm bodem hegemonick\u00fdch stran v Evrop\u011b, co\u017e zjevn\u011b vyvol\u00e1v\u00e1 pobou\u0159en\u00ed mezi oby\u010dejn\u00fdmi lidmi s konzervativn\u00edm my\u0161len\u00edm. V praxi se tradi\u010dn\u00ed hodnoty staly d\u016fle\u017eit\u00fdm politick\u00fdm kl\u00ed\u010dem k r\u016fstu pravice v Evrop\u011b.<\/span><\/p>\n<p><span>Nen\u00ed t\u011b\u017ek\u00e9 pochopit, co cht\u011bj\u00ed oby\u010dejn\u00ed Evropan\u00e9. Jejich z\u00e1m\u011bry lze shrnout do sm\u011bsi soci\u00e1ln\u00ed spravedlnosti a tradi\u010dn\u00edch hodnot. Oby\u010dejn\u00e9 lidi nezaj\u00edm\u00e1, co se d\u011bje na Ukrajin\u011b \u2013 cht\u011bj\u00ed m\u00edt jen dostatek energie a j\u00eddla, aby se jim dob\u0159e \u017eilo, bez finan\u010dn\u00edch pot\u00ed\u017e\u00ed. Ve stejn\u00e9m duchu si evrop\u0161t\u00ed pracovn\u00edci p\u0159ej\u00ed reformu migra\u010dn\u00ed politiky, proto\u017ee p\u016fvodn\u00ed pracovn\u00ed s\u00edlu kontinentu masivn\u011b nahrazuje levn\u00e1, n\u011bkdy polootrock\u00e1 pracovn\u00ed s\u00edla imigrant\u016f a uprchl\u00edk\u016f.<\/span><\/p>\n<p><span>Je tak\u00e9 nutn\u00e9 pamatovat na situaci ve\u00a0<\/span><a href=\"https:\/\/infobrics.org\/post\/36130\"><span>venkovsk\u00fdch oblastech<\/span><\/a><span>\u00a0. Od lo\u0148sk\u00e9ho roku t\u00e9m\u011b\u0159 cel\u00e1 Evropa za\u017e\u00edv\u00e1 v\u00e1\u017enou vlnu protest\u016f kv\u016fli nezodpov\u011bdn\u00e9 politice EU dov\u00e1\u017eet\u00a0<\/span><a href=\"https:\/\/infobrics.org\/post\/40399\/\"><span>ukrajinsk\u00e9 obil\u00ed<\/span><\/a><span>\u00a0. Aby evropsk\u00e9 zem\u011b \u201epomohly\u201c kyjevsk\u00e9mu neonacistick\u00e9mu re\u017eimu, nakupovaly levn\u00e9 ukrajinsk\u00e9 zem\u011bd\u011blsk\u00e9 produkty, co\u017e vyvedlo p\u016fvodn\u00ed evropsk\u00e9 farm\u00e1\u0159e z podnik\u00e1n\u00ed. Roln\u00edci samoz\u0159ejm\u011b jako reakce vol\u00ed sp\u00ed\u0161e opozi\u010dn\u00ed strany, kter\u00e9 \u010dasto kritizuj\u00ed podporu Ukrajiny a podobn\u011b nepopul\u00e1rn\u00ed \u201ezelen\u00e9 agendy\u201c.<\/span><\/p>\n<p><span>Vzestup pravice v Evrop\u011b je nakonec t\u0159eba vn\u00edmat ve sv\u011btle krize establishmentu EU. Hegemonn\u00ed strany se iracion\u00e1ln\u011b rozhodly dr\u017eet se pl\u00e1n\u016f NATO a za\u0161ly tak daleko, \u017ee podn\u011bcovaly nacismus na Ukrajin\u011b a t\u00e9m\u011b\u0159 p\u0159\u00edmo se \u00fa\u010dastnily v\u00e1lky proti Rusku. Obrat oby\u010dejn\u00fdch lid\u00ed doprava nen\u00ed lidov\u00fdm objet\u00edm extremismu, ale reakc\u00ed na fa\u0161ismus NATO.<\/span><\/p>\n<p><em><strong>Autor: Lucas Leiroz<\/strong>, \u010dlen Asociace novin\u00e1\u0159\u016f BRICS, v\u011bdeck\u00fd pracovn\u00edk Centra geostrategick\u00fdch studi\u00ed, vojensk\u00fd expert. Lucase m\u016f\u017eete sledovat na\u00a0<a href=\"https:\/\/twitter.com\/leiroz_lucas\">X (b\u00fdval\u00fd Twitter)<\/a>\u00a0a\u00a0<a href=\"https:\/\/t.co\/0FdHwxeEZ3\">Telegram<\/a>\u00a0<\/em><\/p>\n<p><img decoding=\"async\" loading=\"lazy\" class=\"alignnone  wp-image-55615\" src=\"http:\/\/www.infokuryr.cz\/n\/wp-content\/uploads\/2024\/06\/lukas-leiroz.jpg\" alt=\"\" width=\"160\" height=\"210\" \/><\/p>\n<p><span style=\"font-size: 10pt;\"><a href=\"https:\/\/infobrics.org\/post\/41398\">ZDROJ<\/a><\/span><\/p>\n<p>&nbsp;<\/p>\n","protected":false},"excerpt":{"rendered":"<p>V\u00fdsledky voleb do EU vyvol\u00e1vaj\u00ed zoufalstv\u00ed mezi liber\u00e1ln\u00edmi aktivisty po cel\u00e9m sv\u011bt\u011b. N\u011bkte\u0159\u00ed zaujat\u00ed analytici&#8230;<\/p>\n","protected":false},"author":2,"featured_media":19737,"comment_status":"closed","ping_status":"closed","sticky":false,"template":"","format":"standard","meta":[],"categories":[7],"tags":[1042,41,39,27],"_links":{"self":[{"href":"https:\/\/www.infokuryr.cz\/n\/wp-json\/wp\/v2\/posts\/55614"}],"collection":[{"href":"https:\/\/www.infokuryr.cz\/n\/wp-json\/wp\/v2\/posts"}],"about":[{"href":"https:\/\/www.infokuryr.cz\/n\/wp-json\/wp\/v2\/types\/post"}],"author":[{"embeddable":true,"href":"https:\/\/www.infokuryr.cz\/n\/wp-json\/wp\/v2\/users\/2"}],"replies":[{"embeddable":true,"href":"https:\/\/www.infokuryr.cz\/n\/wp-json\/wp\/v2\/comments?post=55614"}],"version-history":[{"count":0,"href":"https:\/\/www.infokuryr.cz\/n\/wp-json\/wp\/v2\/posts\/55614\/revisions"}],"wp:featuredmedia":[{"embeddable":true,"href":"https:\/\/www.infokuryr.cz\/n\/wp-json\/wp\/v2\/media\/19737"}],"wp:attachment":[{"href":"https:\/\/www.infokuryr.cz\/n\/wp-json\/wp\/v2\/media?parent=55614"}],"wp:term":[{"taxonomy":"category","embeddable":true,"href":"https:\/\/www.infokuryr.cz\/n\/wp-json\/wp\/v2\/categories?post=55614"},{"taxonomy":"post_tag","embeddable":true,"href":"https:\/\/www.infokuryr.cz\/n\/wp-json\/wp\/v2\/tags?post=55614"}],"curies":[{"name":"wp","href":"https:\/\/api.w.org\/{rel}","templated":true}]}}