{"id":55601,"date":"2024-06-13T00:31:42","date_gmt":"2024-06-12T22:31:42","guid":{"rendered":"https:\/\/www.infokuryr.cz\/n\/?p=55601"},"modified":"2024-06-12T16:59:50","modified_gmt":"2024-06-12T14:59:50","slug":"demokracie-na-zapade-co-projekt-nato-na-koordinaci-dodavek-zbrani-do-kyjeva-rika-o-zapadni-demokracii","status":"publish","type":"post","link":"https:\/\/www.infokuryr.cz\/n\/2024\/06\/13\/demokracie-na-zapade-co-projekt-nato-na-koordinaci-dodavek-zbrani-do-kyjeva-rika-o-zapadni-demokracii\/","title":{"rendered":"&#8222;Demokracie&#8220; na Z\u00e1pad\u011b: Co projekt NATO na koordinaci dod\u00e1vek zbran\u00ed do Kyjeva \u0159\u00edk\u00e1 o z\u00e1padn\u00ed \u201edemokracii\u201c"},"content":{"rendered":"<div id=\"fb-root\"><\/div>\n<p><span style=\"font-size: 14pt;\"><strong>Projekt NATO na koordinaci dod\u00e1vek zbran\u00ed do Kyjeva m\u00e1 nahradit form\u00e1t Ramstein, kter\u00fd d\u0159\u00edve koordinoval dod\u00e1vky zbran\u00ed do Kyjeva pod veden\u00edm USA. Pl\u00e1n \u0159\u00edk\u00e1 hodn\u011b o z\u00e1padn\u00ed \u201edemokracii\u201c<\/strong><\/span><\/p>\n<p><span>Dnes se prohl\u00e1\u0161en\u00ed ma\u010farsk\u00e9ho premi\u00e9ra Orb\u00e1na objevuj\u00ed v titulc\u00edch, i kdy\u017e se titulky li\u0161\u00ed na V\u00fdchod\u011b a Z\u00e1pad\u011b. Rusk\u00e1 tiskov\u00e1 agentura TASS informuje ve t\u0159ech kr\u00e1tk\u00fdch zpr\u00e1v\u00e1ch o prohl\u00e1\u0161en\u00edch ma\u010farsk\u00e9ho premi\u00e9ra Orb\u00e1na. Titulky zpr\u00e1v TASS jsou\u00a0<\/span><a href=\"https:\/\/tass.ru\/mezhdunarodnaya-panorama\/21077331\"><span>\u201eOrban: NATO poskytlo Ma\u010farsku z\u00e1ruky, \u017ee se nem\u016f\u017ee z\u00fa\u010dastnit mise na Ukrajin\u011b\u201c<\/span><\/a><span>\u00a0, \u201e\u00a0<\/span><a href=\"https:\/\/tass.ru\/mezhdunarodnaya-panorama\/21077355\"><span>Orban prohl\u00e1sil, \u017ee Ma\u010farsko je proti operaci NATO na Ukrajin\u011b<\/span><\/a><span>\u00a0\u201c a\u00a0<\/span><a href=\"https:\/\/tass.ru\/mezhdunarodnaya-panorama\/21077321\"><span>\u201eMa\u010farsko se nebude pod\u00edlet na pomoci NATO Kyjevu\u201c. &#8222;<\/span><\/a><span>\u200b<\/span><\/p>\n<h3 class=\"wp-block-heading\"><span style=\"font-size: 18pt;\">Zpr\u00e1vy na v\u00fdchod\u011b a z\u00e1pad\u011b<\/span><\/h3>\n<p><span>TASS je tiskov\u00e1 agentura, jej\u00edm\u017e posl\u00e1n\u00edm je stru\u010dn\u011b informovat o zpr\u00e1v\u00e1ch. M\u00e9dia pak tyto kr\u00e1tk\u00e9 zpr\u00e1vy prom\u011b\u0148uj\u00ed v \u010dl\u00e1nky a report\u00e1\u017ee. Der Spiegel informoval o ud\u00e1lostech pod titulkem \u201e\u00a0<\/span><a href=\"https:\/\/www.spiegel.de\/ausland\/ungarn-will-neuen-nato-plan-fuer-die-ukraine-nicht-mehr-blockieren-a-8904afb0-775d-4092-bd7f-5a82cd173b9b\"><span>Dohoda mezi Orb\u00e1nem a Stoltenbergem \u2013 Ma\u010farsko ji\u017e nechce blokovat nov\u00fd pl\u00e1n NATO pro Ukrajinu<\/span><\/a><span>\u00a0\u201c a pot\u011b\u0161il \u010dl\u00e1nek, \u017ee NATO m\u016f\u017ee nyn\u00ed p\u0159evz\u00edt koordinaci dod\u00e1vek zbran\u00ed, co\u017e bylo d\u0159\u00edve p\u0159\u00edpad koordinovaly USA jako sou\u010d\u00e1st form\u00e1tu Ramstein.<\/span><\/p>\n<p><span>Tak to poj\u010fme rozebrat. Ma\u010farsko je proti protirusk\u00e9 politice NATO a proti v\u0161emu, co by mohlo prodlou\u017eit v\u00e1lku na Ukrajin\u011b, zejm\u00e9na dod\u00e1vky zbran\u00ed do Kyjeva. V NATO jsou rozhodnut\u00ed p\u0159ij\u00edm\u00e1na jednomysln\u011b a USA se obvykle da\u0159\u00ed zajistit, aby \u010dlenov\u00e9 NATO podporovali politiku americk\u00e9 vl\u00e1dy. Pokud by NATO p\u0159evzalo koordinaci dod\u00e1vek zbran\u00ed a v\u00fdcvik ukrajinsk\u00fdch voj\u00e1k\u016f, Ma\u010farsko by se do program\u016f automaticky zapojilo, co\u017e si ma\u010farsk\u00e1 vl\u00e1da rozhodn\u011b nep\u0159eje.<\/span><\/p>\n<p><span>NATO proto nyn\u00ed nab\u00eddlo Ma\u010farsku, \u017ee se do t\u011bchto v\u011bc\u00ed nebude zapojovat, pokud Ma\u010farsko na opl\u00e1tku nebude vetovat pl\u00e1ny NATO. Ma\u010farsk\u00fd premi\u00e9r Orban na to viditeln\u011b reagoval s t\u011b\u017ek\u00fdm srdcem, kdy\u017e prohl\u00e1sil:<\/span><\/p>\n<p><em>\u201eJe zn\u00e1mo, \u017ee postoj Ma\u010farska se li\u0161\u00ed od postoje EU a v\u011bt\u0161iny \u010dlensk\u00fdch st\u00e1t\u016f NATO. Ma\u010farsko p\u0159ipou\u0161t\u00ed, \u017ee po\u010det n\u00e1zor\u016f, kter\u00e9 se li\u0161\u00ed od jeho vlastn\u00edch, je v\u00fdznamn\u00fd, ale poka\u017ed\u00e9 jsme mohli vyj\u00e1d\u0159it sv\u016fj n\u00e1zor. Jsme proto vd\u011b\u010dni gener\u00e1ln\u00edmu tajemn\u00edkovi za to, \u017ee o na\u0161em postoji informoval v\u0161echny kruhy NATO a p\u0159edlo\u017eil na\u0161i anal\u00fdzu situace.<\/em><\/p>\n<p><span>Z\u00e1padn\u00ed m\u00e9dia jako Spiegel se ve sv\u00fdch \u010dl\u00e1nc\u00edch zam\u011b\u0159uj\u00ed na radost z toho, \u017ee Ma\u010farsko uvol\u0148uje cestu pl\u00e1n\u016fm NATO, zat\u00edmco nez\u00e1padn\u00ed m\u00e9dia se zam\u011b\u0159uj\u00ed na to, \u017ee Orb\u00e1n je i nad\u00e1le proti pl\u00e1n\u016fm NATO a v\u00fdslovn\u011b se na nich nechce pod\u00edlet.<\/span><\/p>\n<h3 class=\"wp-block-heading\"><span style=\"font-size: 18pt;\">Co \u0159\u00edkaj\u00ed pl\u00e1ny NATO o z\u00e1padn\u00ed \u201edemokracii\u201c<\/span><\/h3>\n<p><span>Zaj\u00edmav\u00e9 je, \u017ee ve Spiegelu se vlastn\u011b docela jasn\u011b do\u010dtete, co je \u00fa\u010delem p\u0159esunu koordinace zbrojn\u00ed pomoci na Ukrajinu. Na konci \u010dl\u00e1nku se dozv\u00edme:<\/span><\/p>\n<p><em>\u201eNov\u00fd projekt NATO je p\u0159edev\u0161\u00edm o mezin\u00e1rodn\u00ed koordinaci dod\u00e1vek zbran\u00ed a v\u00fdcvikov\u00fdch aktivit pro ukrajinsk\u00e9 ozbrojen\u00e9 s\u00edly. V ide\u00e1ln\u00edm p\u0159\u00edpad\u011b by m\u011bla b\u00fdt spu\u0161t\u011bna na p\u0159\u00ed\u0161t\u00edm alian\u010dn\u00edm summitu ve Washingtonu v \u010dervenci.<\/em><br \/>\n<em>Projekt je vn\u00edm\u00e1n i jako preventivn\u00ed opat\u0159en\u00ed pro p\u0159\u00edpad mo\u017en\u00e9ho n\u00e1vratu Donalda Trumpa do prezidentsk\u00e9ho \u00fa\u0159adu USA od ledna 2025. Prohl\u00e1\u0161en\u00ed republik\u00e1na v minulosti vyvolalo pochybnosti, zda USA budou nad\u00e1le pou\u017e\u00edvat Ukrajinu pod jeho veden\u00edm v defenziv\u011b. v\u00e1lku proti Rusku jako d\u0159\u00edve podpo\u0159\u00ed.&#8220;<\/em><\/p>\n<p><span>To ukazuje, co je z\u00e1padn\u00ed \u201edemokracie\u201c, proto\u017ee kdy\u017e voli\u010di, kte\u0159\u00ed \u00fadajn\u011b rozhoduj\u00ed o politice v z\u00e1padn\u00edch \u201edemokraci\u00edch\u201c, hlasovali proti politice americk\u00fdch demokrat\u016f a pro Trumpa (tedy pro konec ni\u010div\u00e9 pomoci Ukrajin\u011b), pak v\u016fle voli\u010d\u016f bude ignorov\u00e1na p\u0159ed\u00e1n\u00edm ukrajinsk\u00e9 pomoci p\u0159edem NATO, kter\u00e9 pak m\u016f\u017ee neru\u0161en\u011b pokra\u010dovat v tom, co si voli\u010di nep\u0159ej\u00ed.<\/span><\/p>\n<p><a href=\"https:\/\/anti-spiegel.ru\/2024\/was-das-nato-projekt-zur-koordinierung-von-waffenlieferungen-an-kiew-ueber-die-westliche-demokratie-aussagt\/\">Thomas R\u00f6per<\/a><\/p>\n<p><img decoding=\"async\" loading=\"lazy\" class=\"alignnone  wp-image-22016\" src=\"http:\/\/www.infokuryr.cz\/n\/wp-content\/uploads\/2023\/01\/Thomas-Roper-298x300.jpg\" alt=\"\" width=\"177\" height=\"178\" srcset=\"https:\/\/www.infokuryr.cz\/n\/wp-content\/uploads\/2023\/01\/Thomas-Roper-298x300.jpg 298w, https:\/\/www.infokuryr.cz\/n\/wp-content\/uploads\/2023\/01\/Thomas-Roper-150x150.jpg 150w, https:\/\/www.infokuryr.cz\/n\/wp-content\/uploads\/2023\/01\/Thomas-Roper.jpg 596w\" sizes=\"(max-width: 177px) 100vw, 177px\" \/><\/p>\n<p>&nbsp;<\/p>\n","protected":false},"excerpt":{"rendered":"<p>Projekt NATO na koordinaci dod\u00e1vek zbran\u00ed do Kyjeva m\u00e1 nahradit form\u00e1t Ramstein, kter\u00fd d\u0159\u00edve koordinoval&#8230;<\/p>\n","protected":false},"author":2,"featured_media":54188,"comment_status":"closed","ping_status":"closed","sticky":false,"template":"","format":"standard","meta":[],"categories":[7],"tags":[78,39,26,73],"_links":{"self":[{"href":"https:\/\/www.infokuryr.cz\/n\/wp-json\/wp\/v2\/posts\/55601"}],"collection":[{"href":"https:\/\/www.infokuryr.cz\/n\/wp-json\/wp\/v2\/posts"}],"about":[{"href":"https:\/\/www.infokuryr.cz\/n\/wp-json\/wp\/v2\/types\/post"}],"author":[{"embeddable":true,"href":"https:\/\/www.infokuryr.cz\/n\/wp-json\/wp\/v2\/users\/2"}],"replies":[{"embeddable":true,"href":"https:\/\/www.infokuryr.cz\/n\/wp-json\/wp\/v2\/comments?post=55601"}],"version-history":[{"count":0,"href":"https:\/\/www.infokuryr.cz\/n\/wp-json\/wp\/v2\/posts\/55601\/revisions"}],"wp:featuredmedia":[{"embeddable":true,"href":"https:\/\/www.infokuryr.cz\/n\/wp-json\/wp\/v2\/media\/54188"}],"wp:attachment":[{"href":"https:\/\/www.infokuryr.cz\/n\/wp-json\/wp\/v2\/media?parent=55601"}],"wp:term":[{"taxonomy":"category","embeddable":true,"href":"https:\/\/www.infokuryr.cz\/n\/wp-json\/wp\/v2\/categories?post=55601"},{"taxonomy":"post_tag","embeddable":true,"href":"https:\/\/www.infokuryr.cz\/n\/wp-json\/wp\/v2\/tags?post=55601"}],"curies":[{"name":"wp","href":"https:\/\/api.w.org\/{rel}","templated":true}]}}