{"id":55599,"date":"2024-06-12T06:21:05","date_gmt":"2024-06-12T04:21:05","guid":{"rendered":"https:\/\/www.infokuryr.cz\/n\/?p=55599"},"modified":"2024-06-12T06:21:05","modified_gmt":"2024-06-12T04:21:05","slug":"izrael-vyhrozuje-a-ma-v-umyslu-odpovedet-osn-vaznymi-opatrenimi","status":"publish","type":"post","link":"https:\/\/www.infokuryr.cz\/n\/2024\/06\/12\/izrael-vyhrozuje-a-ma-v-umyslu-odpovedet-osn-vaznymi-opatrenimi\/","title":{"rendered":"Izrael vyhro\u017euje a m\u00e1 v \u00famyslu odpov\u011bd\u011bt OSN \u201ev\u00e1\u017en\u00fdmi opat\u0159en\u00edmi\u201c"},"content":{"rendered":"<div id=\"fb-root\"><\/div>\n<p class=\"lead\"><strong>Izraelsk\u00e9 \u00fa\u0159ady diskutuj\u00ed o p\u0159ijet\u00ed v\u00e1\u017en\u00fdch odvetn\u00fdch opat\u0159en\u00ed, v\u010detn\u011b vyho\u0161t\u011bn\u00ed person\u00e1lu proti agentur\u00e1m OSN a\u00a0 gener\u00e1ln\u00edmu tajemn\u00edkovi OSN Antoniu Guterresovi, uv\u00e1d\u00ed list Financial Times s odkazem na zdroje.<\/strong><\/p>\n<p><em>&#8222;Vl\u00e1da\u00a0<strong>Benjamina Netanjahua<\/strong>\u00a0projednala rozs\u00e1hl\u00e1 opat\u0159en\u00ed proti agentur\u00e1m OSN p\u016fsob\u00edc\u00edm v Izraeli a na palestinsk\u00fdch \u00fazem\u00edch, v\u010detn\u011b mo\u017en\u00e9ho vyho\u0161t\u011bn\u00ed person\u00e1lu&#8230; P\u0159edstavitel\u00e9 sl\u00edbili p\u0159ijmout odvetn\u00e1 opat\u0159en\u00ed proti org\u00e1n\u016fm OSN,&#8220;<span class=\"after-quote\"> &#8211; \u0159\u00edk\u00e1 zpr\u00e1va.<\/span><\/em><\/p>\n<p><span>Jak bylo uvedeno, mezi projedn\u00e1van\u00e1 odvetn\u00e1 opat\u0159en\u00ed pat\u0159\u00ed zpomalen\u00ed nebo \u00fapln\u00e9 zastaven\u00ed obnovov\u00e1n\u00ed v\u00edz pro zahrani\u010dn\u00ed zam\u011bstnance OSN, bojkot izraelsk\u00e9 vl\u00e1dy kl\u00ed\u010dov\u00fdch p\u0159edstavitel\u016f OSN a vyho\u0161t\u011bn\u00ed cel\u00fdch mis\u00ed OSN.<\/span><\/p>\n<p><span>Z\u00e1rove\u0148, jak \u0159ekl zdroj den\u00edku, bez ohledu na obsah opat\u0159en\u00ed reakce, kter\u00e1 p\u0159ijme izraelsk\u00e1 vl\u00e1da, role a funkce agentur OSN v ter\u00e9nu nezmiz\u00ed, ale jednodu\u0161e p\u0159ejdou do rukou Izraele.<\/span><\/p>\n<p><span>Ji\u017e d\u0159\u00edve na zased\u00e1n\u00ed Rady bezpe\u010dnosti OSN Guterres odsoudil \u00fatok Hamasu na Izrael ze 7. \u0159\u00edjna. \u0158ekl v\u0161ak, \u017ee \u201e\u00fatoky Hamasu neprob\u011bhly ve vzduchopr\u00e1zdnu\u201c, proto\u017ee palestinsk\u00fd lid byl \u201evystaven dusiv\u00e9 okupaci\u201c ji\u017e 56 let. St\u00e1l\u00fd p\u0159edstavitel Izraele v reakci na to obvinil gener\u00e1ln\u00edho tajemn\u00edka OSN z ospravedl\u0148ov\u00e1n\u00ed terorismu a sl\u00edbil, \u017ee zhodnot\u00ed sv\u00e9 vztahy s organizac\u00ed.<\/span><\/p>\n<p><img decoding=\"async\" loading=\"lazy\" class=\"alignnone size-full wp-image-1185\" src=\"http:\/\/www.infokuryr.cz\/n\/wp-content\/uploads\/2021\/04\/kuryr-podpis.png\" alt=\"\" width=\"84\" height=\"24\" \/><\/p>\n<p>&nbsp;<\/p>\n","protected":false},"excerpt":{"rendered":"<p>Izraelsk\u00e9 \u00fa\u0159ady diskutuj\u00ed o p\u0159ijet\u00ed v\u00e1\u017en\u00fdch odvetn\u00fdch opat\u0159en\u00ed, v\u010detn\u011b vyho\u0161t\u011bn\u00ed person\u00e1lu proti agentur\u00e1m OSN a\u00a0&#8230;<\/p>\n","protected":false},"author":2,"featured_media":55600,"comment_status":"closed","ping_status":"closed","sticky":false,"template":"","format":"standard","meta":[],"categories":[7],"tags":[107,186,2064],"_links":{"self":[{"href":"https:\/\/www.infokuryr.cz\/n\/wp-json\/wp\/v2\/posts\/55599"}],"collection":[{"href":"https:\/\/www.infokuryr.cz\/n\/wp-json\/wp\/v2\/posts"}],"about":[{"href":"https:\/\/www.infokuryr.cz\/n\/wp-json\/wp\/v2\/types\/post"}],"author":[{"embeddable":true,"href":"https:\/\/www.infokuryr.cz\/n\/wp-json\/wp\/v2\/users\/2"}],"replies":[{"embeddable":true,"href":"https:\/\/www.infokuryr.cz\/n\/wp-json\/wp\/v2\/comments?post=55599"}],"version-history":[{"count":0,"href":"https:\/\/www.infokuryr.cz\/n\/wp-json\/wp\/v2\/posts\/55599\/revisions"}],"wp:featuredmedia":[{"embeddable":true,"href":"https:\/\/www.infokuryr.cz\/n\/wp-json\/wp\/v2\/media\/55600"}],"wp:attachment":[{"href":"https:\/\/www.infokuryr.cz\/n\/wp-json\/wp\/v2\/media?parent=55599"}],"wp:term":[{"taxonomy":"category","embeddable":true,"href":"https:\/\/www.infokuryr.cz\/n\/wp-json\/wp\/v2\/categories?post=55599"},{"taxonomy":"post_tag","embeddable":true,"href":"https:\/\/www.infokuryr.cz\/n\/wp-json\/wp\/v2\/tags?post=55599"}],"curies":[{"name":"wp","href":"https:\/\/api.w.org\/{rel}","templated":true}]}}