{"id":55597,"date":"2024-06-12T06:14:35","date_gmt":"2024-06-12T04:14:35","guid":{"rendered":"https:\/\/www.infokuryr.cz\/n\/?p=55597"},"modified":"2024-06-12T06:14:35","modified_gmt":"2024-06-12T04:14:35","slug":"bily-dum-oznamil-nove-sankce-proti-rusku","status":"publish","type":"post","link":"https:\/\/www.infokuryr.cz\/n\/2024\/06\/12\/bily-dum-oznamil-nove-sankce-proti-rusku\/","title":{"rendered":"B\u00edl\u00fd d\u016fm ozn\u00e1mil nov\u00e9 sankce proti Rusku"},"content":{"rendered":"<div id=\"fb-root\"><\/div>\n<div class=\"news-text-body\">\n<p class=\"lead\"><strong>USA b\u011bhem summitu G7 v It\u00e1lii koncem tohoto t\u00fddne ozn\u00e1m\u00ed nov\u00e9 protirusk\u00e9 sankce a kontroly v\u00fdvozu. Jednalo se o tom 11. \u010dervna na br\u00edfinku koordin\u00e1tora pro strategickou komunikaci v Rad\u011b n\u00e1rodn\u00ed bezpe\u010dnosti B\u00edl\u00e9ho domu Johna Kirbyho, uvedla agentura Reuters.<\/strong><\/p>\n<p><em>\u201eTento t\u00fdden ozn\u00e1m\u00edme nov\u00e9 \u00fa\u010dinn\u00e9 sankce a kontroly v\u00fdvozu. Budou prov\u00e1d\u011bny v kontextu z\u00e1vazk\u016f vedouc\u00edch p\u0159edstavitel\u016f zem\u00ed G7,<span class=\"after-quote\">\u00a0&#8211; \u0159ekl na briefingu.<\/span><\/em><span>Tato opat\u0159en\u00ed podle n\u011bj nap\u0159\u00edklad zt\u00ed\u017e\u00ed finan\u010dn\u00edm zprost\u0159edkovatel\u016fm podporu rusk\u00e9 obrann\u00e9 pr\u016fmyslov\u00e9 z\u00e1kladny a \u00fadajn\u011b sn\u00ed\u017e\u00ed budouc\u00ed p\u0159\u00edjmy Ruska v kl\u00ed\u010dov\u00fdch odv\u011btv\u00edch.<\/span><\/p>\n<p><em>\u201eZv\u00e1\u017e\u00edme tak\u00e9 ot\u00e1zku \u010d\u00ednsk\u00e9 podpory rusk\u00e9 obrann\u00e9 pr\u016fmyslov\u00e9 z\u00e1kladn\u011b a postav\u00edme se proti netr\u017en\u00ed politice \u010cLR, kter\u00e1 vede ke glob\u00e1ln\u00edm \u0161kodliv\u00fdm d\u016fsledk\u016fm,\u201c dodal.<span class=\"after-quote\"> \u201c z\u00e1stupce B\u00edl\u00e9ho domu.<\/span><\/em><span>Kirby tak\u00e9 ozn\u00e1mil rozhodnut\u00ed G7 ohledn\u011b zmrazen\u00fdch rusk\u00fdch aktiv. Neup\u0159esnil, jak\u00e1 opat\u0159en\u00ed budou ozn\u00e1mena, a ujistil, \u017ee summit v It\u00e1lii demonstruje \u201ejednomyslnost zem\u00ed G7\u201c p\u0159i \u0159e\u0161en\u00ed t\u00e9to ot\u00e1zky v z\u00e1jmu Ukrajiny.<\/span><\/p>\n<p><span>Dne 4. \u010dervna hovo\u0159ila ministryn\u011b financ\u00ed USA\u00a0<\/span><strong><span>Janet Yellenov\u00e1<\/span><\/strong><span>\u00a0o pl\u00e1nu G7 poskytnout Ukrajin\u011b p\u016fj\u010dku z p\u0159\u00edjm\u016f z rusk\u00fdch aktiv. Washington podle n\u00ed v sou\u010dasn\u00e9 dob\u011b jedn\u00e1 se spojenci a partnery o mo\u017enosti vyu\u017eit\u00ed rusk\u00fdch aktiv k poskytnut\u00ed pomoci Kyjevu.<\/span><\/p>\n<\/div>\n<p><img decoding=\"async\" loading=\"lazy\" class=\"alignnone size-full wp-image-1185\" src=\"http:\/\/www.infokuryr.cz\/n\/wp-content\/uploads\/2021\/04\/kuryr-podpis.png\" alt=\"\" width=\"84\" height=\"24\" \/><\/p>\n<p>&nbsp;<\/p>\n","protected":false},"excerpt":{"rendered":"<p>USA b\u011bhem summitu G7 v It\u00e1lii koncem tohoto t\u00fddne ozn\u00e1m\u00ed nov\u00e9 protirusk\u00e9 sankce a kontroly&#8230;<\/p>\n","protected":false},"author":2,"featured_media":55598,"comment_status":"closed","ping_status":"closed","sticky":false,"template":"","format":"standard","meta":[],"categories":[7],"tags":[323,22,125,37],"_links":{"self":[{"href":"https:\/\/www.infokuryr.cz\/n\/wp-json\/wp\/v2\/posts\/55597"}],"collection":[{"href":"https:\/\/www.infokuryr.cz\/n\/wp-json\/wp\/v2\/posts"}],"about":[{"href":"https:\/\/www.infokuryr.cz\/n\/wp-json\/wp\/v2\/types\/post"}],"author":[{"embeddable":true,"href":"https:\/\/www.infokuryr.cz\/n\/wp-json\/wp\/v2\/users\/2"}],"replies":[{"embeddable":true,"href":"https:\/\/www.infokuryr.cz\/n\/wp-json\/wp\/v2\/comments?post=55597"}],"version-history":[{"count":0,"href":"https:\/\/www.infokuryr.cz\/n\/wp-json\/wp\/v2\/posts\/55597\/revisions"}],"wp:featuredmedia":[{"embeddable":true,"href":"https:\/\/www.infokuryr.cz\/n\/wp-json\/wp\/v2\/media\/55598"}],"wp:attachment":[{"href":"https:\/\/www.infokuryr.cz\/n\/wp-json\/wp\/v2\/media?parent=55597"}],"wp:term":[{"taxonomy":"category","embeddable":true,"href":"https:\/\/www.infokuryr.cz\/n\/wp-json\/wp\/v2\/categories?post=55597"},{"taxonomy":"post_tag","embeddable":true,"href":"https:\/\/www.infokuryr.cz\/n\/wp-json\/wp\/v2\/tags?post=55597"}],"curies":[{"name":"wp","href":"https:\/\/api.w.org\/{rel}","templated":true}]}}