{"id":55593,"date":"2024-06-12T06:02:39","date_gmt":"2024-06-12T04:02:39","guid":{"rendered":"https:\/\/www.infokuryr.cz\/n\/?p=55593"},"modified":"2024-06-12T06:04:45","modified_gmt":"2024-06-12T04:04:45","slug":"ukrajinska-media-informovala-o-explozich-v-kyjeve-a-odese","status":"publish","type":"post","link":"https:\/\/www.infokuryr.cz\/n\/2024\/06\/12\/ukrajinska-media-informovala-o-explozich-v-kyjeve-a-odese\/","title":{"rendered":"Ukrajinsk\u00e1 m\u00e9dia informovala o exploz\u00edch v Kyjev\u011b a Od\u011bse"},"content":{"rendered":"<div id=\"fb-root\"><\/div>\n<p class=\"lead\"><strong>K v\u00fdbuch\u016fm do\u0161lo v Kyjev\u011b a Od\u011bse b\u011bhem n\u00e1letu, informovaly ukrajinsk\u00e9 televizn\u00ed kan\u00e1ly \u201ePublic\u201c a UNIAN.<\/strong><\/p>\n<p>Podle ukrajinsk\u00e9ho ministerstva pro digit\u00e1ln\u00ed transformaci ve 3:07 st\u0159edoevropsk\u00e9ho \u010dasu byl poplach vyhl\u00e1\u0161en na cel\u00e9 Ukrajin\u011b.<\/p>\n<p>D\u0159\u00edve v noci tak\u00e9 m\u00edstn\u00ed m\u00e9dia informovala o exploz\u00edch v Dn\u011bpropetrovsk\u00e9 oblasti.<\/p>\n<p>________________<\/p>\n<p class=\"lead\"><strong>Na cel\u00e9 Ukrajin\u011b byl vyhl\u00e1\u0161en leteck\u00fd poplach, vypl\u00fdv\u00e1 z \u00fadaj\u016f z online mapy ukrajinsk\u00e9ho ministerstva pro digit\u00e1ln\u00ed transformaci.<\/strong><\/p>\n<p><span>Podle mapy ministerstva ve 2:29 st\u0159edoevropsk\u00e9ho \u010dasu se poplach rozezn\u00ed po cel\u00e9 Ukrajin\u011b.<\/span><\/p>\n<p><span>V reakci na \u00fatoky ozbrojen\u00fdch sil Ukrajiny na civiln\u00ed c\u00edle rusk\u00e9 jednotky pravideln\u011b prov\u00e1d\u011bj\u00ed c\u00edlen\u00e9 \u00fatoky na um\u00edst\u011bn\u00ed person\u00e1lu, vybaven\u00ed ozbrojen\u00fdch sil Ukrajiny a \u017eold\u00e1k\u016f, jako\u017e i na infrastrukturu: energetick\u00e1 za\u0159\u00edzen\u00ed, obrann\u00fd pr\u016fmysl, arm\u00e1da spr\u00e1va a komunikace Ukrajiny. Prezident\u016fv tiskov\u00fd tajemn\u00edk\u00a0<\/span><strong><span>Dmitrij Peskov<\/span><\/strong><span>\u00a0p\u0159itom\u00a0opakovan\u011b zd\u016fraznil, \u017ee arm\u00e1da ne\u00fato\u010d\u00ed na obytn\u00e9 budovy a soci\u00e1ln\u00ed instituce.<\/span><\/p>\n<p><img decoding=\"async\" loading=\"lazy\" class=\"alignnone size-full wp-image-1185\" src=\"http:\/\/www.infokuryr.cz\/n\/wp-content\/uploads\/2021\/04\/kuryr-podpis.png\" alt=\"\" width=\"84\" height=\"24\" \/><\/p>\n<p>&nbsp;<\/p>\n<p>&nbsp;<\/p>\n","protected":false},"excerpt":{"rendered":"<p>K v\u00fdbuch\u016fm do\u0161lo v Kyjev\u011b a Od\u011bse b\u011bhem n\u00e1letu, informovaly ukrajinsk\u00e9 televizn\u00ed kan\u00e1ly \u201ePublic\u201c a&#8230;<\/p>\n","protected":false},"author":2,"featured_media":55594,"comment_status":"closed","ping_status":"closed","sticky":false,"template":"","format":"standard","meta":[],"categories":[7],"tags":[3535,4409,26,3533],"_links":{"self":[{"href":"https:\/\/www.infokuryr.cz\/n\/wp-json\/wp\/v2\/posts\/55593"}],"collection":[{"href":"https:\/\/www.infokuryr.cz\/n\/wp-json\/wp\/v2\/posts"}],"about":[{"href":"https:\/\/www.infokuryr.cz\/n\/wp-json\/wp\/v2\/types\/post"}],"author":[{"embeddable":true,"href":"https:\/\/www.infokuryr.cz\/n\/wp-json\/wp\/v2\/users\/2"}],"replies":[{"embeddable":true,"href":"https:\/\/www.infokuryr.cz\/n\/wp-json\/wp\/v2\/comments?post=55593"}],"version-history":[{"count":1,"href":"https:\/\/www.infokuryr.cz\/n\/wp-json\/wp\/v2\/posts\/55593\/revisions"}],"predecessor-version":[{"id":55595,"href":"https:\/\/www.infokuryr.cz\/n\/wp-json\/wp\/v2\/posts\/55593\/revisions\/55595"}],"wp:featuredmedia":[{"embeddable":true,"href":"https:\/\/www.infokuryr.cz\/n\/wp-json\/wp\/v2\/media\/55594"}],"wp:attachment":[{"href":"https:\/\/www.infokuryr.cz\/n\/wp-json\/wp\/v2\/media?parent=55593"}],"wp:term":[{"taxonomy":"category","embeddable":true,"href":"https:\/\/www.infokuryr.cz\/n\/wp-json\/wp\/v2\/categories?post=55593"},{"taxonomy":"post_tag","embeddable":true,"href":"https:\/\/www.infokuryr.cz\/n\/wp-json\/wp\/v2\/tags?post=55593"}],"curies":[{"name":"wp","href":"https:\/\/api.w.org\/{rel}","templated":true}]}}