{"id":55591,"date":"2024-06-12T05:59:46","date_gmt":"2024-06-12T03:59:46","guid":{"rendered":"https:\/\/www.infokuryr.cz\/n\/?p=55591"},"modified":"2024-06-12T05:59:46","modified_gmt":"2024-06-12T03:59:46","slug":"slovensko-dodavka-letadel-do-kyjeva-byla-nelegalni","status":"publish","type":"post","link":"https:\/\/www.infokuryr.cz\/n\/2024\/06\/12\/slovensko-dodavka-letadel-do-kyjeva-byla-nelegalni\/","title":{"rendered":"Slovensko: Dod\u00e1vka letadel do Kyjeva byla \u201eneleg\u00e1ln\u00ed\u201c"},"content":{"rendered":"<div id=\"fb-root\"><\/div>\n<p><span style=\"font-size: 18pt;\"><strong>Slovensk\u00e1 vl\u00e1da nem\u011bla pr\u00e1vo poslat letouny MiG-29 na Ukrajinu v roce 2023, \u0159ekl vysok\u00fd p\u0159edstavitel obrany<\/strong><\/span><\/p>\n<p><span>P\u0159edchoz\u00ed vl\u00e1da v Bratislav\u011b nem\u011bla pr\u00e1vo darovat Kyjevu bojov\u00e1 letadla MiG-29 ze sov\u011btsk\u00e9 \u00e9ry, \u0159ekl st\u00e1tn\u00ed tajemn\u00edk slovensk\u00e9ho ministerstva obrany Igor Melicher.\u00a0<\/span><\/p>\n<p><span>V b\u0159eznu 2023 prozat\u00edmn\u00ed vl\u00e1da premi\u00e9ra Eduarda Hegera povolila dod\u00e1vku 13 MiG\u016f-29, uvedla slovensk\u00e1 n\u00e1rodn\u00ed televize TASR. Nov\u00e1 vl\u00e1da veden\u00e1 Robertem Ficom mezit\u00edm po\u017e\u00e1dala o pr\u00e1vn\u00ed p\u0159ezkoum\u00e1n\u00ed z\u00e1silky.\u00a0<\/span><\/p>\n<p><em><span>&#8222;St\u00edha\u010dky MiG-29 byly na Ukrajinu dod\u00e1ny neleg\u00e1ln\u011b,&#8220;<\/span><\/em><span>\u00a0napsal v \u00fater\u00fd Melicher na Facebooku. Dodal, \u017ee ministerstvo obrany\u00a0<\/span><em><span>\u201ep\u0159ipravuje pr\u00e1vn\u00ed kroky\u201c.<\/span><\/em><\/p>\n<p><span>Melicher u\u010dinil sv\u00e9 prohl\u00e1\u0161en\u00ed pot\u00e9, co ombudsman Robert Dobrovodskij, kter\u00fd byl pov\u011b\u0159en kontrolou dod\u00e1vky letounu, odhalil, \u017ee vl\u00e1d\u011b se nepoda\u0159ilo nal\u00e9zt po\u017eadovanou pr\u00e1vn\u00ed anal\u00fdzu mo\u017enosti darov\u00e1n\u00ed MiG\u016f-29 Kyjevu.<\/span><\/p>\n<p><em><span>\u201eMinisterstvo mi ned\u00e1vno sd\u011blilo, \u017ee se sna\u017e\u00ed \u017e\u00e1dosti vyhov\u011bt a naj\u00edt anal\u00fdzu. Ta v\u0161ak uvedla, \u017ee ani ona, ani \u017e\u00e1dn\u00e1 jej\u00ed pobo\u010dka anal\u00fdzu nedisponuje,\u201c<\/span><\/em><span>\u00a0\u0159ekl v \u00fater\u00fd TASR Dobrovodsk\u00fd.\u00a0<\/span><em><span>&#8222;Tak\u00e9 uvedl, \u017ee anal\u00fdza nen\u00ed ani registrov\u00e1na v jeho datab\u00e1z\u00edch v \u017e\u00e1dn\u00e9 form\u011b.&#8220;<\/span><\/em><\/p>\n<p><span>Melicher tvrdil, \u017ee Hegerova \u00fa\u0159ednick\u00e1 vl\u00e1da nem\u011bla pr\u00e1vo \u010dinit kone\u010dn\u00e1 rozhodnut\u00ed o dod\u00e1n\u00ed letadel do zahrani\u010d\u00ed.\u00a0<\/span><em><span>\u201e\u00dastava zakazuje prozat\u00edmn\u00ed vl\u00e1d\u011b podnikat z\u00e1sadn\u00ed kroky v zahrani\u010dn\u00ed politice a vysl\u00e1n\u00ed st\u00edha\u010dek v hodnot\u011b v\u00edce ne\u017e 500 milion\u016f eur (537 milion\u016f dolar\u016f) je ur\u010dit\u011b takov\u00fd krok,\u201c<\/span><\/em><span>\u00a0napsal.<\/span><\/p>\n<p><span>Premi\u00e9r Robert Fico, kter\u00fd minul\u00fd m\u011bs\u00edc p\u0159e\u017eil pokus o atent\u00e1t ze strany <strong>proukrajinsk\u00e9ho aktivisty<\/strong>, se postavil proti pos\u00edl\u00e1n\u00ed zbran\u00ed do Kyjeva a trval na tom, \u017ee konflikt by m\u011bl b\u00fdt vy\u0159e\u0161en diplomaci\u00ed.<\/span><\/p>\n<p><span>Ministr obrany Robert Kali\u0148\u00e1k tak\u00e9 kritizoval sv\u00e9ho p\u0159edch\u016fdce, kdy\u017e v kv\u011btnu prohl\u00e1sil, \u017ee p\u0159edchoz\u00ed vl\u00e1da jednala\u00a0<\/span><em><span>\u201enejzodpov\u011bdn\u011bj\u0161\u00edm zp\u016fsobem, kdy\u017e p\u0159edala [zbran\u011b], kter\u00e9 jsme pot\u0159ebovali pro na\u0161i vlastn\u00ed bezpe\u010dnost\u201c.<\/span><\/em><\/p>\n<p><span>Kyjev tla\u010d\u00ed na sv\u00e9 z\u00e1padn\u00ed podporovatele, aby urychlili pl\u00e1novanou dod\u00e1vku st\u00edha\u010dek F-16 vyroben\u00fdch v USA. \u010casopis Politico tento m\u011bs\u00edc uvedl, \u017ee ukrajin\u0161t\u00ed p\u0159edstavitel\u00e9 byli\u00a0<\/span><em><span>\u201efrustrov\u00e1ni\u201c<\/span><\/em><span>\u00a0t\u00edm, jak st\u00e1vaj\u00edc\u00ed v\u00fdcvikov\u00e9 programy v USA a dal\u0161\u00edch zem\u00edch nevyr\u00e1b\u011bly dostatek pilot\u016f pro F-16.\u00a0<\/span><\/p>\n<p><span>Rusko ze sv\u00e9 strany varovalo, \u017ee \u017e\u00e1dn\u00e9 mno\u017estv\u00ed z\u00e1padn\u00ed vojensk\u00e9 pomoci neodrad\u00ed jeho vojenskou operaci v sousedn\u00edm st\u00e1t\u011b.<\/span><\/p>\n<p><img decoding=\"async\" loading=\"lazy\" class=\"alignnone size-full wp-image-1185\" src=\"http:\/\/www.infokuryr.cz\/n\/wp-content\/uploads\/2021\/04\/kuryr-podpis.png\" alt=\"\" width=\"84\" height=\"24\" \/><\/p>\n<p>&nbsp;<\/p>\n","protected":false},"excerpt":{"rendered":"<p>Slovensk\u00e1 vl\u00e1da nem\u011bla pr\u00e1vo poslat letouny MiG-29 na Ukrajinu v roce 2023, \u0159ekl vysok\u00fd p\u0159edstavitel&#8230;<\/p>\n","protected":false},"author":2,"featured_media":55592,"comment_status":"closed","ping_status":"closed","sticky":false,"template":"","format":"standard","meta":[],"categories":[7],"tags":[457,203,26],"_links":{"self":[{"href":"https:\/\/www.infokuryr.cz\/n\/wp-json\/wp\/v2\/posts\/55591"}],"collection":[{"href":"https:\/\/www.infokuryr.cz\/n\/wp-json\/wp\/v2\/posts"}],"about":[{"href":"https:\/\/www.infokuryr.cz\/n\/wp-json\/wp\/v2\/types\/post"}],"author":[{"embeddable":true,"href":"https:\/\/www.infokuryr.cz\/n\/wp-json\/wp\/v2\/users\/2"}],"replies":[{"embeddable":true,"href":"https:\/\/www.infokuryr.cz\/n\/wp-json\/wp\/v2\/comments?post=55591"}],"version-history":[{"count":0,"href":"https:\/\/www.infokuryr.cz\/n\/wp-json\/wp\/v2\/posts\/55591\/revisions"}],"wp:featuredmedia":[{"embeddable":true,"href":"https:\/\/www.infokuryr.cz\/n\/wp-json\/wp\/v2\/media\/55592"}],"wp:attachment":[{"href":"https:\/\/www.infokuryr.cz\/n\/wp-json\/wp\/v2\/media?parent=55591"}],"wp:term":[{"taxonomy":"category","embeddable":true,"href":"https:\/\/www.infokuryr.cz\/n\/wp-json\/wp\/v2\/categories?post=55591"},{"taxonomy":"post_tag","embeddable":true,"href":"https:\/\/www.infokuryr.cz\/n\/wp-json\/wp\/v2\/tags?post=55591"}],"curies":[{"name":"wp","href":"https:\/\/api.w.org\/{rel}","templated":true}]}}