{"id":5551,"date":"2021-10-22T07:40:24","date_gmt":"2021-10-22T05:40:24","guid":{"rendered":"http:\/\/www.infokuryr.cz\/n\/?p=5551"},"modified":"2021-10-22T07:40:24","modified_gmt":"2021-10-22T05:40:24","slug":"morawiecki-kdyz-slo-o-polsko-babis-mlcel","status":"publish","type":"post","link":"https:\/\/www.infokuryr.cz\/n\/2021\/10\/22\/morawiecki-kdyz-slo-o-polsko-babis-mlcel\/","title":{"rendered":"Morawiecki: Kdy\u017e \u0161lo o Polsko, Babi\u0161 ml\u010del"},"content":{"rendered":"<div id=\"fb-root\"><\/div>\n<p>Na v\u010derej\u0161\u00edm summitu EU, kde jedn\u00edm z hlavn\u00edch t\u00e9mat byl spor Polska s EU ohledn\u011b supremacie unijn\u00edho pr\u00e1va, nenapadly Polsko N\u011bmecko a Francie, ale Holandsko, \u0160v\u00e9dsko, Irsko a D\u00e1nsko (kter\u00e9 zastupuj\u00ed dohromady sotva tolik obyvatel co Polsko), premi\u00e9r Babi\u0161 ml\u010del, uvedl polsk\u00fd premi\u00e9r Mateusz Morawiecki. Polsko bylo podpo\u0159eno Ma\u010farskem a Slovinskem, a uv\u00e1\u017eliv\u011b se vyslovily rovn\u011b\u017e Slovensko, Litva a Rumunsko. N\u011bmecko a Francie na rozbou\u0159en\u00fdch vod\u00e1ch diskuze spl\u00fdvaly &#8211; z jejich velmocen\u0161t\u011bj\u0161\u00edho hlediska jsou te\u010f d\u016fle\u017eit\u011bj\u0161\u00ed v\u011bci. Francouzsk\u00e9 Le Figaro to shrnuje v titulku: Evropan\u00e9 se cht\u011bj\u00ed vyhnout eskalaci s Polskem.<\/p>\n<p>\u010cesko se na mezin\u00e1rodn\u00ed sc\u00e9n\u011b profiluje do bezcharaktern\u00edho, vychytral\u00e9ho, oportunistick\u00e9ho partnera&#8230;<\/p>\n<p><a href=\"https:\/\/wpolityce.pl\/polityka\/570999-kulisy-szczytu-ue-co-powiedzial-premier-kto-wsparl-polskehttps:\/\/www.eurabia.cz\/admin\/Articles.aspx?action=edit&amp;id=55779\">ZDROJ<\/a><\/p>\n<p>&nbsp;<\/p>\n","protected":false},"excerpt":{"rendered":"<p>Na v\u010derej\u0161\u00edm summitu EU, kde jedn\u00edm z hlavn\u00edch t\u00e9mat byl spor Polska s EU ohledn\u011b&#8230;<\/p>\n","protected":false},"author":2,"featured_media":5552,"comment_status":"closed","ping_status":"closed","sticky":false,"template":"","format":"standard","meta":[],"categories":[7],"tags":[126,41,31],"_links":{"self":[{"href":"https:\/\/www.infokuryr.cz\/n\/wp-json\/wp\/v2\/posts\/5551"}],"collection":[{"href":"https:\/\/www.infokuryr.cz\/n\/wp-json\/wp\/v2\/posts"}],"about":[{"href":"https:\/\/www.infokuryr.cz\/n\/wp-json\/wp\/v2\/types\/post"}],"author":[{"embeddable":true,"href":"https:\/\/www.infokuryr.cz\/n\/wp-json\/wp\/v2\/users\/2"}],"replies":[{"embeddable":true,"href":"https:\/\/www.infokuryr.cz\/n\/wp-json\/wp\/v2\/comments?post=5551"}],"version-history":[{"count":0,"href":"https:\/\/www.infokuryr.cz\/n\/wp-json\/wp\/v2\/posts\/5551\/revisions"}],"wp:featuredmedia":[{"embeddable":true,"href":"https:\/\/www.infokuryr.cz\/n\/wp-json\/wp\/v2\/media\/5552"}],"wp:attachment":[{"href":"https:\/\/www.infokuryr.cz\/n\/wp-json\/wp\/v2\/media?parent=5551"}],"wp:term":[{"taxonomy":"category","embeddable":true,"href":"https:\/\/www.infokuryr.cz\/n\/wp-json\/wp\/v2\/categories?post=5551"},{"taxonomy":"post_tag","embeddable":true,"href":"https:\/\/www.infokuryr.cz\/n\/wp-json\/wp\/v2\/tags?post=5551"}],"curies":[{"name":"wp","href":"https:\/\/api.w.org\/{rel}","templated":true}]}}