{"id":5550,"date":"2021-10-22T07:34:26","date_gmt":"2021-10-22T05:34:26","guid":{"rendered":"http:\/\/www.infokuryr.cz\/n\/?p=5550"},"modified":"2021-10-22T07:57:20","modified_gmt":"2021-10-22T05:57:20","slug":"evropsky-parlament-hrozi-leyenove-zalobou","status":"publish","type":"post","link":"https:\/\/www.infokuryr.cz\/n\/2021\/10\/22\/evropsky-parlament-hrozi-leyenove-zalobou\/","title":{"rendered":"Evropsk\u00fd parlament hroz\u00ed Leyenov\u00e9 \u017ealobou"},"content":{"rendered":"<div id=\"fb-root\"><\/div>\n<p>Evropsk\u00fd parlament u\u017e toho m\u00e1 s \u0161\u00e9fkomisa\u0159kou Leyenovou dost. Jeho jest\u0159\u00e1bi j\u00ed u\u017e vyhro\u017euj\u00ed \u017ealobou u Evropsk\u00e9ho soudu, pokud do za\u010d\u00e1tku \u0159\u00edjna neuvede v \u00fa\u010dinnost sankce proti Polsku a Ma\u010farsku.<\/p>\n<p>To je n\u011bco pro b\u00fdvalou \u00fa\u0159ednici n\u011bmeck\u00e9ho ministerstva obrany (na postu ministryn\u011b), kter\u00e1 si pro ka\u017ed\u00e9 z\u00e1va\u017en\u011bj\u0161\u00ed rozhodnut\u00ed nech\u00e1vala zpracov\u00e1vat n\u00e1kladn\u00e9 expertn\u00ed posudky, a\u017e s n\u00ed Spolkov\u00fd \u00fa\u010detn\u00ed dv\u016fr musel zah\u00e1jit \u0159\u00edzen\u00ed. O Leyenov\u00e9 je zn\u00e1mo, \u017ee je nerozhodn\u00e1, bez pregnantn\u00edho analytick\u00e9ho n\u00e1zoru, a je velmi z\u00e1visl\u00e1 na okol\u00ed. Tak\u00e9 proto nikomu nevadila, a mohla b\u00fdt snadno zvolena evropskou \u0161\u00e9fkomisa\u0159kou na rozd\u00edl od n\u00e1zorov\u011b vyhran\u011bn\u00fdch kandid\u00e1t\u016f. Te\u010f si Leyenovou cht\u011bj\u00ed vlivn\u00e9 evropsk\u00e9 elity instrumentalizovat ke sv\u00fdm z\u00e1jm\u016fm.<\/p>\n<p>Nyn\u00ed je pod tlakem jest\u0159\u00e1b\u016f z Evropsk\u00e9ho parlamentu, p\u0159i\u010dem\u017e v\u0161ak\u00a0 uvalen\u00ed sankc\u00ed\u00a0nen\u00ed je\u0161t\u011b dostate\u010dn\u011b opodstatn\u011bno. Deficit pr\u00e1vn\u00edho po\u0159\u00e1dku je\u0161t\u011b Ma\u010farsku a Polsku nebyl procesn\u011b dostate\u010dn\u011b prok\u00e1z\u00e1n, a jejich reakce na sankce z\u0159ejm\u011b oslab\u00ed \u010di bude paralyzovat EU.<\/p>\n<p>Mezi prvn\u00edmi, kdo rozkolu v EU vyu\u017e\u00edv\u00e1 je tureck\u00fd prezident Erdogan, kter\u00fd nev\u00e1hal Z\u00e1padu op\u011bt pohrozit vypov\u011bzen\u00edm diplomat\u016f, a Rusko si v poklidu odp\u00e1lilo z ponorky mezikontinent\u00e1ln\u00ed Bulavu, stejn\u011b tak Severn\u00ed Korea a \u010c\u00edna hypersonickou raketu. Rozh\u00e1dan\u00e1 a do sebe zahled\u011bn\u00e1 EU to nem\u00e1 \u010das ani z reflektovat&#8230;<\/p>\n<p><a href=\"https:\/\/www.eurabia.cz\/Articles\/55778-evropsky-parlament-hrozi-leyenove-zalobou.aspx\">Tom\u00e1\u0161 B\u0159ich\u00e1\u010dek<\/a><\/p>\n<p>&nbsp;<\/p>\n","protected":false},"excerpt":{"rendered":"<p>Evropsk\u00fd parlament u\u017e toho m\u00e1 s \u0161\u00e9fkomisa\u0159kou Leyenovou dost. Jeho jest\u0159\u00e1bi j\u00ed u\u017e vyhro\u017euj\u00ed \u017ealobou&#8230;<\/p>\n","protected":false},"author":2,"featured_media":1438,"comment_status":"closed","ping_status":"closed","sticky":false,"template":"","format":"standard","meta":[],"categories":[7],"tags":[1356,29],"_links":{"self":[{"href":"https:\/\/www.infokuryr.cz\/n\/wp-json\/wp\/v2\/posts\/5550"}],"collection":[{"href":"https:\/\/www.infokuryr.cz\/n\/wp-json\/wp\/v2\/posts"}],"about":[{"href":"https:\/\/www.infokuryr.cz\/n\/wp-json\/wp\/v2\/types\/post"}],"author":[{"embeddable":true,"href":"https:\/\/www.infokuryr.cz\/n\/wp-json\/wp\/v2\/users\/2"}],"replies":[{"embeddable":true,"href":"https:\/\/www.infokuryr.cz\/n\/wp-json\/wp\/v2\/comments?post=5550"}],"version-history":[{"count":0,"href":"https:\/\/www.infokuryr.cz\/n\/wp-json\/wp\/v2\/posts\/5550\/revisions"}],"wp:featuredmedia":[{"embeddable":true,"href":"https:\/\/www.infokuryr.cz\/n\/wp-json\/wp\/v2\/media\/1438"}],"wp:attachment":[{"href":"https:\/\/www.infokuryr.cz\/n\/wp-json\/wp\/v2\/media?parent=5550"}],"wp:term":[{"taxonomy":"category","embeddable":true,"href":"https:\/\/www.infokuryr.cz\/n\/wp-json\/wp\/v2\/categories?post=5550"},{"taxonomy":"post_tag","embeddable":true,"href":"https:\/\/www.infokuryr.cz\/n\/wp-json\/wp\/v2\/tags?post=5550"}],"curies":[{"name":"wp","href":"https:\/\/api.w.org\/{rel}","templated":true}]}}