{"id":55461,"date":"2024-06-10T00:48:39","date_gmt":"2024-06-09T22:48:39","guid":{"rendered":"https:\/\/www.infokuryr.cz\/n\/?p=55461"},"modified":"2024-06-10T06:06:54","modified_gmt":"2024-06-10T04:06:54","slug":"okolo-vlady-petra-fialy-se-hromadi-mrtvoly-sef-fialovy-kampelicky-je-po-smrti","status":"publish","type":"post","link":"https:\/\/www.infokuryr.cz\/n\/2024\/06\/10\/okolo-vlady-petra-fialy-se-hromadi-mrtvoly-sef-fialovy-kampelicky-je-po-smrti\/","title":{"rendered":"Okolo vl\u00e1dy Petra Fialy se hromad\u00ed mrtvoly! \u0160\u00e9f Fialovy kampeli\u010dky je po smrti&#8230;"},"content":{"rendered":"<div id=\"fb-root\"><\/div>\n<h4>Okolo vl\u00e1dy Petra Fialy se hromad\u00ed mrtvoly! \u0160\u00e9f Fialovy kampeli\u010dky je po smrti, stejn\u011b jako \u010dtve\u0159ice sv\u011bdk\u016f z p\u0159edchoz\u00ed kauzy Dozimetr! Chobotnice mafi\u00e1n\u016f, okolo nich\u017e um\u00edraj\u00ed lid\u00e9, sv\u011bdci a b\u00edl\u00ed kon\u011b jako na b\u011b\u017e\u00edc\u00edm p\u00e1su! Zmrazen\u00fd zbytek pen\u011bz zmizel z kampeli\u010dky hned pot\u00e9, co jej st\u00e1tn\u00ed zastupitelstv\u00ed uvolnilo! Odvezl dceru do \u0161koly a potom sp\u00e1chal sebevra\u017edu? Palermo ve Strakovce?<\/h4>\n<p>Zat\u00edmco cel\u00e1 Evropsk\u00e1 unie \u010dek\u00e1 na v\u00fdsledek Evropsk\u00fdch voleb, jejich\u017e p\u0159edb\u011b\u017en\u00e9 v\u00fdsledky budou ozn\u00e1meny v ned\u011bli p\u0159ed p\u016flnoc\u00ed po 23. hodin\u011b, tak mezit\u00edm \u010desk\u00e1 politick\u00e1 sc\u00e9na za\u017e\u00edv\u00e1 dal\u0161\u00ed kolo nekone\u010dn\u00e9 kauzy o propojen\u00ed mafie na vl\u00e1du Petra Fialy. V prvn\u00ed den voleb v p\u00e1tek toti\u017e \u010desk\u00e1 policie vyhl\u00e1sila p\u00e1tr\u00e1n\u00ed po p\u0159edsedovi p\u0159edstavenstva\u00a0Podnikatelsk\u00e9 dru\u017estevn\u00ed z\u00e1lo\u017eny Robertu Zelenkovi, kter\u00fd zmizel beze stopy.<\/p>\n<p>Jedn\u00e1 se p\u0159esn\u011b o tu z\u00e1lo\u017enu, ve kter\u00e9 si premi\u00e9r Petr Fiala podle sv\u00fdch slov \u00fadajn\u011b \u201czapomn\u011bl\u201d 1 milion korun a neuvedl je do sv\u00e9ho p\u0159izn\u00e1n\u00ed majetku.\u00a0<strong>A hned druh\u00fd den v sobotu p\u0159i\u0161el zvrat, kdy\u017e policie ozn\u00e1mila, \u017ee Robert Zelenka je po smrti [<a href=\"https:\/\/href.li\/?https:\/\/www.seznamzpravy.cz\/clanek\/domaci-kauzy-policie-patra-po-muzi-ktery-videl-do-strev-prosetrovane-kampelicky-253397\" target=\"_blank\" rel=\"nofollow noopener\">1<\/a>] a jednalo se pr\u00fd o sebevra\u017edu.<\/strong>\u00a0Je to p\u0159itom v po\u0159ad\u00ed u\u017e\u00a0<strong>5. mrtvola v okol\u00ed vl\u00e1dy Petra Fialy<\/strong>\u00a0v souvislosti s kauzami, kter\u00e9 jsou okolo vl\u00e1dy pro\u0161et\u0159ov\u00e1ny.<\/p>\n<figure id=\"attachment_59844\" class=\"wp-caption aligncenter\" style=\"width: 732px;\"><a href=\"https:\/\/aeronet.news\/wp-content\/uploads\/RobertZelenekaPCRmemo.jpg\"><img decoding=\"async\" loading=\"lazy\" class=\"wp-image-59844 \" src=\"https:\/\/aeronet.news\/wp-content\/uploads\/RobertZelenekaPCRmemo.jpg\" sizes=\"(max-width: 898px) 100vw, 898px\" srcset=\"https:\/\/aeronet.news\/wp-content\/uploads\/RobertZelenekaPCRmemo.jpg 898w, https:\/\/aeronet.news\/wp-content\/uploads\/RobertZelenekaPCRmemo-300x217.jpg 300w, https:\/\/aeronet.news\/wp-content\/uploads\/RobertZelenekaPCRmemo-768x556.jpg 768w, https:\/\/aeronet.news\/wp-content\/uploads\/RobertZelenekaPCRmemo-700x507.jpg 700w, https:\/\/aeronet.news\/wp-content\/uploads\/RobertZelenekaPCRmemo-326x235.jpg 326w, https:\/\/aeronet.news\/wp-content\/uploads\/RobertZelenekaPCRmemo-493x357.jpg 493w, https:\/\/aeronet.news\/wp-content\/uploads\/RobertZelenekaPCRmemo-667x483.jpg 667w, https:\/\/aeronet.news\/wp-content\/uploads\/RobertZelenekaPCRmemo-198x143.jpg 198w\" alt=\"\" width=\"732\" height=\"530\" \/><\/a><figcaption class=\"wp-caption-text\">Policie v \u010cR vydala v p\u00e1tek toto p\u00e1tr\u00e1n\u00ed po \u0161\u00e9fovi kampeli\u010dky z kauzy Petra Fialy<\/figcaption><\/figure>\n<p>Podle informac\u00ed policie uvoln\u011bn\u00fdch pro \u010desk\u00e1 m\u00e9dia odvezl Robert Zelenka v p\u00e1tek r\u00e1no svoji dceru do \u0161koly v Praze-Troji\u00a0a n\u00e1sledn\u011b odjel sv\u00fdm vozidlem zna\u010dky Mazda 6 na nezn\u00e1m\u00e9 m\u00edsto a ned\u00e1val o sob\u011b v\u011bd\u011bt. Policejn\u00ed mluv\u010d\u00ed pro Seznam Zpr\u00e1vy nav\u00edc dodala, \u017ee\u2026\u00a0<em>Zelenka se v posledn\u00ed dob\u011b pot\u00fdk\u00e1 s psychick\u00fdmi obt\u00ed\u017eemi a m\u00e1 \u00fazkostn\u00e9 stavy, tak\u017ee nelze vylou\u010dit, \u017ee m\u016f\u017ee b\u00fdt v ohro\u017een\u00ed \u017eivota<\/em>. V sobotu policie ozn\u00e1mila, \u017ee Zelenka byl nalezen na neur\u010den\u00e9m m\u00edst\u011b bez zn\u00e1mek \u017eivota a ciz\u00ed zavin\u011bn\u00ed bylo vylou\u010deno.<\/p>\n<h6><span style=\"font-size: 18pt;\">Okolo Fialovy vl\u00e1dy se hromad\u00ed mrtvoly b\u00edl\u00fdch ko\u0148\u016f jako okolo mafie<\/span><\/h6>\n<p>Policie v\u0161ak jmenovit\u011b nepotvrdila, \u017ee \u0161lo o sebevra\u017edu, pouze informovala o tom, \u017ee na smrti nenese zavin\u011bn\u00ed jin\u00e1 osoba. Podle Seznam Zpr\u00e1vy pr\u00fd policist\u00e9 do\u0161li k z\u00e1v\u011bru, \u017ee \u0161lo o sebevra\u017edu, ale mluv\u010d\u00ed policie to nepotvrdila, nebo\u0165 pouze prohl\u00e1sila, \u017ee nebylo zji\u0161t\u011bno ciz\u00ed zavin\u011bn\u00ed. To se m\u016f\u017ee t\u00fdkat i nehody v aut\u011b, kdy nap\u0159. sel\u017eou brzdy, p\u0159\u00edpadn\u011b auto na p\u0159ehledn\u00e9 silnici \u00famysln\u011b vyjede z cesty a naraz\u00ed do pil\u00ed\u0159e mostu, co\u017e se obvykle uzav\u00edr\u00e1 jako sebevra\u017eda. Opravdu by \u0161\u00e9f z\u00e1lo\u017eny sp\u00e1chal sebevra\u017edu a zanechal po sob\u011b d\u00edt\u011b, kter\u00e9 kr\u00e1tce p\u0159ed koncem \u0161koln\u00edho roku vezl do \u0161koly?<\/p>\n<figure id=\"attachment_59850\" class=\"wp-caption aligncenter\" style=\"width: 728px;\"><a href=\"https:\/\/aeronet.news\/wp-content\/uploads\/DozimetrChobotniceMapa.jpg\"><img decoding=\"async\" loading=\"lazy\" class=\"wp-image-59850 \" src=\"https:\/\/aeronet.news\/wp-content\/uploads\/DozimetrChobotniceMapa-1024x630.jpg\" sizes=\"(max-width: 700px) 100vw, 700px\" srcset=\"https:\/\/aeronet.news\/wp-content\/uploads\/DozimetrChobotniceMapa-1024x630.jpg 1024w, https:\/\/aeronet.news\/wp-content\/uploads\/DozimetrChobotniceMapa-300x185.jpg 300w, https:\/\/aeronet.news\/wp-content\/uploads\/DozimetrChobotniceMapa-768x473.jpg 768w, https:\/\/aeronet.news\/wp-content\/uploads\/DozimetrChobotniceMapa-700x431.jpg 700w, https:\/\/aeronet.news\/wp-content\/uploads\/DozimetrChobotniceMapa-580x357.jpg 580w, https:\/\/aeronet.news\/wp-content\/uploads\/DozimetrChobotniceMapa-785x483.jpg 785w, https:\/\/aeronet.news\/wp-content\/uploads\/DozimetrChobotniceMapa.jpg 1581w\" alt=\"\" width=\"728\" height=\"448\" \/><\/a><figcaption class=\"wp-caption-text\">Chobotnice Dozimetru<\/figcaption><\/figure>\n<p>Ne\u017e si odpov\u00edme na tuto ot\u00e1zku, p\u0159esuneme se o jednu kauzu do minulosti. Op\u011bt v tom byla vl\u00e1da Petra Fialy a jednalo se o propojen\u00ed vl\u00e1dn\u00ed strany STAN a rovn\u011b\u017e TOP 09 na organizovan\u00fd zlo\u010din, p\u0159i\u010dem\u017e kauza vstoupila ve zn\u00e1most pod ozna\u010den\u00edm \u201cDozimetr\u201d v odkazu na jeden z produkt\u016f, kter\u00fd se t\u00fdkal manipulac\u00ed a korupce s ve\u0159ejn\u00fdmi zak\u00e1zkami ministerstva obrany.\u00a0<strong>Kauza ale rovn\u011b\u017e vede k zak\u00e1zk\u00e1m pra\u017esk\u00e9ho magistr\u00e1tu. Hlavn\u00edm akt\u00e9rem kauzy je Michal Redl, \u010dlov\u011bk napojen\u00fd na Radovana Krej\u010d\u00ed\u0159e a vysok\u00e9 politiky TOP 09 a STAN [<a href=\"https:\/\/href.li\/?https:\/\/www.e15.cz\/domaci\/hlubucek-a-redl-v-tom-nejsou-sami-kdo-je-kdo-v-korupcni-kauze-dozimetr-1391052\" target=\"_blank\" rel=\"nofollow noopener\">2<\/a>].<\/strong><\/p>\n<p>Lid\u00e9 z kauzy Dozimetr tak byli propojeni do nejvy\u0161\u0161\u00edch struktur \u010desk\u00e9 vl\u00e1dy. A te\u010f to nejd\u011bsiv\u011bj\u0161\u00ed. Jak uvedla ve sv\u00e9m \u010dl\u00e1nku\u00a0<strong>[<a href=\"https:\/\/href.li\/?https:\/\/neovlivni.cz\/ctyri-mrtvi-z-dozimetru-horak-pred-smrti-shanel-ochranku\/\" target=\"_blank\" rel=\"nofollow noopener\">3<\/a>]<\/strong>\u00a0ji\u017e vloni v listopadu novin\u00e1\u0159ka Sabina Slonkov\u00e1,\u00a0<strong>okolo kauzy Dozimetr ji\u017e zem\u0159eli 4 lid\u00e9<\/strong>, p\u0159i\u010dem\u017e ve v\u0161ech p\u0159\u00edpadech se nejednalo o velk\u00e9 ryby, ale o b\u00edl\u00e9 kon\u011b, kter\u00e9 v kauze Dozimetr vy\u0161et\u0159ovala policie a sou\u010dasn\u011b na n\u011b tla\u010dili velc\u00ed hr\u00e1\u010di v kauze, aby nemluvili a nevypov\u00eddali. Posledn\u00ed ob\u011bt\u00ed byl podnikatel Martin Hor\u00e1k.<\/p>\n<h6><span style=\"font-size: 18pt;\">Jel s rodinou na dovolenou do Dubaje, ale potom pr\u00fd vysko\u010dil z okna hotelu. Kampeli\u010dku u\u017e vy\u0161et\u0159uje i Zelensk\u00e9ho rozv\u011bdka SBU<\/span><\/h6>\n<p>Sabina Slonkov\u00e1 uvedla, \u017ee Martin Hor\u00e1k zem\u0159el b\u011bhem sv\u00e9ho pobytu v Dubaji, kam odjel na dovolenou s dcerou. Jeho spolupracovn\u00edci z byznysu \u2013 jako t\u0159eba b\u00fdval\u00fd kancl\u00e9\u0159 Vratislav Myn\u00e1\u0159 nebo dlouholet\u00fd par\u0165\u00e1k Peter Z\u00e1vodsk\u00fd \u2013 dostali informace, \u017ee p\u0159\u00ed\u010dinou smrti byla plicn\u00ed embolie.\u00a0<strong>Ve skute\u010dnosti ale Hor\u00e1k zem\u0159el po p\u00e1du z okna v hotelu v Dubaji. Informaci o p\u00e1du dostala i \u010desk\u00e1 ambas\u00e1da v Ab\u00fa Dhab\u00ed.<\/strong>\u00a0Tamn\u00ed policie ale p\u0159\u00edpad uzav\u0159ela jako sebevra\u017edu. Tomu se Hor\u00e1kovi zn\u00e1m\u00ed zdr\u00e1haj\u00ed uv\u011b\u0159it.<\/p>\n<p>Argumentuj\u00ed mimo jin\u00e9 t\u00edm, \u017ee do Dubaje odjel se svou mlad\u0161\u00ed dcerou a st\u011b\u017e\u00ed by ji cht\u011bl vystavit takov\u00e9 situaci. Man\u017eelka na posledn\u00ed chv\u00edli nelet\u011bla, proto\u017ee \u00fa\u0159ady na leti\u0161ti zjistily, \u017ee m\u00e1 pro\u0161l\u00fd pas, jinak by odlet\u011bla cel\u00e1 rodina. Podle Slonkov\u00e9 pr\u00fd\u00a0<strong>Hor\u00e1k sh\u00e1n\u011bl kr\u00e1tce p\u0159ed svou smrt\u00ed ochranku<\/strong>, jak pr\u00fd potvrzuje jeho zn\u00e1m\u00fd. Hor\u00e1k cht\u011bl t\u011blesn\u00e9ho str\u00e1\u017ece, proto\u017ee m\u011bl obavy o sv\u016fj \u017eivot. To zrovna neodpov\u00edd\u00e1 logice \u010dlov\u011bka, kter\u00fd pl\u00e1nuje sebevra\u017edu skokem z okna v\u00fd\u0161kov\u00e9 budovy hotelu v Dubaji a dokonce si k tomu pl\u00e1nuje vz\u00edt na hotel celou rodinu.<\/p>\n<figure id=\"attachment_59846\" class=\"wp-caption aligncenter\" style=\"width: 695px;\"><a href=\"https:\/\/aeronet.news\/wp-content\/uploads\/martin_horak_black.jpg\"><img decoding=\"async\" loading=\"lazy\" class=\"wp-image-59846 \" src=\"https:\/\/aeronet.news\/wp-content\/uploads\/martin_horak_black-1024x576.jpg\" sizes=\"(max-width: 700px) 100vw, 700px\" srcset=\"https:\/\/aeronet.news\/wp-content\/uploads\/martin_horak_black-1024x576.jpg 1024w, https:\/\/aeronet.news\/wp-content\/uploads\/martin_horak_black-300x169.jpg 300w, https:\/\/aeronet.news\/wp-content\/uploads\/martin_horak_black-768x432.jpg 768w, https:\/\/aeronet.news\/wp-content\/uploads\/martin_horak_black-700x394.jpg 700w, https:\/\/aeronet.news\/wp-content\/uploads\/martin_horak_black-635x357.jpg 635w, https:\/\/aeronet.news\/wp-content\/uploads\/martin_horak_black-859x483.jpg 859w, https:\/\/aeronet.news\/wp-content\/uploads\/martin_horak_black.jpg 1280w\" alt=\"\" width=\"695\" height=\"391\" \/><\/a><figcaption class=\"wp-caption-text\">Podnikatel a lobbista Martin Hor\u00e1k<\/figcaption><\/figure>\n<p>Zkr\u00e1tka, lid\u00e9 napojen\u00ed na kauzy okolo vl\u00e1dy Petra Fialy hromadn\u011b um\u00edraj\u00ed za podivn\u00fdch okolnost\u00ed a policie ve v\u0161ech p\u0159\u00edpadech kauzy uzav\u00edr\u00e1 jako sebevra\u017edy, p\u0159esto\u017ee p\u0159\u00edbuzn\u00ed se tomu br\u00e1n\u00ed uv\u011b\u0159it. V obou p\u0159\u00edpadech kauz Dozimetr a Kampeli\u010dka existuj\u00ed spole\u010dn\u00e9 vazby. V obou p\u0159\u00edpadech jde o kauzy napojen\u00ed podsv\u011bt\u00ed, mafie a zbroja\u0159\u016f na lidi ve vl\u00e1d\u011b Petra Fialy.<\/p>\n<p><strong>V obou p\u0159\u00edpadech jde o k\u0161efty se zbrojn\u00edmi a ve\u0159ejn\u00fdmi zak\u00e1zkami s provizemi vypl\u00e1cen\u00fdmi skrze spletence firem. A v obou p\u0159\u00edpadech najednou lid\u00e9, kte\u0159\u00ed v kauz\u00e1ch figurovali jako b\u00edl\u00ed kon\u011b, um\u00edraj\u00ed n\u00e1hle na sebevra\u017edy.<\/strong>\u00a0A aby toho nebylo m\u00e1lo, tak podle posledn\u00edch informac\u00ed\u00a0<strong>[<a href=\"https:\/\/href.li\/?https:\/\/echo24.cz\/a\/Hwy8y\/zpravy-zbrane-ukrajina-armada-zelenskyj-korupce-policie-vysetrovani-premier-petr-fiala-druzstevni-zalozna\" target=\"_blank\" rel=\"nofollow noopener\">4<\/a>]<\/strong>\u00a0kampeli\u010dku z Prahy vy\u0161et\u0159uje ukrajinsk\u00e1 rozv\u011bdka SBU, podle kter\u00e9 do n\u00ed odtekly pen\u00edze na n\u00e1kup d\u011blost\u0159eleck\u00fdch gran\u00e1t\u016f, ale Ukrajina nic nedostala. A nejen SBU se zapojila do vy\u0161et\u0159ov\u00e1n\u00ed.<\/p>\n<h6><span style=\"font-size: 18pt;\">\u00datvar NCOZ zablokoval pen\u00edze z kauzy kampeli\u010dky kv\u016fli vy\u0161et\u0159ov\u00e1n\u00ed, ale st\u00e1tn\u00ed zastupitelstv\u00ed je odblokovalo a prachy zmizely.<\/span><\/h6>\n<p>N\u00e1rodn\u00ed centr\u00e1la proti organizovan\u00e9mu zlo\u010dinu (NCOZ) v kauze kampeli\u010dky toti\u017e dokonce vydala pokyn, aby byla z\u016fst\u00e1vaj\u00edc\u00ed \u010d\u00e1st pen\u011bz z Ukrajiny zmrazena na \u00fa\u010dtech Podnikatelsk\u00e9 dru\u017estevn\u00ed z\u00e1lo\u017eny do doby, ne\u017e kauza bude pro\u0161et\u0159ena. Jen\u017ee, co se stalo potom, to hlava nebere! Z pokynu Vrchn\u00edho st\u00e1tn\u00edho zastupitelstv\u00ed v Praze byly prost\u0159edky op\u011bt rozmrazeny a na \u00fa\u010dtech kampeli\u010dky pak u\u017e nez\u016fstaly, rovn\u011b\u017e zmizely.<\/p>\n<p>To uvedl ve sv\u00e9m \u010dl\u00e1nku\u00a0<strong>[<a href=\"https:\/\/href.li\/?https:\/\/www.seznamzpravy.cz\/clanek\/audio-podcast-5-59-ukrajina-nema-ani-munici-ani-penize-zmareny-obchod-skoncil-v-cesku-241979\" target=\"_blank\" rel=\"nofollow noopener\">5<\/a>]<\/strong>\u00a0Janek Kroupa, kter\u00fd se kauzou zab\u00fdval.\u00a0<strong>Pro\u010d pra\u017esk\u00e9 st\u00e1tn\u00ed zastupitelstv\u00ed pen\u00edze rozmrazilo a ty pen\u00edze potom logicky rovn\u011b\u017e zmizely, jako v\u0161echny ostatn\u00ed z transakce, je pouze hroziv\u00fdm a \u0159vouc\u00edm vyk\u0159i\u010dn\u00edkem dlouh\u00fdch chapadel mafie okolo Fialovy vl\u00e1dy<\/strong>. Prost\u011b ty pen\u00edze nemohly b\u00fdt zadr\u017eeny, musely odej\u00edt, proto\u017ee ji\u017e n\u011bkomu mocn\u00e9mu pat\u0159ily. Nebylo dovoleno!<\/p>\n<figure id=\"attachment_59851\" class=\"wp-caption aligncenter\" style=\"width: 721px;\"><a href=\"https:\/\/aeronet.news\/wp-content\/uploads\/podnikatelska-druzstevni-zalozna_Fiala.jpg\"><img decoding=\"async\" loading=\"lazy\" class=\"wp-image-59851 \" src=\"https:\/\/aeronet.news\/wp-content\/uploads\/podnikatelska-druzstevni-zalozna_Fiala-1024x349.jpg\" sizes=\"(max-width: 700px) 100vw, 700px\" srcset=\"https:\/\/aeronet.news\/wp-content\/uploads\/podnikatelska-druzstevni-zalozna_Fiala-1024x349.jpg 1024w, https:\/\/aeronet.news\/wp-content\/uploads\/podnikatelska-druzstevni-zalozna_Fiala-300x102.jpg 300w, https:\/\/aeronet.news\/wp-content\/uploads\/podnikatelska-druzstevni-zalozna_Fiala-768x262.jpg 768w, https:\/\/aeronet.news\/wp-content\/uploads\/podnikatelska-druzstevni-zalozna_Fiala-700x239.jpg 700w, https:\/\/aeronet.news\/wp-content\/uploads\/podnikatelska-druzstevni-zalozna_Fiala-1047x357.jpg 1047w, https:\/\/aeronet.news\/wp-content\/uploads\/podnikatelska-druzstevni-zalozna_Fiala.jpg 1200w\" alt=\"\" width=\"721\" height=\"246\" \/><\/a><figcaption class=\"wp-caption-text\">Opis prezen\u010dn\u00ed listiny sch\u016fze Fialovy kampeli\u010dky z roku 2017<\/figcaption><\/figure>\n<p>Zkuste se zamyslet, kdy a v jak\u00fdch situac\u00edch by st\u00e1tn\u00ed zastupitelstv\u00ed rozmrazilo pen\u00edze na \u00fa\u010dtu firmy vy\u0161et\u0159ovan\u00e9 v kauze zmizel\u00fdch pen\u011bz z mezin\u00e1rodn\u00ed zbrojn\u00ed zak\u00e1zky v dob\u011b, kdy vy\u0161et\u0159ov\u00e1n\u00ed st\u00e1le b\u011b\u017e\u00ed a zdaleka nen\u00ed uzav\u0159eno? Samoz\u0159ejm\u011b, \u017ee je to naprosto jasn\u00e9. Kdy\u017e v 80. letech italsk\u00e1 mafie ovl\u00e1dala jih It\u00e1lie, m\u011bla pod palcem st\u00e1tn\u00ed zastupitelstv\u00ed v cel\u00e9 zemi. Byl to jeden ze znak\u016f moci mafie, tzv.\u00a0<em>segno di potenza<\/em>. St\u00e1tn\u00ed z\u00e1stupci ovl\u00e1dan\u00ed mafi\u00ed zastavovali trestn\u00ed kauzy, nechali mizet d\u016fkazy, sv\u011bdky, vy\u0161et\u0159ovac\u00ed spisy atd. \u010cinnost Fialovy vl\u00e1dy ji\u017e napl\u0148uje v\u0161echny rysy italsk\u00e9 mafie.<\/p>\n<h6><span style=\"font-size: 18pt;\">Segno di potenza<\/span><\/h6>\n<p>Fialova vl\u00e1da se chov\u00e1 jako mafie. Bez z\u00e1kona a opory v z\u00e1kon\u011b, v rozporu s \u00dastavou, blokovala opozi\u010dn\u00ed weby. Vl\u00e1da se neb\u00e1la okr\u00e1st d\u016fchodce na valorizac\u00edch, aby ve stejn\u00e9 dob\u011b a chv\u00edli m\u011bla pen\u00edze na vyzbrojov\u00e1n\u00ed Ukrajiny.\u00a0<strong>Kdy\u017e se okolo vl\u00e1dy rozho\u0159\u00ed korup\u010dn\u00ed kauzy vedouc\u00ed k podsv\u011bt\u00ed, mafii a ke zbran\u00edm, najednou za\u010dnou um\u00edrat b\u00edl\u00e9 kon\u011b z t\u011bchto kauz.<\/strong>\u00a0A ve v\u0161ech p\u0159\u00edpadech jde pr\u00fd ur\u010dit\u011b o sebevra\u017edy. A kdy\u017e n\u00e1hodou jin\u00e1 mocensk\u00e1 slo\u017eka st\u00e1tu zadr\u017e\u00ed a zablokuje pen\u00edze na \u00fa\u010dtech v r\u00e1mci n\u011bjak\u00e9 kauzy napojen\u00e9 na vl\u00e1dn\u00ed kruhy, tak st\u00e1tn\u00ed zastupitelstv\u00ed se ihned aktivuje a pen\u00edze odblokuje, aby mohly odej\u00edt. K\u0159i\u0161\u0165\u00e1lov\u011b \u010dist\u00e1 n\u00e1hoda?<\/p>\n<figure id=\"attachment_59843\" class=\"wp-caption aligncenter\" style=\"width: 819px;\"><a href=\"https:\/\/aeronet.news\/wp-content\/uploads\/FialaMafian.jpg\"><img decoding=\"async\" loading=\"lazy\" class=\"wp-image-59843 \" src=\"https:\/\/aeronet.news\/wp-content\/uploads\/FialaMafian.jpg\" sizes=\"(max-width: 1119px) 100vw, 1119px\" srcset=\"https:\/\/aeronet.news\/wp-content\/uploads\/FialaMafian.jpg 1119w, https:\/\/aeronet.news\/wp-content\/uploads\/FialaMafian-300x216.jpg 300w, https:\/\/aeronet.news\/wp-content\/uploads\/FialaMafian-768x552.jpg 768w, https:\/\/aeronet.news\/wp-content\/uploads\/FialaMafian-1024x737.jpg 1024w, https:\/\/aeronet.news\/wp-content\/uploads\/FialaMafian-700x504.jpg 700w, https:\/\/aeronet.news\/wp-content\/uploads\/FialaMafian-326x235.jpg 326w, https:\/\/aeronet.news\/wp-content\/uploads\/FialaMafian-496x357.jpg 496w, https:\/\/aeronet.news\/wp-content\/uploads\/FialaMafian-671x483.jpg 671w, https:\/\/aeronet.news\/wp-content\/uploads\/FialaMafian-198x143.jpg 198w\" alt=\"\" width=\"819\" height=\"589\" \/><\/a><figcaption class=\"wp-caption-text\">Meme nebo realita?<\/figcaption><\/figure>\n<p>P\u0159esn\u011b tohle se d\u011blo v Palermu v polovin\u011b 80. let, kdy\u017e elitn\u00ed a nezkorumpovan\u00ed detektivov\u00e9 z \u00datvaru zvl\u00e1\u0161tn\u00edho vy\u0161et\u0159ov\u00e1n\u00ed Ministerstva vnitra za\u010dali na Sic\u00edlii obstavovat \u00fa\u010dty m\u00edstn\u00edm kmotr\u016fm a jejich firm\u00e1m napojen\u00fdm na organizovan\u00fd zlo\u010din, tak m\u00edstn\u00ed st\u00e1tn\u00ed zastupitelstv\u00ed p\u0159\u00edkazem ty \u00fa\u010dty odblokovaly, ale ne\u017e p\u0159i\u0161el p\u0159\u00edkaz z gener\u00e1ln\u00ed prokuratury z \u0158\u00edma, kter\u00fd mohl zablokovat \u00fa\u010dty natrvalo, tak m\u00edstn\u00ed mafi\u00e1ni mezit\u00edm pen\u00edze vybrali nebo p\u0159evedli mimo It\u00e1lii.<\/p>\n<p>A te\u010f se pod\u00edvejte na Fialovu kampeli\u010dku a pen\u00edze, kter\u00e9 z n\u00ed zmizely z obchod\u016f se zbran\u011bmi v igelitov\u00fdch ta\u0161k\u00e1ch zp\u016fsobem, \u017ee co se nestihlo odn\u00e9st, bylo nejprve zmrazeno, ale pot\u00e9 odblokov\u00e1no po intervenci ze shora.\u00a0<em>Modus operandi<\/em>\u00a0jako v Palermu v 80. letech. Okolo vl\u00e1dy Petra Fialy se z korup\u010dn\u00edch kauz, kter\u00fdmi je vl\u00e1da obt\u011b\u017ekan\u00e1, za\u010d\u00ednaj\u00ed vr\u0161it hromady mrtvol b\u00edl\u00fdch ko\u0148\u016f jako v 80. letech na jihu It\u00e1lie. Mrtvoly toti\u017e nemluv\u00ed, ty mluv\u00ed s rybami.\u00a0<em>I morti non parlano, parlano con i pesci<\/em>.<\/p>\n<p><a href=\"https:\/\/aeronet.news\/okolo-vlady-petra-fialy-se-hromadi-mrtvoly-sef-fialovy-kampelicky-je-po-smrti-stejne-jako-ctverice-svedku-z-predchozi-kauzy-dozimetr-chobotnice-mafianu-okolo-nichz-umiraji-lide-svedci-a-bili-kone\/\">-VK- \u0160\u00e9fredaktor AE News<\/a><\/p>\n<p>&nbsp;<\/p>\n","protected":false},"excerpt":{"rendered":"<p>Okolo vl\u00e1dy Petra Fialy se hromad\u00ed mrtvoly! \u0160\u00e9f Fialovy kampeli\u010dky je po smrti, stejn\u011b jako&#8230;<\/p>\n","protected":false},"author":2,"featured_media":55462,"comment_status":"closed","ping_status":"closed","sticky":false,"template":"","format":"standard","meta":[],"categories":[6],"tags":[7068,3129,535,99],"_links":{"self":[{"href":"https:\/\/www.infokuryr.cz\/n\/wp-json\/wp\/v2\/posts\/55461"}],"collection":[{"href":"https:\/\/www.infokuryr.cz\/n\/wp-json\/wp\/v2\/posts"}],"about":[{"href":"https:\/\/www.infokuryr.cz\/n\/wp-json\/wp\/v2\/types\/post"}],"author":[{"embeddable":true,"href":"https:\/\/www.infokuryr.cz\/n\/wp-json\/wp\/v2\/users\/2"}],"replies":[{"embeddable":true,"href":"https:\/\/www.infokuryr.cz\/n\/wp-json\/wp\/v2\/comments?post=55461"}],"version-history":[{"count":0,"href":"https:\/\/www.infokuryr.cz\/n\/wp-json\/wp\/v2\/posts\/55461\/revisions"}],"wp:featuredmedia":[{"embeddable":true,"href":"https:\/\/www.infokuryr.cz\/n\/wp-json\/wp\/v2\/media\/55462"}],"wp:attachment":[{"href":"https:\/\/www.infokuryr.cz\/n\/wp-json\/wp\/v2\/media?parent=55461"}],"wp:term":[{"taxonomy":"category","embeddable":true,"href":"https:\/\/www.infokuryr.cz\/n\/wp-json\/wp\/v2\/categories?post=55461"},{"taxonomy":"post_tag","embeddable":true,"href":"https:\/\/www.infokuryr.cz\/n\/wp-json\/wp\/v2\/tags?post=55461"}],"curies":[{"name":"wp","href":"https:\/\/api.w.org\/{rel}","templated":true}]}}