{"id":55440,"date":"2024-06-10T00:43:07","date_gmt":"2024-06-09T22:43:07","guid":{"rendered":"https:\/\/www.infokuryr.cz\/n\/?p=55440"},"modified":"2024-06-09T18:30:03","modified_gmt":"2024-06-09T16:30:03","slug":"iran-odhalil-kandidaty-na-prezidentske-volby","status":"publish","type":"post","link":"https:\/\/www.infokuryr.cz\/n\/2024\/06\/10\/iran-odhalil-kandidaty-na-prezidentske-volby\/","title":{"rendered":"\u00cdr\u00e1n odhalil kandid\u00e1ty na prezidentsk\u00e9 volby"},"content":{"rendered":"<div id=\"fb-root\"><\/div>\n<p><span style=\"font-size: 18pt;\"><strong>Konzervativci a zast\u00e1nci tvrd\u00e9 linie dominuj\u00ed seznamu uchaze\u010d\u016f o n\u00e1stupce zesnul\u00e9ho Ebrahima Raisiho<\/strong><\/span><\/p>\n<p><span>\u00cdr\u00e1nsk\u00e9 ministerstvo vnitra zve\u0159ejnilo kone\u010dn\u00fd seznam \u0161esti kandid\u00e1t\u016f, kte\u0159\u00ed se tento m\u011bs\u00edc utkaj\u00ed v prezidentsk\u00fdch volb\u00e1ch. Volby byly vyhl\u00e1\u0161eny pot\u00e9, co prezident Ebrahim Raisi zahynul v kv\u011btnu p\u0159i hav\u00e1rii vrtuln\u00edku.<\/span><\/p>\n<p><span>Kandid\u00e1ty schv\u00e1lila \u00edr\u00e1nsk\u00e1 rada str\u00e1\u017ec\u016f, panel duchovn\u00edch a pr\u00e1vn\u00edk\u016f, kter\u00fd m\u00e1 pr\u00e1vo veta nad legislativou p\u0159ijatou parlamentem a ur\u010duje, kdo se m\u016f\u017ee uch\u00e1zet o \u00fa\u0159ad v isl\u00e1msk\u00e9 republice.<\/span><\/p>\n<p><span>Masoud Pezeshkian, Mostafa Pour Mohammadi, Saeed Jalili, Alireza Zakani, Amirhossein Qazizadeh Hashemi a Mohammad Bagher Ghalibaf se z\u00fa\u010dastn\u00ed voleb 28. \u010dervna, ozn\u00e1milo ministerstvo v ned\u011bli.<\/span><\/p>\n<p><span>Ghalibaf je sou\u010dasn\u00fdm p\u0159edsedou \u00edr\u00e1nsk\u00e9ho parlamentu. B\u00fdval\u00fd \u0161\u00e9f policie ne\u00fasp\u011b\u0161n\u011b kandidoval na prezidenta v letech 2005 a 2013. Hashemi v sou\u010dasnosti p\u016fsob\u00ed jako viceprezident, zat\u00edmco Zakani je starostou Teher\u00e1nu. V\u0161ichni t\u0159i jsou pova\u017eov\u00e1ni za zast\u00e1nce tvrd\u00e9 linie. Pezeshkian je pova\u017eov\u00e1n za reformistu. Mohammadi je konzervativn\u00ed pr\u00e1vn\u00edk, zat\u00edmco Jalili vedl v letech 2007 a\u017e 2013 \u00edr\u00e1nskou Nejvy\u0161\u0161\u00ed radu n\u00e1rodn\u00ed bezpe\u010dnosti a byl vysok\u00fdm jadern\u00fdm vyjednava\u010dem.<\/span><\/p>\n<p><span>Raisi a ministr zahrani\u010d\u00ed Hossein Amir-Abdollahian byli zabiti, kdy\u017e vrtuln\u00edk, kter\u00fdm cestovali, havaroval 19. kv\u011btna v \u00edr\u00e1nsk\u00e9 provincii V\u00fdchodn\u00ed \u00c1zerb\u00e1jd\u017e\u00e1n. P\u0159\u00ed\u010dina incidentu dosud nebyla zji\u0161t\u011bna, ale zpr\u00e1va gener\u00e1ln\u00edho \u0161t\u00e1bu \u00edr\u00e1nsk\u00e9 arm\u00e1dy uvedla, \u017ee sabot\u00e1\u017e byla vylou\u010dena.<\/span><\/p>\n<p><em><span>\u201eP\u0159i oprav\u00e1ch a \u00fadr\u017eb\u011b nebyly zji\u0161t\u011bny \u017e\u00e1dn\u00e9 z\u00e1vady, kter\u00e9 by mohly m\u00edt vliv na nehodu,\u201c<\/span><\/em><span>\u00a0prohl\u00e1sil gener\u00e1ln\u00ed \u0161t\u00e1b s t\u00edm, \u017ee hmotnost vrtuln\u00edku p\u0159i startu byla\u00a0<\/span><em><span>\u201ev povolen\u00e9m limitu\u201c.<\/span><\/em><span>\u00a0Pov\u011btrnostn\u00ed podm\u00ednky pod\u00e9l trasy vrtuln\u00edku\u00a0<\/span><em><span>\u201eje t\u0159eba d\u00e1le prozkoumat,\u201c<\/span><\/em><span>\u00a0uzav\u0159ela zpr\u00e1va.<\/span><\/p>\n<p><img decoding=\"async\" loading=\"lazy\" class=\"alignnone size-full wp-image-1185\" src=\"http:\/\/www.infokuryr.cz\/n\/wp-content\/uploads\/2021\/04\/kuryr-podpis.png\" alt=\"\" width=\"84\" height=\"24\" \/><\/p>\n<p>&nbsp;<\/p>\n","protected":false},"excerpt":{"rendered":"<p>Konzervativci a zast\u00e1nci tvrd\u00e9 linie dominuj\u00ed seznamu uchaze\u010d\u016f o n\u00e1stupce zesnul\u00e9ho Ebrahima Raisiho \u00cdr\u00e1nsk\u00e9 ministerstvo&#8230;<\/p>\n","protected":false},"author":2,"featured_media":55158,"comment_status":"closed","ping_status":"closed","sticky":false,"template":"","format":"standard","meta":[],"categories":[7],"tags":[38,3387,165],"_links":{"self":[{"href":"https:\/\/www.infokuryr.cz\/n\/wp-json\/wp\/v2\/posts\/55440"}],"collection":[{"href":"https:\/\/www.infokuryr.cz\/n\/wp-json\/wp\/v2\/posts"}],"about":[{"href":"https:\/\/www.infokuryr.cz\/n\/wp-json\/wp\/v2\/types\/post"}],"author":[{"embeddable":true,"href":"https:\/\/www.infokuryr.cz\/n\/wp-json\/wp\/v2\/users\/2"}],"replies":[{"embeddable":true,"href":"https:\/\/www.infokuryr.cz\/n\/wp-json\/wp\/v2\/comments?post=55440"}],"version-history":[{"count":0,"href":"https:\/\/www.infokuryr.cz\/n\/wp-json\/wp\/v2\/posts\/55440\/revisions"}],"wp:featuredmedia":[{"embeddable":true,"href":"https:\/\/www.infokuryr.cz\/n\/wp-json\/wp\/v2\/media\/55158"}],"wp:attachment":[{"href":"https:\/\/www.infokuryr.cz\/n\/wp-json\/wp\/v2\/media?parent=55440"}],"wp:term":[{"taxonomy":"category","embeddable":true,"href":"https:\/\/www.infokuryr.cz\/n\/wp-json\/wp\/v2\/categories?post=55440"},{"taxonomy":"post_tag","embeddable":true,"href":"https:\/\/www.infokuryr.cz\/n\/wp-json\/wp\/v2\/tags?post=55440"}],"curies":[{"name":"wp","href":"https:\/\/api.w.org\/{rel}","templated":true}]}}