{"id":55439,"date":"2024-06-10T00:42:19","date_gmt":"2024-06-09T22:42:19","guid":{"rendered":"https:\/\/www.infokuryr.cz\/n\/?p=55439"},"modified":"2024-06-09T18:27:15","modified_gmt":"2024-06-09T16:27:15","slug":"nemecko-se-postavilo-proti-francouzskym-planum-poslat-vojaky-na-ukrajinu","status":"publish","type":"post","link":"https:\/\/www.infokuryr.cz\/n\/2024\/06\/10\/nemecko-se-postavilo-proti-francouzskym-planum-poslat-vojaky-na-ukrajinu\/","title":{"rendered":"N\u011bmecko se postavilo proti francouzsk\u00fdm pl\u00e1n\u016fm poslat voj\u00e1ky na Ukrajinu"},"content":{"rendered":"<div id=\"fb-root\"><\/div>\n<p><span style=\"font-size: 18pt;\"><strong>Emmanuel Macron vytv\u00e1\u0159\u00ed koalici z\u00e1padn\u00edch st\u00e1t\u016f ochotn\u00fdch vyslat poradce, kte\u0159\u00ed budou cvi\u010dit kyjevsk\u00e9 jednotky na m\u00edst\u011b<\/strong><\/span><\/p>\n<p>Berl\u00edn nepodpo\u0159\u00ed n\u00e1vrh Francie vyslat na Ukrajinu z\u00e1padn\u00ed instruktory, aby vycvi\u010dili jej\u00ed arm\u00e1du, uvedl v ned\u011bli n\u011bmeck\u00fd zpravodajsk\u00fd server Welt am Sonntag s odvol\u00e1n\u00edm na zdroje.<\/p>\n<p>D\u0159\u00edv\u011bj\u0161\u00ed zpr\u00e1vy uv\u00e1d\u011bly, \u017ee se francouzsk\u00fd prezident Emmanuel Macron pokou\u0161el vytvo\u0159it koalici ochotnou nasadit specialisty na v\u00fdcvik ukrajinsk\u00e9 arm\u00e1dy na m\u00edst\u011b. Macron to\u00a0<a href=\"https:\/\/swentr.site\/news\/598988-macron-ukraine-instructors-coalition\/\">potvrdil<\/a>\u00a0na p\u00e1te\u010dn\u00edm tiskov\u00e9m br\u00edfinku a dodal, \u017ee n\u011bkolik zem\u00ed ji\u017e souhlasilo, \u017ee se k tomuto \u00fasil\u00ed p\u0159ipoj\u00ed.<\/p>\n<p>Podle informac\u00ed, kter\u00e9 Welt z\u00edskal, na rozkaz francouzsk\u00e9ho prezidenta n\u00e1\u010deln\u00edk gener\u00e1ln\u00edho \u0161t\u00e1bu francouzsk\u00e9 arm\u00e1dy gener\u00e1l Thierry Burkhard minul\u00fd t\u00fdden napsal n\u011bkter\u00fdm sv\u00fdm koleg\u016fm z NATO a pozval je k \u00fa\u010dasti na v\u00fdcvikov\u00e9 misi na Ukrajin\u011b v r\u00e1mci nadn\u00e1rodn\u00ed\u00a0<em>\u201ekoalice ochotn\u00fdch\u201c.<\/em>\u00a0Dopis byl \u00fadajn\u011b adresov\u00e1n USA a p\u0159ibli\u017en\u011b deseti evropsk\u00fdm zem\u00edm, v\u010detn\u011b Spojen\u00e9ho kr\u00e1lovstv\u00ed, Polska, Nizozemska, pobaltsk\u00fdch\u00a0<a href=\"https:\/\/swentr.site\/russia\/597908-estonia-nato-trainers-ukraine\/\">st\u00e1t\u016f<\/a>\u00a0, D\u00e1nska a \u0160v\u00e9dska.<\/p>\n<p>N\u011bmecko ale do depe\u0161e zahrnuto nebylo, tvrdil list, proto\u017ee u\u017e p\u0159i ned\u00e1vn\u00fdch jedn\u00e1n\u00edch v Bruselu jasn\u011b \u0159eklo, \u017ee n\u011bme\u010dt\u00ed voj\u00e1ci se mise na ukrajinsk\u00e9 p\u016fd\u011b nez\u00fa\u010dastn\u00ed. N\u011bmeck\u00e1 vl\u00e1da podle publikace spolu s It\u00e1li\u00ed a \u0160pan\u011blskem vyj\u00e1d\u0159ila obavu, \u017ee v\u00fdcvik kyjevsk\u00fdch jednotek na m\u00edst\u011b by mohl eskalovat konflikt a zat\u00e1hnout Z\u00e1pad do v\u00e1lky s Ruskem.<\/p>\n<p>Macron za\u010dal p\u0159edkl\u00e1dat my\u0161lenku rozm\u00edst\u011bn\u00ed jednotek na Ukrajinu v \u00fanoru, co\u017e vyvolalo odpor v\u011bt\u0161iny spojenc\u016f NATO. N\u011bmeck\u00fd kancl\u00e9\u0159 Olaf Scholz opakovan\u011b vyj\u00e1d\u0159il nesouhlas s vysl\u00e1n\u00edm voj\u00e1k\u016f na Ukrajinu s t\u00edm, \u017ee Berl\u00edn je\u00a0<a href=\"https:\/\/swentr.site\/news\/598176-scholz-ukraine-red-line\/\">proti<\/a>\u00a0jak\u00e9koli akci, kter\u00e1 by mohla z NATO, nebo zejm\u00e9na N\u011bmecka, ud\u011blat stranu ukrajinsk\u00e9ho konfliktu.<\/p>\n<p>USA tak\u00e9 \u00fadajn\u011b odm\u00edtly my\u0161lenku francouzsk\u00e9ho v\u016fdce vyslat do Kyjeva instruktory. Podle p\u00e1te\u010dn\u00ed zpr\u00e1vy Politico vyj\u00e1d\u0159il americk\u00fd prezident Joe Biden obavu, \u017ee jednotky NATO nasazen\u00e9 na Ukrajinu, by\u0165 jako tren\u00e9\u0159i, mohou skon\u010dit v palebn\u00e9 linii. Na tiskov\u00e9m br\u00edfinku t\u00e9ho\u017e dne poradce B\u00edl\u00e9ho domu pro n\u00e1rodn\u00ed bezpe\u010dnost pro komunikaci John Kirby \u0159ekl, \u017ee Biden opakovan\u011b zd\u016fraz\u0148oval\u00a0<em>\u201ev boji na Ukrajin\u011b nebudou americk\u00e9 boty na zemi\u201c.<\/em><\/p>\n<p>Moskva dlouhodob\u011b odsuzuje Z\u00e1pad za poskytov\u00e1n\u00ed vojensk\u00e9 pomoci Kyjevu a varuje p\u0159ed pos\u00edl\u00e1n\u00edm ciz\u00edho vojensk\u00e9ho person\u00e1lu na Ukrajinu, kter\u00e1 by podle n\u00ed byla pova\u017eov\u00e1na za legitimn\u00ed c\u00edl \u00fatoku.<\/p>\n<p><img decoding=\"async\" loading=\"lazy\" class=\"alignnone size-full wp-image-1185\" src=\"http:\/\/www.infokuryr.cz\/n\/wp-content\/uploads\/2021\/04\/kuryr-podpis.png\" alt=\"\" width=\"84\" height=\"24\" \/><\/p>\n<p>&nbsp;<\/p>\n","protected":false},"excerpt":{"rendered":"<p>Emmanuel Macron vytv\u00e1\u0159\u00ed koalici z\u00e1padn\u00edch st\u00e1t\u016f ochotn\u00fdch vyslat poradce, kte\u0159\u00ed budou cvi\u010dit kyjevsk\u00e9 jednotky na&#8230;<\/p>\n","protected":false},"author":2,"featured_media":22291,"comment_status":"closed","ping_status":"closed","sticky":false,"template":"","format":"standard","meta":[],"categories":[7],"tags":[80,130,307,84,26],"_links":{"self":[{"href":"https:\/\/www.infokuryr.cz\/n\/wp-json\/wp\/v2\/posts\/55439"}],"collection":[{"href":"https:\/\/www.infokuryr.cz\/n\/wp-json\/wp\/v2\/posts"}],"about":[{"href":"https:\/\/www.infokuryr.cz\/n\/wp-json\/wp\/v2\/types\/post"}],"author":[{"embeddable":true,"href":"https:\/\/www.infokuryr.cz\/n\/wp-json\/wp\/v2\/users\/2"}],"replies":[{"embeddable":true,"href":"https:\/\/www.infokuryr.cz\/n\/wp-json\/wp\/v2\/comments?post=55439"}],"version-history":[{"count":0,"href":"https:\/\/www.infokuryr.cz\/n\/wp-json\/wp\/v2\/posts\/55439\/revisions"}],"wp:featuredmedia":[{"embeddable":true,"href":"https:\/\/www.infokuryr.cz\/n\/wp-json\/wp\/v2\/media\/22291"}],"wp:attachment":[{"href":"https:\/\/www.infokuryr.cz\/n\/wp-json\/wp\/v2\/media?parent=55439"}],"wp:term":[{"taxonomy":"category","embeddable":true,"href":"https:\/\/www.infokuryr.cz\/n\/wp-json\/wp\/v2\/categories?post=55439"},{"taxonomy":"post_tag","embeddable":true,"href":"https:\/\/www.infokuryr.cz\/n\/wp-json\/wp\/v2\/tags?post=55439"}],"curies":[{"name":"wp","href":"https:\/\/api.w.org\/{rel}","templated":true}]}}