{"id":55368,"date":"2024-06-07T05:49:45","date_gmt":"2024-06-07T03:49:45","guid":{"rendered":"https:\/\/www.infokuryr.cz\/n\/?p=55368"},"modified":"2024-06-07T05:49:45","modified_gmt":"2024-06-07T03:49:45","slug":"michael-svatos-pentagon-vcera-priznal-ze-jeho-armada-ztratila-duveru-v-novem-rozpoctu-proto-neni-ani-cent-pro-ukrajinu","status":"publish","type":"post","link":"https:\/\/www.infokuryr.cz\/n\/2024\/06\/07\/michael-svatos-pentagon-vcera-priznal-ze-jeho-armada-ztratila-duveru-v-novem-rozpoctu-proto-neni-ani-cent-pro-ukrajinu\/","title":{"rendered":"Michael Svato\u0161: Pentagon v\u010dera p\u0159iznal, \u017ee jeho Arm\u00e1da ztratila d\u016fv\u011bru. V nov\u00e9m rozpo\u010dtu proto nen\u00ed ani cent pro Ukrajinu&#8230;"},"content":{"rendered":"<div id=\"fb-root\"><\/div>\n<p><span style=\"font-size: 14pt; color: #993366;\"><strong>Pentagon v\u010dera p\u0159iznal, \u017ee jeho Arm\u00e1da ztratila d\u016fv\u011bru. V nov\u00e9m rozpo\u010dtu proto nen\u00ed ani cent pro Ukrajinu, ale 15% zv\u00fd\u0161en\u00ed plat\u016f pro nejni\u017e\u0161\u00ed arm\u00e1dn\u00ed person\u00e1l. Slavn\u00e1 teorie profesora Sztompky se tak k nelibosti Kyjeva potvrzuje. Kdo si naopak u\u017e\u00edv\u00e1 ohromn\u00e9 d\u016fv\u011bry, je Putin!<\/strong><\/span><\/p>\n<p>Ne\u017e se pust\u00edme do dne\u0161n\u00ed anal\u00fdzy op\u011bt jedno lah\u016fdkov\u00e9 rusk\u00e9 video. \u00dadern\u00fd dron Lancet za\u00fato\u010dil na ukrajinsk\u00e9 leti\u0161t\u011b\u00a0<a href=\"https:\/\/one.kr.ua\/news\/19109\">\u0414\u043e\u043b\u0433\u0438\u043d\u0446\u0435\u0432\u043e \u043f\u043e\u0434 \u041a\u0440\u0438\u0432\u044b\u043c \u0420\u043e\u0433\u043e\u043c<\/a>\u00a0a zni\u010dil jeden SU-25. Nejmen\u0161\u00ed mo\u017en\u00e1 vzd\u00e1lenost na jakou dron \u00fato\u010dil je 100km. Podle praxe byl vypu\u0161t\u011bn nejm\u00e9n\u011b 20 km do linie fronty, tak\u017ee vzd\u00e1lenost, na kterou nalezl a zni\u010dil c\u00edl je je\u0161t\u011b mnohem v\u011bt\u0161\u00ed. (<a href=\"https:\/\/t.me\/rybar\/60700\">Video zde.<\/a>) \u00datok je zaj\u00edmav\u00fd nejen svou p\u0159esnost\u00ed, nutnost\u00ed p\u0159ekonat protivzdu\u0161nou obranu leti\u0161t\u011b i m\u011bsta Kryvyj Rih, a d\u00e9lkou \u00fatoku, ale jak pochop\u00edte na konci anal\u00fdzy i skute\u010dnost\u00ed, \u017ee drony Lancet Ukrajinci z\u00e1sadn\u011b neuv\u00e1d\u011bj\u00ed do sv\u00fdch statistik \u00fato\u010d\u00edc\u00edch a zni\u010den\u00fdch st\u0159el, raket a dron\u016f. Proto\u017ee u\u017e p\u0159ed \u010dasem jsem zve\u0159ejnil obdobn\u00fd \u00fatok Lancetu na taha\u010d p\u0159epravuj\u00edc\u00ed v hloubi Ukrajiny u velk\u00e9ho m\u011bsta po d\u00e1lnici nalo\u017een\u00e1 obrn\u011bn\u00e1 vozidla, zd\u00e1 se jist\u00e9, \u017ee Lancety p\u0159edstavuj\u00ed pro Ukrajince tak velk\u00fd probl\u00e9m, \u017ee o nich rad\u011bji ani nereferuj\u00ed.\u00a0(Pozn\u00e1mka k minul\u00e9mu rusk\u00e9mu \u00faderu na leti\u0161ti Stryj. Pozorn\u00fd \u010dten\u00e1\u0159 mi poslal p\u0159em\u011b\u0159enou dr\u00e1hu leti\u0161t\u011b, o kter\u00e9 jsem tvrdil, \u017ee m\u011b\u0159\u00ed 6km, a ta je jen polovi\u010dn\u00ed. D\u011bkuji za upozorn\u011bn\u00ed. Rusk\u00fd zdroj, kter\u00fd jsem citoval, z\u0159ejm\u011b s\u010d\u00edtal d\u00e9lku obou ranvej\u00ed.)<\/p>\n<p>22. \u0159\u00edjna 2023 jsme\u00a0<a href=\"https:\/\/www.michalapetr.com\/map-1812-vcerejsi-skore-jedineho-maleho-ruskeho-civilniho-dronu-za-12-hodin-prace-24-tezce-zranenych-a-9-zabitych-6-minutove-video-ktere-ukazuje-bezvychodnou-situaci-kyjevske-mobilizovane-pechoty\/\">v MAP 1812 analyzovali<\/a>, \u017ee proti mal\u00fdm v\u00e1le\u010dn\u00fdm dron\u016fm existuje levn\u00e1, jednoduch\u00e1 a snadno dostupn\u00e1 zbra\u0148 \u2013 loveck\u00e1 brokovnice. A st\u0159elec, nejl\u00e9pe myslivec, zvykl\u00fd lovit kachny a ba\u017eanty, kter\u00fd st\u0159e\u017e\u00ed s brokovnic\u00ed n\u011bkolik dal\u0161\u00edch voj\u00e1k\u016f. Od t\u00e9 doby uplynulo 230 dn\u00ed. A hle, co se stalo \u2013\u00a0<a href=\"https:\/\/www.unian.net\/war\/voyna-v-ukraine-voennyy-ocenil-effektivnost-metoda-rossiyan-sbivat-drony-iz-drobovikov-12658749.html\">Ukrajin\u0161t\u00ed oper\u00e1to\u0159i dron\u016f si v\u010dera za\u010dali hlasit\u011b st\u011b\u017eovat<\/a>\u00a0sv\u00e9 Soldatesce, \u017ee ka\u017ed\u00fd 4 Rus je u\u017e na boji\u0161ti vyzbrojen brokovnic\u00ed a sest\u0159eluje mal\u00e9 drony, je\u0161t\u011b d\u0159\u00edv ne\u017e na n\u011b za\u00fato\u010d\u00ed. A co v\u00edc \u2013 Ukrajinci se v\u010dera zlobili, \u017ee Putin rozdal sv\u00fdm voj\u00e1k\u016fm brokovnice, ale Zelenskyj sv\u00fdm ne. Nejchyt\u0159ej\u0161\u00ed gener\u00e1lov\u00e9 a politici NATO, kte\u0159\u00ed ve dne v noci nemysl\u00ed na nic jin\u00e9ho, ne\u017e jak rozpoutat III. sv\u011btovou v\u00e1lku a porazit Rusko, tak op\u011bt selhali. Neb jen hlup\u00e1k m\u016f\u017ee cht\u00edt st\u0159\u00edlet na Rusko dalekonosn\u00e9 rakety, a cht\u00edt ho srazit na kolena, a nep\u0159ij\u00edt p\u0159itom na to, \u017ee proti mal\u00fdm dron\u016fm se mus\u00ed aspo\u0148 voj\u00e1k\u016fm rozdat oby\u010dejn\u00e9 loveck\u00e9 brokovnice, aby m\u011bli aspo\u0148 malou mizernou \u0161anci tuhle jejich hnusnou v\u00e1lku p\u0159e\u017e\u00edt.<\/p>\n<p>Ukrajinci nyn\u00ed d\u00edky nep\u0159etr\u017eit\u00fdm rusk\u00fdm \u00fatok\u016fm drony trp\u00ed d\u011bsiv\u00e9 ztr\u00e1ty.\u00a0(<a href=\"https:\/\/www.michalapetr.com\/map-2011-kyjevska-media-vcera-poprve-priznala-krutou-pravdu-rusove-za-96-hodin-zlikviduji-drony-80-z-kazdych-100-mobilizovanych-vojaku-ktere-proti-nim-zelenskyj-nakomanduje\/\">Viz MAP 2011.<\/a>)\u00a0Den po t\u00e9, co jsme tuto skute\u010dnost analyzovali, vystoupil p\u0159ed z\u00e1padn\u00edmi novin\u00e1\u0159i samotn\u00fd moskevsk\u00fd Gosudar, a<strong>\u00a0<a href=\"https:\/\/www.kp.ru\/daily\/27591\/4942003\/\">p\u0159iznal<\/a><\/strong>, \u017ee jeho vojska trp\u00ed nevratn\u00e9 ztr\u00e1ty 5000 voj\u00e1k\u016f m\u011bs\u00ed\u010dn\u011b, ale \u017ee vojska kyjevsk\u00e9 Soldatesky<strong>\u00a0<a href=\"https:\/\/www.kp.ru\/daily\/27591\/4942003\/\">ztr\u00e1c\u00ed<\/a>\u00a0<\/strong>25 000 chochol\u016f m\u011bs\u00ed\u010dn\u011b. Podle Putina \u010din\u00ed nevratn\u00e9 ztr\u00e1ty na obou stran\u00e1ch konfliktu 50% mrtv\u00fdch, a 50% zmrza\u010den\u00fdch. To odpov\u00edd\u00e1 ro\u010dn\u011b zabit\u00ed 150 000 Ukrajinc\u016f a 30 000 Rus\u016f. Stejn\u00e9 po\u010dty voj\u00e1k\u016f jsou potom na obou stran\u00e1ch zmrza\u010deny. Putin dlouho ml\u010del o sv\u00fdch ztr\u00e1t\u00e1ch, a d\u00e1 se tak usuzovat, \u017ee teprve leto\u0161n\u00edho roku se rusk\u00fdm vojsk\u016fm poda\u0159ilo masov\u00fdm pou\u017e\u00edv\u00e1n\u00edm dron\u016f natolik vych\u00fdlit vz\u00e1jemn\u00fd pom\u011br mrtv\u00fdch a zmrza\u010den\u00fdch v jasnou Gosudarovu politickou a vojenskou v\u00fdhodu, a Putin tak u\u017e mohl bez obav vyj\u00edt na ve\u0159ejnost s p\u0159en\u00fdmi \u010d\u00edsly.<\/p>\n<p>Se ztr\u00e1tami ve st\u0159edu zve\u0159ejn\u011bn\u00fdmi Putinem je to v\u016fbec komick\u00e9. \u010cesk\u00fd mainstream se t\u00e9matu\u00a0<a href=\"https:\/\/www.ceskenoviny.cz\/ukrinform\/cesky\/zprava.php?id=1218702\">oklikou vyhnul<\/a>, a cel\u00fd den rad\u011bji hl\u00e1sal ukrajinsk\u00e9 fantasmagorie o p\u016fl milionu nen\u00e1vratn\u011b ztracen\u00fdch Rusech. A jedno tzv. \u010desk\u00e9 vlasteneck\u00e9 m\u00e9dium dokonce rad\u011bji tvrdilo, \u017ee Putin \u201c<a href=\"https:\/\/cz24.news\/povolily-jste-ukrajine-ostrelovat-rusko-dalekonosnymi-zbranemi-tak-my-muzeme-dat-tretim-zemim-zbrane-k-utokum-na-vas-varuje-putin\/\">odm\u00edtnul ztr\u00e1ty zve\u0159ejnit, dokud v\u00e1lka neskon\u010d\u00ed<\/a>.\u201d. A \u017ee\u00a0\u201c<a href=\"https:\/\/cz24.news\/povolily-jste-ukrajine-ostrelovat-rusko-dalekonosnymi-zbranemi-tak-my-muzeme-dat-tretim-zemim-zbrane-k-utokum-na-vas-varuje-putin\/\">bez bli\u017e\u0161\u00edch podrobnost\u00ed \u0159ekl, \u017ee ukrajinsk\u00e9 ztr\u00e1ty jsou p\u0159ibli\u017en\u011b 5 kr\u00e1t vy\u0161\u0161\u00ed ne\u017e rusk\u00e9.<\/a>\u201c. T\u00e9ma ztr\u00e1t, kter\u00e9 Gosudar ve st\u0159edu odpoledne p\u0159iznal, vyd\u011bsilo i dom\u00e1c\u00ed rusk\u00e9 vlasteneck\u00e9 telegramov\u00e9 blogery, a ti rad\u011bji tak\u00e9 podivn\u011b ml\u010deli, a\u010d jindy \u0159i\u010d\u00ed nad neschopn\u00fdmi gener\u00e1ly i vojensk\u00fdmi \u00fa\u0159edn\u00edky, a d\u00e1vaj\u00ed jim v\u0161echny rusk\u00e9 ne\u00fasp\u011bchy za vinu.<\/p>\n<p><a href=\"https:\/\/stranapro.cz\/\"><img decoding=\"async\" loading=\"lazy\" class=\"wp-image-53371 aligncenter\" src=\"http:\/\/www.infokuryr.cz\/n\/wp-content\/uploads\/2024\/05\/pro-6-volby-300x169.jpg\" alt=\"\" width=\"922\" height=\"519\" srcset=\"https:\/\/www.infokuryr.cz\/n\/wp-content\/uploads\/2024\/05\/pro-6-volby-300x169.jpg 300w, https:\/\/www.infokuryr.cz\/n\/wp-content\/uploads\/2024\/05\/pro-6-volby-768x431.jpg 768w, https:\/\/www.infokuryr.cz\/n\/wp-content\/uploads\/2024\/05\/pro-6-volby.jpg 785w\" sizes=\"(max-width: 922px) 100vw, 922px\" \/><\/a><\/p>\n<p>Oslavovat 5ti n\u00e1sobn\u00e9 ni\u010den\u00ed nep\u0159\u00edtele v pom\u011bru k vlastn\u00edm ztr\u00e1t\u00e1m, se zd\u00e1 tak b\u00fdt v Rusku nevlasteneck\u00e9. Pro Putinovo strojov\u00e9 \u00fa\u010detn\u00ed v\u00e1le\u010dnictv\u00ed, ve kter\u00e9m m\u00e1 kone\u010dn\u00fd v\u00fdsledek zajistit brut\u00e1ln\u00ed fyzick\u00e1 likvidace nep\u0159\u00e1tel a jejich ekonomiky, bez vlastn\u00edch zbyte\u010dn\u00fdch ztr\u00e1t, a ne brilantn\u00ed a hrdinsk\u00e9 arm\u00e1dn\u00ed \u00fato\u010dn\u00e9 a obkli\u010dovac\u00ed operace, p\u0159i kter\u00fdch se na bezejmenn\u00fdch v\u00fd\u0161in\u00e1ch a budov\u00e1ch vzty\u010duj\u00ed v\u00edt\u011bzn\u00e9 vlajky, aby p\u0159ehlu\u0161ily pocity marnosti z vlastn\u00edch ztr\u00e1t, nemaj\u00ed vlastenci ani kolektivn\u00ed Z\u00e1pad kupodivu spole\u010dn\u011b pochopen\u00ed. Vlastenci toti\u017e nemaj\u00ed v soci\u00e1ln\u00edch s\u00edt\u00edch, co oslavovat, a ukazovat. A Z\u00e1pad se boj\u00ed, \u017ee do jeho arm\u00e1d p\u0159estanou nastupovat nov\u00e9 ro\u010dn\u00edky profesion\u00e1ln\u00edch voj\u00e1k\u016f na nejni\u017e\u0161\u00ed pozice p\u011b\u0161\u00e1k\u016f, proto\u017ee ani idiot nehodl\u00e1 b\u00fdt rychle a nemilosrdn\u011b zabit dronem v n\u011bjak\u00e9 dal\u0161\u00ed nov\u00e9 strojov\u00e9 \u00fa\u010detn\u00ed v\u00e1lce, kterou se Z\u00e1padn\u00ed politici pokou\u0161ej\u00ed neust\u00e1le vyvol\u00e1vat.<\/p>\n<p>Konkr\u00e9tn\u00ed dopady Putinovy strojov\u00e9 \u00fa\u010detn\u00ed v\u00e1lky jsou u\u017e vid\u011bt i za Atlantikem. Pentagon\u00a0<a href=\"https:\/\/www.unian.net\/world\/oboronnyy-byudzhet-ssha-2025-v-proekte-net-pomoshchi-ukraine-12658770.html\">v\u010dera doru\u010dil<\/a>\u00a0na Kapitol prvn\u00ed verzi vojensk\u00e9ho rozpo\u010dtu na p\u0159\u00ed\u0161t\u00ed rok, a jednak v n\u011bm poprv\u00e9 po dlouh\u00e9 dob\u011b chyb\u00ed vojensk\u00e1 pomoc Ukrajin\u011b, a jednak se v n\u011bm razantn\u011b zvedaj\u00ed platby za nejni\u017e\u0161\u00ed \u017eoldn\u00e9\u0159sk\u00e9 pozice o 15%, a v\u0161echny ostatn\u00ed o 4.5%. Arm\u00e1da USA toti\u017e nen\u00ed schopn\u00e1 nab\u00edrat mlad\u00e9 voj\u00e1ky na nejni\u017e\u0161\u00ed pozice, a tento dlouhodob\u00fd propad se dramaticky urychlil v letech 2022 a 2023. Arm\u00e1da sociologick\u00e9 \u00fadaje, pro\u010d se j\u00ed v posledn\u00edch dvou letech n\u00e1bor neda\u0159\u00ed, \u00fazkostliv\u011b taj\u00ed, Ale na ve\u0159ejnost proniklo \u0161okuj\u00edc\u00ed zji\u0161t\u011bn\u00ed, \u017ee jedna z hlavn\u00edch c\u00edlov\u00fdch n\u00e1borov\u00fdch skupin, tzv. \u201csvobodn\u00ed b\u00edl\u00ed mu\u017ei bez rodinn\u00fdch z\u00e1vazk\u016f, kte\u0159\u00ed dlouhodob\u011b nepracuj\u00ed\u201d\u00a0<a href=\"https:\/\/www.military.com\/daily-news\/2024\/01\/10\/army-sees-sharp-decline-white-recruits.html\">se najednou za\u010dali dramaticky vyh\u00fdbat vojensk\u00fdm kontrakt\u016fm<\/a>, ani\u017e by p\u0159itom v\u00edce propadli drog\u00e1m, nebo za\u010dali pracovat. Odpov\u011b\u010f na ot\u00e1zku, zda je arm\u00e1da p\u0159estala p\u0159itahovat, pro potenci\u00e1ln\u00ed rychlou a jistou smrt od nep\u0159\u00e1telsk\u00e9ho dronu, vojen\u0161t\u00ed n\u00e1bor\u00e1\u0159i, asi pro jistotu, ani nehledali.<\/p>\n<p>Nicm\u00e9n\u011b z historie ukrajinsk\u00e9 mobilizace je z\u0159eteln\u00e9, \u017ee n\u00e1stup masov\u00fdch vra\u017ed\u00edc\u00edch dron\u016f na rusk\u00e9 stran\u011b, vyvolal je\u0161t\u011b masov\u011bj\u0161\u00ed snahu se za ka\u017edou cenu vyhnout mobilizaci. Ka\u017edodenn\u00ed videa z dron\u016f vra\u017ed\u00edc\u00edch Rusy, se kter\u00fdmi Ukrajinsk\u00e1 vl\u00e1dn\u00ed m\u00e9dia neust\u00e1le mas\u00edruj\u00ed sv\u00e9 obyvatele, aby pozvedla jejich klesaj\u00edc\u00ed mor\u00e1lku, sehr\u00e1vaj\u00ed vlastn\u011b opa\u010dnou \u00falohu, proto\u017ee de facto lidem pravdiv\u011b ukazuj\u00ed onu pov\u011bstnou \u0161pi\u010dku ledovce, a v\u0161ichni Ukrajinci p\u0159itom podv\u011bdom\u011b tu\u0161\u00ed, \u017ee ten rusk\u00fd ledovec slo\u017een\u00fd z Putinov\u00fdch dron\u016f je na rozd\u00edl od toho ukrajinsk\u00e9ho opravdu hodn\u011b a hodn\u011b vra\u017eedn\u00fd.\u00a0<a href=\"https:\/\/responsiblestatecraft.org\/us-army-recruitment\/\">Podle n\u011bkter\u00fdch odborn\u00edk\u016f<\/a>\u00a0arm\u00e1da USA nyn\u00ed nen\u00ed schopn\u00e1 rekrutovat dostate\u010dn\u00fd po\u010det nejni\u017e\u0161\u00edch \u017eoldn\u00e9\u0159\u016f, proto\u017ee ztratila jejich d\u016fv\u011bru.\u00a0<a href=\"https:\/\/books.google.cz\/books\/about\/Trust.html?id=ZrwvSrK5I8AC&amp;redir_esc=y\">Podle teorie profesora Piotra Sztompky<\/a>, kter\u00e1 je v USA standartn\u00ed, je d\u016fv\u011bra definov\u00e1na jako \u201cs\u00e1zka na budouc\u00ed n\u00e1hodn\u00e9 \u010diny druh\u00fdch.\u201d \u010clov\u011bk tak v podstat\u011b d\u016fv\u011b\u0159uje, pokud vid\u00ed smysl v zaji\u0161t\u011bn\u00ed sv\u00e9 budoucnosti. Ne\u00fasp\u011bch nyn\u011bj\u0161\u00edho n\u00e1boru americk\u00fdch \u017eoldn\u00e9\u0159\u016f je tak projevem jejich ned\u016fv\u011bry ve schopnost Arm\u00e1dy USA zajistit jejich budoucnost. Teorie profesora\u00a0<a href=\"https:\/\/en.wikipedia.org\/wiki\/Piotr_Sztompka\">Sztompky<\/a>\u00a0z\u00e1rove\u0148 dokonale vysv\u011btluje jak ne\u00fasp\u011bch sou\u010dasn\u00e9 ukrajinsk\u00e9 mobilizace, tak i naopak \u00fasp\u011b\u0161n\u00fdch n\u00e1bor rusk\u00fdch dobrovoln\u00edk\u016f. Zat\u00edmco Ukrajinci nev\u011b\u0159\u00ed, \u017ee jim s\u00e1zka na Zelensk\u00e9ho iracion\u00e1ln\u00ed chov\u00e1n\u00ed p\u0159inese jinou budoucnost ne\u017e utrpen\u00ed, b\u00eddu a smrt. Tak Rusov\u00e9 v\u011b\u0159\u00ed, \u017ee jim Putinovy racion\u00e1ln\u00ed kroky jejich budoucnost zajist\u00ed. Proto Putin mohl p\u0159iznat nemal\u00e9 rusk\u00e9 ztr\u00e1ty, a proto mainstream o tom rad\u011bji poml\u010del.<\/p>\n<p>Rusk\u00e9 vojensk\u00e9 technologie jsou nedosti\u017en\u00e9. V\u010dera\u00a0<a href=\"https:\/\/www.pucara.org\/post\/la-campa%C3%B1a-de-misiles-rusos-contra-ucrania-abril-de-2024\">vy\u0161el<\/a>\u00a0z\u00e1padn\u00ed v\u00fdsledek rusk\u00fdch raketov\u00fdch \u00fatok\u016f na strategick\u00e9 ukrajinsk\u00e9 c\u00edle za duben 2024. Vyst\u0159eleno: 10 raket Iskander-M, ani jedna nesest\u0159elena. Vyst\u0159eleno 10 st\u0159el Kin\u017e\u00e1l, ani jedna nesest\u0159elena. Vyst\u0159eleno 36 st\u0159el S-300 upraven\u00fdch na balistick\u00e9 rakety, ani jedna nesest\u0159elena. Vyst\u0159eleno 160 kus\u016f r\u016fzn\u00fdch star\u0161\u00edch typ\u016f k\u0159i\u017euj\u00edc\u00edch st\u0159el, a z nich 121 sest\u0159eleno. Ze 286 ir\u00e1nsk\u00fdch dron\u016f Shahed, 258 zni\u010deno. V\u00fdsledek je tristn\u00ed, \u017e\u00e1dnou ruskou modern\u00ed \u00fadernou zbra\u0148 nebyly schopny Patrioty, ani dal\u0161\u00ed z\u00e1padn\u00edch anti-rakety sest\u0159elit. Star\u00e9 rusk\u00e9 typy byly zni\u010deny jen ze 75%, a to je\u0161t\u011b v\u011b\u0159te ukrajinsk\u00fdm hl\u00e1\u0161en\u00edm. Pro jadernou v\u00e1lku katastrofa. Jen konven\u010dn\u00ed rusk\u00e9 balistick\u00e9 rakety a modern\u00ed st\u0159ely zcela zni\u010dily turb\u00edny v\u0161ech ukrajinsk\u00fdch tepeln\u00fdch a velk\u00fdch vodn\u00edch elektr\u00e1ren. Oprava bude trvat a\u017e do p\u0159\u00ed\u0161t\u00edho roku, a pokud nep\u0159ilet\u00ed dal\u0161\u00ed Iskander nebo Kin\u017e\u00e1l. Ukrajina bude v zim\u011b bez elekt\u0159iny, a u\u017e se z nejvy\u0161\u0161\u00edch m\u00edst energetiky zem\u011b za\u010daly oz\u00fdvat dal\u0161\u00ed hlasy, \u017ee takhle se ve v\u00e1lce pokra\u010dovat ned\u00e1. Ihor Syrota, \u0159editel st\u00e1tn\u00ed Ukrhydroenergo\u00a0<a href=\"https:\/\/www.unian.net\/economics\/energetics\/otklyucheniya-sveta-situaciya-v-ukraine-idet-k-energeticheskoy-katastrofe-12658743.html\">v\u010dera prohl\u00e1sil<\/a>,\u00a0\u017ee Ukrajina sp\u011bje k energetick\u00e9 katastrof\u011b. A<a href=\"https:\/\/www.unian.net\/economics\/energetics\/otklyucheniya-sveta-situaciya-v-ukraine-idet-k-energeticheskoy-katastrofe-12658743.html\">\u00a0odhadl<\/a>\u00a0d\u00e9lku nejnutn\u011bj\u0161\u00edch oprav na 6 a\u017e 16 m\u011bs\u00edc\u016f.<\/p>\n<p>Omlouv\u00e1m se za v\u00fdpadek, ale ukrutn\u011b m\u011b t\u0159i dny tr\u00e1pila prav\u00e1 horn\u00ed stoli\u010dka. V \u00fater\u00fd p\u0159\u00ed\u0161t\u00ed t\u00fdden budeme s Petrem H\u00e1jkem<a href=\"https:\/\/www.youtube.com\/@protiproudtv8090\">\u00a0na Protiproudu<\/a>\u00a0rozeb\u00edrat novinky o v\u00e1lce na Ukrajin\u011b, tak krom anal\u00fdz budu pro po\u0159ad p\u0159ipravovat i n\u011bjak\u00e9 zaj\u00edmav\u00e9 post\u0159ehy a novinky. Na v\u011bt\u0161inu mail\u016f tak odpov\u00edm a\u017e ve st\u0159edu. Nicm\u00e9n\u011b m\u016f\u017eete mi poslat, co V\u00e1s k t\u00e9matu nejv\u00edc zaj\u00edm\u00e1. Maily \u010dtu, a\u010d nem\u00e1m \u010das odpov\u011bd\u011bt hned. D\u011bkuji za n\u011b i za podporu.\u00a0 Kdo anal\u00fdzy \u010dte, pros\u00edm zva\u017ete mo\u017enost darem podpo\u0159it jejich pokra\u010dov\u00e1n\u00ed. T\u011bm, kdo p\u0159isp\u011bli moc d\u011bkuji. Na konci textu ka\u017ed\u00e9 anal\u00fdzy je zve\u0159ejn\u011bn \u00fa\u010det pro dary. M\u011bjte se kr\u00e1sn\u011b.<\/p>\n<p><a href=\"https:\/\/www.michalapetr.com\/map-2012-pentagon-vcera-priznal-ze-jeho-armada-ztratila-duveru-v-novem-rozpoctu-proto-neni-ani-cent-pro-ukrajinu-ale-15-zvyseni-platu-pro-nejnizsi-armadni-personal-slavna-teorie-profesora-sztompk\/\">Michael Svato\u0161<\/a><\/p>\n<p><img decoding=\"async\" loading=\"lazy\" class=\"alignnone size-full wp-image-27204\" src=\"http:\/\/www.infokuryr.cz\/n\/wp-content\/uploads\/2023\/05\/Michael_Svatos.png\" alt=\"\" width=\"180\" height=\"180\" srcset=\"https:\/\/www.infokuryr.cz\/n\/wp-content\/uploads\/2023\/05\/Michael_Svatos.png 180w, https:\/\/www.infokuryr.cz\/n\/wp-content\/uploads\/2023\/05\/Michael_Svatos-150x150.png 150w\" sizes=\"(max-width: 180px) 100vw, 180px\" \/><\/p>\n<p>&nbsp;<\/p>\n","protected":false},"excerpt":{"rendered":"<p>Pentagon v\u010dera p\u0159iznal, \u017ee jeho Arm\u00e1da ztratila d\u016fv\u011bru. V nov\u00e9m rozpo\u010dtu proto nen\u00ed ani cent&#8230;<\/p>\n","protected":false},"author":2,"featured_media":44473,"comment_status":"closed","ping_status":"closed","sticky":false,"template":"","format":"standard","meta":[],"categories":[6],"tags":[1042,45,380,26],"_links":{"self":[{"href":"https:\/\/www.infokuryr.cz\/n\/wp-json\/wp\/v2\/posts\/55368"}],"collection":[{"href":"https:\/\/www.infokuryr.cz\/n\/wp-json\/wp\/v2\/posts"}],"about":[{"href":"https:\/\/www.infokuryr.cz\/n\/wp-json\/wp\/v2\/types\/post"}],"author":[{"embeddable":true,"href":"https:\/\/www.infokuryr.cz\/n\/wp-json\/wp\/v2\/users\/2"}],"replies":[{"embeddable":true,"href":"https:\/\/www.infokuryr.cz\/n\/wp-json\/wp\/v2\/comments?post=55368"}],"version-history":[{"count":0,"href":"https:\/\/www.infokuryr.cz\/n\/wp-json\/wp\/v2\/posts\/55368\/revisions"}],"wp:featuredmedia":[{"embeddable":true,"href":"https:\/\/www.infokuryr.cz\/n\/wp-json\/wp\/v2\/media\/44473"}],"wp:attachment":[{"href":"https:\/\/www.infokuryr.cz\/n\/wp-json\/wp\/v2\/media?parent=55368"}],"wp:term":[{"taxonomy":"category","embeddable":true,"href":"https:\/\/www.infokuryr.cz\/n\/wp-json\/wp\/v2\/categories?post=55368"},{"taxonomy":"post_tag","embeddable":true,"href":"https:\/\/www.infokuryr.cz\/n\/wp-json\/wp\/v2\/tags?post=55368"}],"curies":[{"name":"wp","href":"https:\/\/api.w.org\/{rel}","templated":true}]}}