{"id":55341,"date":"2024-06-07T00:37:04","date_gmt":"2024-06-06T22:37:04","guid":{"rendered":"https:\/\/www.infokuryr.cz\/n\/?p=55341"},"modified":"2024-06-06T10:08:36","modified_gmt":"2024-06-06T08:08:36","slug":"jindrich-kulhavy-odpocitavani","status":"publish","type":"post","link":"https:\/\/www.infokuryr.cz\/n\/2024\/06\/07\/jindrich-kulhavy-odpocitavani\/","title":{"rendered":"Jind\u0159ich Kulhav\u00fd: Odpo\u010d\u00edt\u00e1v\u00e1n\u00ed"},"content":{"rendered":"<div id=\"fb-root\"><\/div>\n<p><span class=\"anotation\">Za\u010dalo odpo\u010d\u00edv\u00e1n\u00ed p\u0159ed eurovolbami. M\u00e9dii i vzduchem l\u00e9taj\u00ed ostr\u00e9 \u0161rapnely, novin\u00e1\u0159i, moder\u00e1to\u0159i i bloge\u0159i p\u0159edv\u00e1d\u00ed vrcholn\u00e9 v\u00fdkony a vytv\u00e1\u0159\u00ed konfliktn\u00ed prost\u0159ed\u00ed nahr\u00e1vaj\u00edc\u00ed jejich favorit\u016fm. Tv\u016frci v\u00fdzkum\u016f ve\u0159ejn\u00e9ho m\u00edn\u011bn\u00ed vyr\u00e1b\u00ed grafy odpov\u00eddaj\u00edc\u00ed tomu, koho cht\u011bj\u00ed popostr\u010dit, a voli\u010d je bu\u010f pevn\u011b rozhodnut\u00fd nebo naopak zmaten\u00fd. Vy\u0161um\u011bly kauzy Hlubu\u010dek, Dozimetr, Fialovy z\u00e1lo\u017ena a v\u00fdzkum \u017eivota barmsk\u00fdch \u017een, p\u0159\u00edpadn\u011b plno dal\u0161\u00edch, n\u00e1rod m\u00e1 zapomenout a v\u011bnovat herc\u016fm z\u00a0t\u011bchto komedi\u00ed dal\u0161\u00ed posty a prost\u0159edky na \u017eivot.<\/span><\/p>\n<div id=\"pagetext\">\n<p>\u00a0 Babi\u0161em veden\u00e9 ANO sp\u011bje k\u00a0v\u00edt\u011bzstv\u00ed, kter\u00e9 by v\u00a0na\u0161ich parlamentn\u00edch volb\u00e1ch nebylo v\u00fdhrou. Babi\u0161 bylo na po\u010d\u00e1tku velk\u00fdch schodk\u016f, sou\u010d\u00e1st\u00ed covidov\u00e9 hysterie a vrb\u011btick\u00e9ho dopadu na na\u0161e diplomatick\u00e9 vztahy s\u00a0Ruskou federac\u00ed. Jo aha, to u\u017e si tu nikdo nepamatuje. Nebyl v\u00a0tom s\u00e1m, tehdej\u0161\u00ed opozice se v\u011bt\u0161inov\u011b spolu\u00fa\u010dastnila na represi i z\u00e1ke\u0159n\u00e9m vra\u017ed\u011bn\u00ed o\u010dkov\u00e1n\u00edm, ale bylo to ANO, kter\u00e9 v\u00a0tom m\u011blo hlavn\u00ed roli. Dota\u010dn\u00ed m\u00e1g, pron\u00e1sledovan\u00fd opozic\u00ed a star\u00fd \u0161ejd\u00ed\u0159, to je Velk\u00fd boci\u00e1n. M\u00e1 mafi\u00e1nsk\u00e9 praktiky, ale z\u00e1rove\u0148 podporuje charitu. T\u00fdm kolem n\u011bj dosp\u011bl, m\u00e1 kvalitn\u00ed obsazen\u00ed, i kdy\u017e v\u00a0ekonomice dost ob\u010das zaplavou. P\u0159esto je t\u0159eba p\u0159ipom\u00ednat, u \u010deho v\u0161eho se Babi\u0161 v\u00a0minulosti vyskytnul. A nemus\u00ed to b\u00fdt v\u017edy hezk\u00e9 \u010dten\u00ed.<\/p>\n<p>Pokra\u010dujme\u2026 Naprosto nesourod\u00e1 koalice Spolu m\u00e1 ambice i p\u0159es tragikomickou a katastrof\u00e1ln\u00ed spolu\u00fa\u010dast na vl\u00e1dnut\u00ed skon\u010dit druh\u00e1 a je v\u00edcem\u00e9n\u011b jist\u00e9, \u017ee v\u00a0obdobn\u00fdch parlamentn\u00edch volb\u00e1ch by se op\u011bt dostala do vl\u00e1dy. Jako fakt? To jsme tu takov\u00ed idioti, \u017ee bychom to Fialovi a Pekarov\u00e9 umo\u017enili? A Niedermayer bude nad\u00e1le moci \u0161kodit nejen na\u0161emu st\u00e1tu, ale i ob\u010dan\u016fm zbytku Evropy? Copak nikdo nevn\u00edm\u00e1 Novotn\u00e9ho, kter\u00fd byl p\u0159ed volbami upozadn\u011bn, nikoliv vylou\u010den? A opravdu v\u00e1m jejich voli\u010d\u016fm nevad\u00ed to, jak se chovaj\u00ed \u0161\u00e9fov\u00e9 t\u011bchto stran, jak moc a arogantn\u011b l\u017eou ve v\u0161em, co \u0159eknou? Topol\u00e1nek byl gauner, Ne\u010das podpantofl\u00e1k, ale Fiala je extr\u00e9m samolibosti a amor\u00e1lnosti, Pekarov\u00e1 je jednotkou hlouposti (konkurenci m\u00e1 v\u00a0Nerudov\u00e9 i Richterov\u00e9 a N\u011bmcov\u00e9) a Jure\u010dka by se m\u011bl vr\u00e1tit na traktor. A tito t\u0159i v\u00a0koalici Spolu vl\u00e1dnou. U\u017e to je stra\u0161ideln\u00e9. Tento soubor v\u00e1le\u010dn\u00edk\u016f prost\u011b do Bruselu nepat\u0159\u00ed. Tedy pokud nechcete m\u00edt d\u011bti v z\u00e1kopech.<\/p>\n<p>Zbyl\u00e9 dv\u011b strany z\u00a0P\u011btikoalice bojuj\u00ed o p\u0159\u00edze\u0148 voli\u010d\u016f osamocen\u00e9. STAN nasadili nejt\u011b\u017e\u0161\u00ed kalibr v\u00a0podob\u011b Danu\u0161e Nerudov\u00e9. Namy\u0161len\u00e1, arogantn\u00ed a hloup\u00e1 osoba, ne\u00fasp\u011b\u0161n\u00e1 i p\u0159es obrovskou podporu sv\u00e9ho k\u0159ov\u00ed v\u00a0prezidentsk\u00fdch volb\u00e1ch, m\u00e1 velkou \u0161anci n\u00e1s zastupovat v\u00a0Evropsk\u00e9m parlamentu. M\u00e1me tu deset mili\u00f3n\u016f schopn\u011bj\u0161\u00edch lid\u00ed, ale \u010d\u00e1st ob\u010dan\u016f si vybere tu jednu z\u00a0nejtup\u011bj\u0161\u00edch z\u00a0n\u00e1s, kter\u00e1 dokonce v\u00e1lcuje v\u00a0neschopnosti i Pekarovou Adamovou \u010di Richterovou, k\u00a0zastupov\u00e1n\u00ed n\u00e1s v\u0161ech v\u00a0m\u00edst\u011b, kde se rozhoduje o budoucnosti na\u0161ich d\u011bt\u00ed. Takov\u00fd sc\u00e9n\u00e1\u0159 se ned\u00e1 vymyslet. Farsk\u00fd vy\u0161kolen\u00fd v\u00a0USA u\u017e jen dokresluje dozimetri\u010dnost strany a jej\u00ed ambice.<\/p>\n<p><a href=\"https:\/\/stranapro.cz\/\"><img decoding=\"async\" loading=\"lazy\" class=\"wp-image-53371 aligncenter\" src=\"http:\/\/www.infokuryr.cz\/n\/wp-content\/uploads\/2024\/05\/pro-6-volby-300x169.jpg\" alt=\"\" width=\"815\" height=\"459\" srcset=\"https:\/\/www.infokuryr.cz\/n\/wp-content\/uploads\/2024\/05\/pro-6-volby-300x169.jpg 300w, https:\/\/www.infokuryr.cz\/n\/wp-content\/uploads\/2024\/05\/pro-6-volby.jpg 785w\" sizes=\"(max-width: 815px) 100vw, 815px\" \/><\/a><\/p>\n<p>Pir\u00e1ti se i bez velk\u00e9 p\u0159edvolebn\u00ed kampan\u011b dr\u017e\u00ed. I oni maj\u00ed lv\u00ed pod\u00edl na devastaci st\u00e1tu a v\u00a0Evrop\u011b na Green Dealu. Kolaja, Peksa a Gregorov\u00e1 z\u00e1sadn\u011b hlasuj\u00ed proti na\u0161im z\u00e1jm\u016fm, jsou obdobou Zelen\u00fdch a jejich demagogi\u00ed prostoupen\u00e1 \u010dinnost vede k\u00a0destabilizaci cel\u00e9ho kontinentu. P\u0159edstav\u00edte li si \u00a0cokoliv zl\u00e9 a \u0161patn\u00e9 jdouc\u00ed z\u00a0EU, tito t\u0159i st\u00e1li v\u017edy u toho a m\u00edsto snahy zabr\u00e1nit schv\u00e1len\u00ed i t\u011bch nejv\u011bt\u0161\u00edch hovadin se v\u017edy i s\u00a0Niedermayerem z\u00a0Top09 p\u0159idali na \u0161patnou stranu. Opravdu to cca 7% \u010cech\u016f nevn\u00edm\u00e1?<\/p>\n<p>SPD je jedin\u00e1 skute\u010dn\u011b opozi\u010dn\u00ed strana v\u00a0na\u0161em Parlamentu a i v\u00a0Bruselu odv\u00e1d\u00ed dobrou pr\u00e1ci. Postupn\u011b z\u00edsk\u00e1v\u00e1 do sv\u00fdch \u0159ad i osobnosti schopn\u00e9 se vypo\u0159\u00e1dat s\u00a0tlakem a rozhodn\u011b pat\u0159\u00ed k\u00a0t\u011bm, kte\u0159\u00ed se vzp\u00edraj\u00ed eurounijn\u00edmu syst\u00e9mu. Jsou to takov\u00ed na\u0161i Ma\u010fa\u0159i. Ti se dost mo\u017en\u00e1 bl\u00ed\u017e\u00ed k\u00a0Hungaroexitu a pro n\u00e1s by m\u011bli b\u00fdt lep\u0161\u00edm vzorem, ne\u017e jsou eurohujersk\u00e9 st\u00e1ty. Podpora SPD je relativn\u011b stabiln\u00ed, by\u0165 zdaleka ne tak vysok\u00e1, jak by mohla p\u0159i lep\u0161\u00edm a \u0161ir\u0161\u00edm veden\u00ed b\u00fdt. SPD nen\u00ed jen Okamura a koncentrace z\u00e1jmu jen o n\u011bj je kontraproduktivn\u00ed. Snad si to ve stran\u011b n\u011bkdy uv\u011bdom\u00ed.<\/p>\n<p>Zbyl\u00e1 3-4 m\u00edsta \u010dekaj\u00ed na n\u011bkoho ze sdru\u017een\u00ed Sta\u010dilo, P\u0159\u00edsahy a Motorist\u016f, \u0161anci maj\u00ed je\u0161t\u011b Svobodn\u00ed a nepatrnou PRO. Spojen\u00ed d\u011bn\u00edm ovlivn\u011bn\u00e9 vaxerky a z\u00e1sadn\u00ed antivaxerky, tedy Kone\u010dn\u00e9 a R\u00e9dov\u00e9, zav\u00e1n\u00ed trochu taktizov\u00e1n\u00edm, nicm\u00e9n\u011b ob\u011b d\u00e1my jsou aktivn\u00ed, daj\u00ed se poslouchat a velmi re\u00e1ln\u011b pojmenov\u00e1vaj\u00ed dne\u0161n\u00ed probl\u00e9my. Kone\u010dn\u00e1 je ji\u017e politikou otlu\u010den\u00e1, R\u00e9dov\u00e1 je pracant na pozad\u00ed, kter\u00fd dok\u00e1zal pru\u017en\u011b reagovat na politika\u0159en\u00ed uvnit\u0159 je\u0161t\u011b ned\u00e1vno ambici\u00f3zn\u00ed strany Jind\u0159icha Rajchla. A odchodem ji poslat k\u00a0pomysln\u00e9mu dnu. Rajchl celou situaci podcenil a odsoudil se pouze k\u00a0teoretick\u00fdm nad\u011bj\u00edm posunout se bl\u00ed\u017ee k velk\u00e9 politice. R\u00e9dov\u00e1 naopak pos\u00edlila sv\u00e9 \u0161ance dostat se v\u00fd\u0161e a z\u00a0kriti\u010dky pom\u011br\u016f v\u00a0na\u0161em covidov\u00e9m zdravotnictv\u00ed se m\u016f\u017ee st\u00e1t europoslankyn\u011b. N\u011bkdy se aktivita prost\u011b vypl\u00e1c\u00ed.<\/p>\n<p>P\u0159\u00edsahu a Motoristy vede do eurovoleb Filip Turek. Kometa soci\u00e1ln\u00edch s\u00edt\u00ed pro\u0161la kart\u00e1\u010dov\u00fdm n\u00e1letem ze strany STAN a jejich market\u00e9r\u016f, p\u0159idal se v\u0161ezn\u00e1lek Kalousek a Turek je v\u00a0probl\u00e9mech. Bude to m\u00edt velmi t\u011b\u017ek\u00e9, proto\u017ee to neust\u00e1l \u00fapln\u011b s\u00a0gr\u00e1ci\u00ed, nicm\u00e9n\u011b jeho ta\u017een\u00ed proti Green Dealu ho m\u016f\u017ee, a m\u011blo by, posunout do Evropsk\u00e9ho parlamentu. Ot\u00e1zkou z\u016fst\u00e1v\u00e1, co si re\u00e1ln\u011b mysl\u00ed o Ukrajin\u011b, Evropsk\u00e9 unii \u010di na\u0161ich vztaz\u00edch k\u00a0Rusk\u00e9 federaci. Aby n\u00e1m tak trochu nevym\u011bknul. Moc o tom mluvit necht\u011bl. Nakonec tu m\u00e1me Svobodn\u00e9. Maj\u00ed silnou kandid\u00e1tku, zvl\u00e1\u0161t\u011b Gregorovi a \u0160ichta\u0159ov\u00e9 lze fandit. Vybrat si mezi t\u011bmito mimoparlamentn\u00edmi opozi\u010dn\u00edky je mo\u017enost, jak se vzep\u0159\u00edt P\u011btikoalici i Babi\u0161ovi z\u00e1rove\u0148 a je\u0161t\u011b umo\u017enit i jin\u00fdm lidem, ne\u017e t\u011bm z\u00a0SPD, roz\u0161\u00ed\u0159it obzory a pomoct k\u00a0n\u00e1vratu \u010cesk\u00e9 republiky tam, kam kdysi pat\u0159ila. Tedy k\u00a0tomu lep\u0161\u00edmu a v\u00e1\u017een\u011bj\u0161\u00edmu v\u00a0Evrop\u011b. Je to jen na v\u00e1s, p\u0159em\u00fd\u0161lejte a nepl\u00fdtvejte mo\u017enost\u00ed ovlivnit svou budoucnost. Nezahazujte sv\u00e9 hlasy, zbytek je bohu\u017eel p\u0159edur\u010den k\u00a0pouh\u00e9m statistick\u00e9mu nezdaru, To tak n\u011bkdy je. Bez pen\u011bz a velk\u00e9 snahy se politika d\u011blat ned\u00e1.<\/p>\n<p><a href=\"https:\/\/www.inadhled.live\/zajimavosti\/odpocitavani\/\">Jind\u0159ich Kulhav\u00fd<\/a><\/p>\n<p><img decoding=\"async\" loading=\"lazy\" class=\"alignnone size-full wp-image-48136\" src=\"http:\/\/www.infokuryr.cz\/n\/wp-content\/uploads\/2024\/02\/kulhavy-jindrich.jpg\" alt=\"\" width=\"219\" height=\"221\" srcset=\"https:\/\/www.infokuryr.cz\/n\/wp-content\/uploads\/2024\/02\/kulhavy-jindrich.jpg 219w, https:\/\/www.infokuryr.cz\/n\/wp-content\/uploads\/2024\/02\/kulhavy-jindrich-150x150.jpg 150w\" sizes=\"(max-width: 219px) 100vw, 219px\" \/><\/p>\n<p>&nbsp;<\/p>\n<\/div>\n","protected":false},"excerpt":{"rendered":"<p>Za\u010dalo odpo\u010d\u00edv\u00e1n\u00ed p\u0159ed eurovolbami. M\u00e9dii i vzduchem l\u00e9taj\u00ed ostr\u00e9 \u0161rapnely, novin\u00e1\u0159i, moder\u00e1to\u0159i i bloge\u0159i p\u0159edv\u00e1d\u00ed&#8230;<\/p>\n","protected":false},"author":2,"featured_media":55342,"comment_status":"closed","ping_status":"closed","sticky":false,"template":"","format":"standard","meta":[],"categories":[6],"tags":[41,1503,122,27],"_links":{"self":[{"href":"https:\/\/www.infokuryr.cz\/n\/wp-json\/wp\/v2\/posts\/55341"}],"collection":[{"href":"https:\/\/www.infokuryr.cz\/n\/wp-json\/wp\/v2\/posts"}],"about":[{"href":"https:\/\/www.infokuryr.cz\/n\/wp-json\/wp\/v2\/types\/post"}],"author":[{"embeddable":true,"href":"https:\/\/www.infokuryr.cz\/n\/wp-json\/wp\/v2\/users\/2"}],"replies":[{"embeddable":true,"href":"https:\/\/www.infokuryr.cz\/n\/wp-json\/wp\/v2\/comments?post=55341"}],"version-history":[{"count":0,"href":"https:\/\/www.infokuryr.cz\/n\/wp-json\/wp\/v2\/posts\/55341\/revisions"}],"wp:featuredmedia":[{"embeddable":true,"href":"https:\/\/www.infokuryr.cz\/n\/wp-json\/wp\/v2\/media\/55342"}],"wp:attachment":[{"href":"https:\/\/www.infokuryr.cz\/n\/wp-json\/wp\/v2\/media?parent=55341"}],"wp:term":[{"taxonomy":"category","embeddable":true,"href":"https:\/\/www.infokuryr.cz\/n\/wp-json\/wp\/v2\/categories?post=55341"},{"taxonomy":"post_tag","embeddable":true,"href":"https:\/\/www.infokuryr.cz\/n\/wp-json\/wp\/v2\/tags?post=55341"}],"curies":[{"name":"wp","href":"https:\/\/api.w.org\/{rel}","templated":true}]}}