{"id":55338,"date":"2024-06-07T00:34:18","date_gmt":"2024-06-06T22:34:18","guid":{"rendered":"https:\/\/www.infokuryr.cz\/n\/?p=55338"},"modified":"2024-06-06T10:03:29","modified_gmt":"2024-06-06T08:03:29","slug":"tomas-jelinek-kauzy-krajske-zdravotni-neni-jich-trochu-moc","status":"publish","type":"post","link":"https:\/\/www.infokuryr.cz\/n\/2024\/06\/07\/tomas-jelinek-kauzy-krajske-zdravotni-neni-jich-trochu-moc\/","title":{"rendered":"Tom\u00e1\u0161 Jel\u00ednek: Kauzy Krajsk\u00e9 zdravotn\u00ed, nen\u00ed jich trochu moc?"},"content":{"rendered":"<div id=\"fb-root\"><\/div>\n<p><strong>Tento rok bylo v Krajsk\u00e9 zdravotn\u00ed op\u011bt veselo, tedy hlavn\u011b na \u0159editelstv\u00ed spole\u010dnosti v \u00dast\u00ed nad Labem. Detektivov\u00e9 z N\u00e1rodn\u00ed centr\u00e1ly proti organizovan\u00e9mu zlo\u010dinu zadr\u017eeli gener\u00e1ln\u00edho \u0159editele Krajsk\u00e9 zdravotn\u00ed a obchodn\u00edho n\u00e1m\u011bstka, a to kv\u016fli podez\u0159en\u00ed z bran\u00ed \u00faplatk\u016f p\u0159i zad\u00e1v\u00e1n\u00ed ve\u0159ejn\u00fdch zak\u00e1zek.<\/strong><\/p>\n<p>Nejedn\u00e1 se bohu\u017eel o prvn\u00ed takov\u00fd p\u0159\u00edpad, historie spole\u010dnosti s datem zalo\u017een\u00ed v\u00a0roce 2007 je bohu\u017eel protk\u00e1na celou \u0159adou takov\u00fdchto \u201epochyben\u00ed\u201c.<\/p>\n<p>Vra\u0165me se ale k posledn\u00edmu p\u0159\u00edpadu, kdy si organizovan\u00e1 skupina podle z\u00e1v\u011br\u016f vy\u0161et\u0159ovatel\u016f rozd\u011blovala \u00faplatky ve v\u00fd\u0161i deseti procent z jednotliv\u00fdch zak\u00e1zek. Obvin\u011bn\u00ed se podle vy\u0161et\u0159ovatel\u016f t\u00fdk\u00e1 dota\u010dn\u00edch projekt\u016f na dod\u00e1n\u00ed opera\u010dn\u00edch stol\u016f a s\u00e1l\u016f, endoskopick\u00e9ho vybaven\u00ed, kolenn\u00edch kloub\u016f a dal\u0161\u00edho zdravotnick\u00e9ho materi\u00e1lu. Ov\u0161em nejpikantn\u011bj\u0161\u00ed v cel\u00e9m p\u0159\u00edpadu je lo\u0148sk\u00e9 hlasov\u00e1n\u00ed p\u0159edstavenstva Krajsk\u00e9 zdravotn\u00ed, kter\u00e9 schv\u00e1lilo, \u017ee za 14 zak\u00e1zek nakl\u00e1d\u00e1n\u00ed s odpadem zaplat\u00ed o v\u00edce ne\u017e 100 milion\u016f vy\u0161\u0161\u00ed \u010d\u00e1stku, ne\u017e byla ta v p\u016fvodn\u00ed rozvaze. Ta zn\u011bla na 94 milion\u016f, skute\u010dn\u00e1 v\u00fd\u0161e zak\u00e1zky v\u0161ak nakonec \u010dinila 197 milion\u016f korun. V souvislosti se z\u00e1sahem N\u00e1rodn\u00ed centr\u00e1ly proti organizovan\u00e9mu zlo\u010dinu v Krajsk\u00e9 zdravotn\u00ed jsem o (ne)\u0159\u00edzen\u00ed spole\u010dnosti hovo\u0159il na jednom z posledn\u00edch zased\u00e1n\u00ed Zastupitelstva \u00dasteck\u00e9ho kraje, kter\u00e9 se touto kauzou zaob\u00edralo.<\/p>\n<p><a href=\"https:\/\/stranapro.cz\/\"><img decoding=\"async\" loading=\"lazy\" class=\"wp-image-53371 aligncenter\" src=\"http:\/\/www.infokuryr.cz\/n\/wp-content\/uploads\/2024\/05\/pro-6-volby-300x169.jpg\" alt=\"\" width=\"786\" height=\"443\" srcset=\"https:\/\/www.infokuryr.cz\/n\/wp-content\/uploads\/2024\/05\/pro-6-volby-300x169.jpg 300w, https:\/\/www.infokuryr.cz\/n\/wp-content\/uploads\/2024\/05\/pro-6-volby.jpg 785w\" sizes=\"(max-width: 786px) 100vw, 786px\" \/><\/a><\/p>\n<p>Upozornil jsem zastupitele kraje, \u017ee to, co se stalo, je podle m\u00e9ho n\u00e1zoru jen \u0161pi\u010dkou ledovce, a zejm\u00e9na, \u017ee takto velk\u00e1 spole\u010dnost je \u0161patn\u011b vedena. P\u0159i kvalitn\u00ed \u0159\u00eddic\u00ed a kontroln\u00ed funkci p\u0159edstavenstva, dozor\u010d\u00ed rady a \u00dasteck\u00e9ho kraje jako z\u0159izovatele by nemohl p\u0159edseda p\u0159edstavenstva \u0159\u00edkat tyto v\u011bty: \u201ePro cel\u00e9 p\u0159edstavenstvo spole\u010dnosti je kauza naprosto \u0161okuj\u00edc\u00ed. V tuto chv\u00edli ji pova\u017eujeme za selh\u00e1n\u00ed jednotlivc\u016f v\u00a0osob\u00e1ch b\u00fdval\u00e9ho gener\u00e1ln\u00edho \u0159editele a n\u00e1m\u011bstka pro obchod.\u201c D\u00e1le uvedl: \u201eNem\u00e1me prost\u0159edky, apar\u00e1t, operativu elitn\u00edch detektiv\u016f t\u00e9hle zem\u011b, abychom v podstat\u011b ty doty\u010dn\u00e9 sledovali, to prost\u011b nejde.\u201c Ve stejn\u00e9m duchu hovo\u0159il i radn\u00ed \u00dasteck\u00e9ho kraje pro zdravotnictv\u00ed: \u201eMyslel jsem, \u017ee to gener\u00e1ln\u00ed \u0159editel s Krajskou zdravotn\u00ed mysl\u00ed opravdu dob\u0159e.\u201c Zde zcela jasn\u011b plat\u00ed: D\u016fv\u011b\u0159uj, ale prov\u011b\u0159uj.<\/p>\n<p>Vyzval jsem t\u00e9\u017e \u010dleny Rady \u00dasteck\u00e9ho kraje, aby jako valn\u00e1 hromada akciov\u00e9 spole\u010dnosti Krajsk\u00e1 zdravotn\u00ed, odvolali \u010dleny p\u0159edstavenstva a veden\u00ed dozor\u010d\u00ed rady. D\u00e1le jsem vyzval radn\u00edho \u00dasteck\u00e9ho kraje pro zdravotnictv\u00ed, aby zv\u00e1\u017eil svou m\u00edru odpov\u011bdnosti za tuto kauzu.<\/p>\n<p>A z\u00e1v\u011br. P\u0159edstavenstvo a dozor\u010d\u00ed rada nad\u00e1le funguj\u00ed ve stejn\u00e9m slo\u017een\u00ed jako p\u0159ed z\u00e1sahem policie a Rada \u00dasteck\u00e9ho kraje podr\u017eela ve funkci i radn\u00edho pro zdravotnictv\u00ed. Ze strany Ministerstva pro m\u00edstn\u00ed rozvoj bylo pro tuto chv\u00edli pozastaveno propl\u00e1cen\u00ed dotac\u00ed. Pokud nedojde k obnoven\u00ed vypl\u00e1cen\u00ed dota\u010dn\u00edch titul\u016f, bude je Krajsk\u00e1 zdravotn\u00ed nucena zaplatit ze sv\u00e9ho, ji\u017e tak napjat\u00e9ho rozpo\u010dtu.<\/p>\n<p>Douf\u00e1m, \u017ee nov\u00e9 Zastupitelstvo \u00dasteck\u00e9ho kraje, kter\u00e9 vzejde z\u00a0podzimn\u00edch voleb, umo\u017en\u00ed dosadit do vedouc\u00edch funkc\u00ed skute\u010dn\u00e9 mana\u017eery, kte\u0159\u00ed zabezpe\u010d\u00ed, \u017ee Krajsk\u00e1 zdravotn\u00ed nebude muset \u0159e\u0161it dal\u0161\u00ed kauzu zmanipulovan\u00fdch zak\u00e1zek. A \u017ee jich ji\u017e bylo dost!<\/p>\n<p><strong><em>Mgr. Tom\u00e1\u0161 Jel\u00ednek, MHA<\/em><\/strong><br \/>\n<strong><em>Pr\u00e1vo Respekt Odbornost (PRO)<\/em><\/strong><\/p>\n","protected":false},"excerpt":{"rendered":"<p>Tento rok bylo v Krajsk\u00e9 zdravotn\u00ed op\u011bt veselo, tedy hlavn\u011b na \u0159editelstv\u00ed spole\u010dnosti v \u00dast\u00ed&#8230;<\/p>\n","protected":false},"author":2,"featured_media":55339,"comment_status":"closed","ping_status":"closed","sticky":false,"template":"","format":"standard","meta":[],"categories":[6],"tags":[7413,1125,6966],"_links":{"self":[{"href":"https:\/\/www.infokuryr.cz\/n\/wp-json\/wp\/v2\/posts\/55338"}],"collection":[{"href":"https:\/\/www.infokuryr.cz\/n\/wp-json\/wp\/v2\/posts"}],"about":[{"href":"https:\/\/www.infokuryr.cz\/n\/wp-json\/wp\/v2\/types\/post"}],"author":[{"embeddable":true,"href":"https:\/\/www.infokuryr.cz\/n\/wp-json\/wp\/v2\/users\/2"}],"replies":[{"embeddable":true,"href":"https:\/\/www.infokuryr.cz\/n\/wp-json\/wp\/v2\/comments?post=55338"}],"version-history":[{"count":0,"href":"https:\/\/www.infokuryr.cz\/n\/wp-json\/wp\/v2\/posts\/55338\/revisions"}],"wp:featuredmedia":[{"embeddable":true,"href":"https:\/\/www.infokuryr.cz\/n\/wp-json\/wp\/v2\/media\/55339"}],"wp:attachment":[{"href":"https:\/\/www.infokuryr.cz\/n\/wp-json\/wp\/v2\/media?parent=55338"}],"wp:term":[{"taxonomy":"category","embeddable":true,"href":"https:\/\/www.infokuryr.cz\/n\/wp-json\/wp\/v2\/categories?post=55338"},{"taxonomy":"post_tag","embeddable":true,"href":"https:\/\/www.infokuryr.cz\/n\/wp-json\/wp\/v2\/tags?post=55338"}],"curies":[{"name":"wp","href":"https:\/\/api.w.org\/{rel}","templated":true}]}}