{"id":55336,"date":"2024-06-07T00:50:01","date_gmt":"2024-06-06T22:50:01","guid":{"rendered":"https:\/\/www.infokuryr.cz\/n\/?p=55336"},"modified":"2024-06-06T09:58:14","modified_gmt":"2024-06-06T07:58:14","slug":"vojaci-kteri-strileli-na-migranty-jsou-v-polsku-chraneni","status":"publish","type":"post","link":"https:\/\/www.infokuryr.cz\/n\/2024\/06\/07\/vojaci-kteri-strileli-na-migranty-jsou-v-polsku-chraneni\/","title":{"rendered":"Voj\u00e1ci, kte\u0159\u00ed st\u0159\u00edleli na migranty, jsou v Polsku chr\u00e1n\u011bni"},"content":{"rendered":"<div id=\"fb-root\"><\/div>\n<p class=\"lead\"><strong>Vojensk\u00e1 policie v Polsku zadr\u017eela t\u0159i voj\u00e1ky, kte\u0159\u00ed pou\u017eili zbran\u011b proti skupin\u011b bl\u00edzkov\u00fdchodn\u00edch migrant\u016f, kte\u0159\u00ed se sna\u017eili dostat do Polska z B\u011bloruska. St\u00e1tn\u00ed zastupitelstv\u00ed voj\u00e1ky obvinilo z p\u0159ekro\u010den\u00ed pravomoci a ohro\u017een\u00ed \u017eivota druh\u00fdch. Polsk\u00fd ministr obrany ale tyto voj\u00e1ky chr\u00e1n\u00ed.<\/strong><\/p>\n<p><span>\u0158ekl to \u0161\u00e9f ministerstva obrany\u00a0<\/span><strong><span>Vladislav Kosinyak-Kamysh<\/span><\/strong><span>\u00a0:<\/span><\/p>\n<p><em>\u201eZadr\u017eov\u00e1n\u00ed voj\u00e1k\u016f st\u0159\u00edlej\u00edc\u00edch sign\u00e1ln\u00ed v\u00fdst\u0159ely na \u00fato\u010d\u00edc\u00ed migranty je nep\u0159ijateln\u00e9. Postup vojensk\u00e9 policie ve vztahu k zadr\u017een\u00fdm bude objasn\u011bn. Voj\u00e1ci, kte\u0159\u00ed chr\u00e1n\u00ed n\u00e1rodn\u00ed bezpe\u010dnost, si mus\u00ed b\u00fdt jisti, \u017ee jsou chr\u00e1n\u011bni pr\u00e1vn\u00edmi postupy. V\u017edy budu st\u00e1t na stran\u011b cti polsk\u00fdch voj\u00e1k\u016f.\u201c<\/em><\/p>\n<p><span>Nejmenovan\u00e9 zdroje v polsk\u00e9 arm\u00e1d\u011b hovo\u0159ily o \u201ezneuct\u011bn\u00e9 cti voj\u00e1k\u016f\u201c.<\/span><\/p>\n<p><strong>Ka\u017edop\u00e1dn\u011b st\u0159elba na neozbrojen\u00e9 migranty je mezin\u00e1rodn\u00ed zlo\u010din!\u00a0<\/strong><\/p>\n<p><img decoding=\"async\" loading=\"lazy\" class=\"alignnone size-full wp-image-1185\" src=\"http:\/\/www.infokuryr.cz\/n\/wp-content\/uploads\/2021\/04\/kuryr-podpis.png\" alt=\"\" width=\"84\" height=\"24\" \/><\/p>\n<p>&nbsp;<\/p>\n","protected":false},"excerpt":{"rendered":"<p>Vojensk\u00e1 policie v Polsku zadr\u017eela t\u0159i voj\u00e1ky, kte\u0159\u00ed pou\u017eili zbran\u011b proti skupin\u011b bl\u00edzkov\u00fdchodn\u00edch migrant\u016f, kte\u0159\u00ed&#8230;<\/p>\n","protected":false},"author":2,"featured_media":55337,"comment_status":"closed","ping_status":"closed","sticky":false,"template":"","format":"standard","meta":[],"categories":[7],"tags":[989,2814,320,321],"_links":{"self":[{"href":"https:\/\/www.infokuryr.cz\/n\/wp-json\/wp\/v2\/posts\/55336"}],"collection":[{"href":"https:\/\/www.infokuryr.cz\/n\/wp-json\/wp\/v2\/posts"}],"about":[{"href":"https:\/\/www.infokuryr.cz\/n\/wp-json\/wp\/v2\/types\/post"}],"author":[{"embeddable":true,"href":"https:\/\/www.infokuryr.cz\/n\/wp-json\/wp\/v2\/users\/2"}],"replies":[{"embeddable":true,"href":"https:\/\/www.infokuryr.cz\/n\/wp-json\/wp\/v2\/comments?post=55336"}],"version-history":[{"count":0,"href":"https:\/\/www.infokuryr.cz\/n\/wp-json\/wp\/v2\/posts\/55336\/revisions"}],"wp:featuredmedia":[{"embeddable":true,"href":"https:\/\/www.infokuryr.cz\/n\/wp-json\/wp\/v2\/media\/55337"}],"wp:attachment":[{"href":"https:\/\/www.infokuryr.cz\/n\/wp-json\/wp\/v2\/media?parent=55336"}],"wp:term":[{"taxonomy":"category","embeddable":true,"href":"https:\/\/www.infokuryr.cz\/n\/wp-json\/wp\/v2\/categories?post=55336"},{"taxonomy":"post_tag","embeddable":true,"href":"https:\/\/www.infokuryr.cz\/n\/wp-json\/wp\/v2\/tags?post=55336"}],"curies":[{"name":"wp","href":"https:\/\/api.w.org\/{rel}","templated":true}]}}