{"id":55225,"date":"2024-06-05T06:40:38","date_gmt":"2024-06-05T04:40:38","guid":{"rendered":"https:\/\/www.infokuryr.cz\/n\/?p=55225"},"modified":"2024-06-09T08:12:04","modified_gmt":"2024-06-09T06:12:04","slug":"jaky-je-skutecny-ucel-svycarske-mirove-konference-pro-ukrajinu","status":"publish","type":"post","link":"https:\/\/www.infokuryr.cz\/n\/2024\/06\/05\/jaky-je-skutecny-ucel-svycarske-mirove-konference-pro-ukrajinu\/","title":{"rendered":"Jak\u00fd je skute\u010dn\u00fd \u00fa\u010del \u0161v\u00fdcarsk\u00e9 \u201em\u00edrov\u00e9\u201c konference pro Ukrajinu?"},"content":{"rendered":"<div id=\"fb-root\"><\/div>\n<div class=\"elementor-element elementor-element-1fb4c2c elementor-widget elementor-widget-theme-post-content\" data-id=\"1fb4c2c\" data-element_type=\"widget\" data-widget_type=\"theme-post-content.default\">\n<div class=\"elementor-widget-container\">\n<p>\u0160v\u00fdcarsko host\u00ed \u201eM\u00edrov\u00fd summit pro Ukrajinu\u201c 15. a 16. \u010dervna v p\u011btihv\u011bzdi\u010dkov\u00e9m hotelu B\u00fcrgenstock nad Lucernsk\u00fdm jezerem v centr\u00e1ln\u00edm \u0160v\u00fdcarsku. \u0160v\u00fdcarsk\u00e1 vl\u00e1da douf\u00e1, \u017ee polo\u017e\u00ed z\u00e1klady m\u00edrov\u00e9ho procesu na Ukrajin\u011b, kter\u00e1 je u\u017e dva roky v krvav\u00e9 v\u00e1lce s Ruskem. To je v\u0161ak iluze, kdy\u017e uv\u00e1\u017e\u00edte, \u017ee je pozv\u00e1no minim\u00e1ln\u011b 80 zem\u00ed z cel\u00e9ho sv\u011bta, ale Rusko nikoliv.<\/p>\n<figure class=\"wp-block-embed is-type-video is-provider-youtube wp-block-embed-youtube wp-embed-aspect-16-9 wp-has-aspect-ratio\">\n<div class=\"wp-block-embed__wrapper\"><iframe loading=\"lazy\" title=\"Putin se vysm\u00edv\u00e1 nadch\u00e1zej\u00edc\u00ed ukrajinsk\u00e9 m\u00edrov\u00e9 konferenci po\u0159\u00e1dan\u00e9 \u0160v\u00fdcarskem\" src=\"https:\/\/www.youtube.com\/embed\/e1NOqjuWaLs?start=8&amp;feature=oembed\" width=\"800\" height=\"450\" frameborder=\"0\" allowfullscreen=\"allowfullscreen\" data-mce-fragment=\"1\"><\/iframe><\/div><figcaption class=\"wp-element-caption\"><em>Putin se vysm\u00edv\u00e1 pl\u00e1novan\u00e9 ukrajinsk\u00e9 m\u00edrov\u00e9 konferenci ve \u0160v\u00fdcarsku<\/em>\u00a0:\u00a0<em>Rusk\u00fd prezident Vladimir Putin ve \u010dtvrtek zesm\u011b\u0161nil pl\u00e1novan\u00e9 kolo ukrajinsk\u00fdch m\u00edrov\u00fdch rozhovor\u016f ve \u0160v\u00fdcarsku a varoval, \u017ee Moskva nep\u0159ijme vynucen\u00e9 dohody, kter\u00e9 ignoruj\u00ed jej\u00ed z\u00e1jmy. \u0160v\u00fdcarsk\u00e1 vl\u00e1da ve st\u0159edu ozn\u00e1mila, \u017ee v \u010dervnu uspo\u0159\u00e1d\u00e1 mezin\u00e1rodn\u00ed konferenci na vysok\u00e9 \u00farovni s c\u00edlem nal\u00e9zt cestu k m\u00edru na Ukrajin\u011b po v\u00edce ne\u017e dvou letech boj\u016f.<\/em>\u00a0<\/figcaption><\/figure>\n<p>Nyn\u00ed by se n\u011bkdo mohl pt\u00e1t, jak bude Z\u00e1pad v\u00e9st seri\u00f3zn\u00ed m\u00edrov\u00e1 jedn\u00e1n\u00ed s Ruskem, kdy\u017e si odm\u00edtne sednout ke stolu s rusk\u00fdmi p\u0159edstaviteli. Samoz\u0159ejm\u011b nem\u016f\u017ee, ale je tak\u00e9 jasn\u00e9, \u017ee to nen\u00ed z\u00e1m\u011br.<\/p>\n<p>\u010c\u00edna, kter\u00e1 uzn\u00e1v\u00e1, \u017ee konference nep\u0159edstavuje seri\u00f3zn\u00ed \u00fasil\u00ed o dialog o v\u00e1lce, ozn\u00e1mila, \u017ee se nez\u00fa\u010dastn\u00ed ani jej\u00ed diplomat\u00e9, jak \u0159ekl mluv\u010d\u00ed \u010d\u00ednsk\u00e9ho ministerstva zahrani\u010d\u00ed Mao Ning na b\u011b\u017en\u00e9 sch\u016fzce:<\/p>\n<p>\u201e\u010c\u00edna v\u017edy trvala na tom, aby byla mezin\u00e1rodn\u00ed m\u00edrov\u00e1 konference podporov\u00e1na jak Ruskem, tak Ukrajinou, aby se v\u0161echny strany \u00fa\u010dastnily rovn\u00fdm d\u00edlem a aby v\u0161echny m\u00edrov\u00e9 n\u00e1vrhy byly projedn\u00e1v\u00e1ny spravedliv\u011b a rovnocenn\u011b. V opa\u010dn\u00e9m p\u0159\u00edpad\u011b bude pro \u010c\u00ednu obt\u00ed\u017en\u00e9 hr\u00e1t z\u00e1sadn\u00ed roli p\u0159i obnov\u011b m\u00edru.<\/p>\n<p>\u010cKS je pod tlakem z\u00e1padn\u00edch st\u00e1t\u016f, aby zastavila p\u0159esuny kritick\u00fdch komponent\u016f pro v\u00fdrobu rusk\u00fdch zbran\u00ed, v\u010detn\u011b komponent\u016f dvoj\u00edho u\u017eit\u00ed. NATO ji tak\u00e9 pok\u00e1ralo za udr\u017eov\u00e1n\u00ed obchodn\u00edch dohod, kter\u00e9 Rusku pomohly p\u0159ekonat dopad sankc\u00ed.<\/p>\n<p>\u010c\u00ed\u0148an\u00e9 se mohou ob\u00e1vat, \u017ee se jejich p\u0159edstavitel\u00e9 stanou ob\u011bt\u00ed velmi ve\u0159ejn\u00e9ho bojov\u00e9ho zased\u00e1n\u00ed NATO (co\u017e by bylo docela ironick\u00e9) a \u010c\u00edna bude na sv\u011btov\u00e9 sc\u00e9n\u011b kritizov\u00e1na za \u201epomoc nep\u0159\u00edteli\u201c.\u00a0<strong>Bez p\u0159\u00edtomnosti Ruska a \u010c\u00edny se konference stane \u010dist\u011b strategick\u00fdm setk\u00e1n\u00edm \u010dlen\u016f NATO, a zde se ukazuje prav\u00fd \u00fa\u010del \u0161v\u00fdcarsk\u00e9 akce.<\/strong><\/p>\n<p>Ukrajina prohr\u00e1v\u00e1 v\u00e1lku, to je jasn\u00e9. Pot\u00fdk\u00e1 se se zoufal\u00fdm nedostatkem person\u00e1lu a \u017e\u00e1dn\u00e9 mno\u017estv\u00ed zbran\u00ed, munice, techniky ani financ\u00ed nem\u016f\u017ee situaci zlep\u0161it. Rusk\u00e9 jednotky nav\u00edc dosahuj\u00ed p\u0159ekvapiv\u00e9ho pokroku na n\u011bkolika front\u00e1ch, v\u010detn\u011b otev\u0159en\u00ed nov\u00e9 fronty kolem Karkova, druh\u00e9ho nejv\u011bt\u0161\u00edho ukrajinsk\u00e9ho m\u011bsta. Tvrd\u00e9 nov\u00e9 z\u00e1kony o brann\u00e9 povinnosti maj\u00ed jen malou \u0161anci znovu mobilizovat voj\u00e1ky, tak\u017ee \u010dlenov\u00e9 NATO n\u00e1hle zru\u0161ili omezen\u00ed na americk\u00e9 a evropsk\u00e9 rakety dlouh\u00e9ho doletu a umo\u017enili Ukrajin\u011b za\u00fato\u010dit na c\u00edle hluboko na rusk\u00e9m \u00fazem\u00ed.<\/p>\n<p>To je tak\u00e9 d\u016fvod, pro\u010d \u010dlenov\u00e9 EU v\u010detn\u011b Francie uva\u017euj\u00ed o vysl\u00e1n\u00ed voj\u00e1k\u016f (jako poradc\u016f) na Ukrajinu. Probl\u00e9m je v tom, \u017ee tato opat\u0159en\u00ed zvy\u0161uj\u00ed nap\u011bt\u00ed a otev\u00edraj\u00ed dve\u0159e k v\u011bt\u0161\u00ed v\u00e1lce se Z\u00e1padem. \u0160v\u00fdcarsk\u00fd summit by mohl dokonale poslou\u017eit k p\u0159\u00edprav\u011b na tento nevyhnuteln\u00fd v\u00fdsledek \u2013 konferenci na podporu otev\u0159en\u011bj\u0161\u00edho zapojen\u00ed NATO na Ukrajin\u011b v\u016f\u010di mezin\u00e1rodn\u00edm partner\u016fm.\u00a0<strong>Jin\u00fdmi slovy, \u201em\u00edrov\u00fd summit\u201c by ve skute\u010dnosti mohl b\u00fdt v\u00e1le\u010dn\u00fdm summitem, prodejn\u00ed akc\u00ed pro 80 zem\u00ed o nutnosti podstoupit mnohem v\u011bt\u0161\u00ed riziko, aby se zabr\u00e1nilo Rusku dos\u00e1hnout strategick\u00e9ho v\u00edt\u011bzstv\u00ed v regionu.<\/strong><\/p>\n<\/div>\n<\/div>\n<div class=\"elementor-element elementor-element-8c57238 quelle dc-has-condition dc-condition-empty elementor-widget elementor-widget-heading\" data-id=\"8c57238\" data-element_type=\"widget\" data-widget_type=\"heading.default\">\n<div class=\"elementor-widget-container\">\n<h3 class=\"elementor-heading-title elementor-size-default\"><span style=\"font-size: 10pt;\"><a href=\"https:\/\/www.zerohedge.com\/geopolitical\/what-real-purpose-swiss-peace-conference-ukraine\" target=\"_blank\" rel=\"nofollow noopener\">ZDROJ<\/a><\/span><\/h3>\n<p>&nbsp;<\/p>\n<\/div>\n<\/div>\n","protected":false},"excerpt":{"rendered":"<p>\u0160v\u00fdcarsko host\u00ed \u201eM\u00edrov\u00fd summit pro Ukrajinu\u201c 15. a 16. \u010dervna v p\u011btihv\u011bzdi\u010dkov\u00e9m hotelu B\u00fcrgenstock nad&#8230;<\/p>\n","protected":false},"author":2,"featured_media":55226,"comment_status":"closed","ping_status":"closed","sticky":false,"template":"","format":"standard","meta":[],"categories":[7],"tags":[22,623,467,26],"_links":{"self":[{"href":"https:\/\/www.infokuryr.cz\/n\/wp-json\/wp\/v2\/posts\/55225"}],"collection":[{"href":"https:\/\/www.infokuryr.cz\/n\/wp-json\/wp\/v2\/posts"}],"about":[{"href":"https:\/\/www.infokuryr.cz\/n\/wp-json\/wp\/v2\/types\/post"}],"author":[{"embeddable":true,"href":"https:\/\/www.infokuryr.cz\/n\/wp-json\/wp\/v2\/users\/2"}],"replies":[{"embeddable":true,"href":"https:\/\/www.infokuryr.cz\/n\/wp-json\/wp\/v2\/comments?post=55225"}],"version-history":[{"count":0,"href":"https:\/\/www.infokuryr.cz\/n\/wp-json\/wp\/v2\/posts\/55225\/revisions"}],"wp:featuredmedia":[{"embeddable":true,"href":"https:\/\/www.infokuryr.cz\/n\/wp-json\/wp\/v2\/media\/55226"}],"wp:attachment":[{"href":"https:\/\/www.infokuryr.cz\/n\/wp-json\/wp\/v2\/media?parent=55225"}],"wp:term":[{"taxonomy":"category","embeddable":true,"href":"https:\/\/www.infokuryr.cz\/n\/wp-json\/wp\/v2\/categories?post=55225"},{"taxonomy":"post_tag","embeddable":true,"href":"https:\/\/www.infokuryr.cz\/n\/wp-json\/wp\/v2\/tags?post=55225"}],"curies":[{"name":"wp","href":"https:\/\/api.w.org\/{rel}","templated":true}]}}