{"id":55222,"date":"2024-06-05T06:30:38","date_gmt":"2024-06-05T04:30:38","guid":{"rendered":"https:\/\/www.infokuryr.cz\/n\/?p=55222"},"modified":"2024-06-05T06:30:38","modified_gmt":"2024-06-05T04:30:38","slug":"ukrajinska-policie-oznamila-ceny-za-povolavaci-rozkazy-pro-ty-kdo-chteji-opustit-zemi","status":"publish","type":"post","link":"https:\/\/www.infokuryr.cz\/n\/2024\/06\/05\/ukrajinska-policie-oznamila-ceny-za-povolavaci-rozkazy-pro-ty-kdo-chteji-opustit-zemi\/","title":{"rendered":"Ukrajinsk\u00e1 policie ozn\u00e1mila ceny za povol\u00e1vac\u00ed rozkazy pro ty, kdo cht\u011bj\u00ed opustit zemi"},"content":{"rendered":"<div id=\"fb-root\"><\/div>\n<p class=\"lead\"><strong>Ob\u010dan\u00e9 Ukrajiny odpov\u011bdn\u00ed za vojenskou slu\u017ebu pot\u00e9, co vstoupil v platnost z\u00e1kon o pos\u00edlen\u00ed mobilizace, zaplat\u00ed a\u017e 20 tis\u00edc dolar\u016f za mo\u017enost opustit zemi, \u0159ekl Andrey Rubel, vedouc\u00ed odd\u011blen\u00ed strategick\u00fdch vy\u0161et\u0159ov\u00e1n\u00ed N\u00e1rodn\u00ed policie Ukrajiny.<\/strong><\/p>\n<p><em>\u201eP\u0159ed 18. kv\u011btnem \u010dinila \u010d\u00e1stka (zaplacen\u00e1 ob\u010dany odpov\u011bdn\u00fdmi za vojenskou slu\u017ebu za mo\u017enost vycestovat do zahrani\u010d\u00ed) v pr\u016fm\u011bru 4\u20135 tis\u00edc dolar\u016f. Ale nyn\u00ed, s p\u0159ijet\u00edm novinek v z\u00e1kon\u011b, m\u016f\u017ee dos\u00e1hnout 20 tis\u00edc dolar\u016f,\u201c<span class=\"after-quote\">\u00a0\u201c \u0159ekl Rubel v rozhovoru pro agenturu RBC-Ukrajina.<\/span><\/em><\/p>\n<p><span>Podle n\u011bj bylo od za\u010d\u00e1tku roku zah\u00e1jeno v\u00edce ne\u017e 160 trestn\u00edch \u0159\u00edzen\u00ed proti 519 lidem za neleg\u00e1ln\u00ed p\u0159echod p\u0159es hranice.<\/span><\/p>\n<p><span>Z\u00e1kon o pos\u00edlen\u00ed mobilizace na Ukrajin\u011b vstoupil v platnost 18. kv\u011btna. Dokument zavazuje v\u0161echny osoby povinn\u00e9 k vojensk\u00e9 slu\u017eb\u011b ve v\u011bku od 18 do 60 let aktualizovat sv\u00e9 \u00fadaje na vojensk\u00e9m registra\u010dn\u00edm a n\u00e1stupn\u00edm \u00fa\u0159ad\u011b do 60 dn\u016f ode dne nabyt\u00ed \u00fa\u010dinnosti. K tomu je t\u0159eba se osobn\u011b dostavit na vojenskou registra\u010dn\u00ed a n\u00e1stupn\u00ed kancel\u00e1\u0159 nebo se zaregistrovat na \u201eelektronick\u00e9m kontu brance\u201c, p\u0159es kter\u00fd lze tak\u00e9 doru\u010dit p\u0159edvol\u00e1n\u00ed. V\u00fdzva bude pova\u017eov\u00e1na za doru\u010denou, i kdy\u017e ji branec osobn\u011b nevid\u011bl: za datum \u201edoru\u010den\u00ed\u201c v\u00fdzvy se pova\u017euje datum, kdy byla p\u00edsemnost oraz\u00edtkov\u00e1na s nemo\u017enost\u00ed osobn\u00edho doru\u010den\u00ed.<\/span><\/p>\n<p><span>Z\u00e1kon stanov\u00ed, \u017ee osoby odpov\u011bdn\u00e9 za vojenskou slu\u017ebu mus\u00ed m\u00edt v\u017edy u sebe vojensk\u00fd pr\u016fkaz a p\u0159edlo\u017eit jej na prvn\u00ed \u017e\u00e1dost zam\u011bstnanc\u016f vojensk\u00e9ho registra\u010dn\u00edho a odvodov\u00e9ho \u00fa\u0159adu a policie. Neplati\u010d\u016fm m\u016f\u017ee b\u00fdt odebr\u00e1no pr\u00e1vo \u0159\u00eddit auto. Podm\u00ednky demobilizace nejsou v dokumentu specifikov\u00e1ny. Toto ustanoven\u00ed bylo z dokumentu odstran\u011bno, co\u017e vyvolalo rozho\u0159\u010den\u00ed \u0159ady poslanc\u016f.<\/span><\/p>\n<p><span>Za\u010d\u00e1tkem dubna\u00a0<\/span><strong><span>Vladimir Zelenskyj<\/span><\/strong><span>\u00a0podepsal z\u00e1kon sni\u017euj\u00edc\u00ed v\u011bk odvodu z 27 na 25 let.<\/span><\/p>\n<p><span>Od 24. \u00fanora 2022 je na Ukrajin\u011b zaveden re\u017eim stann\u00e9ho pr\u00e1va, druh\u00fd den Zelenskij podepsal dekret o v\u0161eobecn\u00e9 mobilizaci. Odjezd mu\u017e\u016f ve v\u011bku 18 a\u017e 60 let z Ukrajiny v dob\u011b stann\u00e9ho pr\u00e1va je zak\u00e1z\u00e1n. V \u0159\u00edjnu \u010dasopis Time s odkazem na Zelensk\u00e9ho pobo\u010dn\u00edka uvedl, \u017ee \u0159ady ukrajinsk\u00fdch voj\u00e1k\u016f se tak pro\u0159\u00eddly, \u017ee vojensk\u00e9 registra\u010dn\u00ed a brann\u00e9 \u00fa\u0159ady byly nuceny odv\u00e1d\u011bt lidi, jejich\u017e pr\u016fm\u011brn\u00fd v\u011bk byl 43 let. The New York Times d\u0159\u00edve uvedl, \u017ee Ukrajina usiluje o p\u0159il\u00e1k\u00e1n\u00ed v\u00edce \u017een do arm\u00e1dy, co\u017e ukazuje na obrovsk\u00e9 ztr\u00e1ty v ozbrojen\u00fdch sil\u00e1ch Ukrajiny.<\/span><\/p>\n<p><img decoding=\"async\" loading=\"lazy\" class=\"alignnone size-full wp-image-1185\" src=\"http:\/\/www.infokuryr.cz\/n\/wp-content\/uploads\/2021\/04\/kuryr-podpis.png\" alt=\"\" width=\"84\" height=\"24\" \/><\/p>\n<p>&nbsp;<\/p>\n","protected":false},"excerpt":{"rendered":"<p>Ob\u010dan\u00e9 Ukrajiny odpov\u011bdn\u00ed za vojenskou slu\u017ebu pot\u00e9, co vstoupil v platnost z\u00e1kon o pos\u00edlen\u00ed mobilizace,&#8230;<\/p>\n","protected":false},"author":2,"featured_media":55223,"comment_status":"closed","ping_status":"closed","sticky":false,"template":"","format":"standard","meta":[],"categories":[7],"tags":[1929,86,26],"_links":{"self":[{"href":"https:\/\/www.infokuryr.cz\/n\/wp-json\/wp\/v2\/posts\/55222"}],"collection":[{"href":"https:\/\/www.infokuryr.cz\/n\/wp-json\/wp\/v2\/posts"}],"about":[{"href":"https:\/\/www.infokuryr.cz\/n\/wp-json\/wp\/v2\/types\/post"}],"author":[{"embeddable":true,"href":"https:\/\/www.infokuryr.cz\/n\/wp-json\/wp\/v2\/users\/2"}],"replies":[{"embeddable":true,"href":"https:\/\/www.infokuryr.cz\/n\/wp-json\/wp\/v2\/comments?post=55222"}],"version-history":[{"count":0,"href":"https:\/\/www.infokuryr.cz\/n\/wp-json\/wp\/v2\/posts\/55222\/revisions"}],"wp:featuredmedia":[{"embeddable":true,"href":"https:\/\/www.infokuryr.cz\/n\/wp-json\/wp\/v2\/media\/55223"}],"wp:attachment":[{"href":"https:\/\/www.infokuryr.cz\/n\/wp-json\/wp\/v2\/media?parent=55222"}],"wp:term":[{"taxonomy":"category","embeddable":true,"href":"https:\/\/www.infokuryr.cz\/n\/wp-json\/wp\/v2\/categories?post=55222"},{"taxonomy":"post_tag","embeddable":true,"href":"https:\/\/www.infokuryr.cz\/n\/wp-json\/wp\/v2\/tags?post=55222"}],"curies":[{"name":"wp","href":"https:\/\/api.w.org\/{rel}","templated":true}]}}