{"id":55221,"date":"2024-06-05T06:25:12","date_gmt":"2024-06-05T04:25:12","guid":{"rendered":"https:\/\/www.infokuryr.cz\/n\/?p=55221"},"modified":"2024-06-05T06:25:12","modified_gmt":"2024-06-05T04:25:12","slug":"usa-hlasuji-pro-sankce-na-icc-kvuli-izraeli","status":"publish","type":"post","link":"https:\/\/www.infokuryr.cz\/n\/2024\/06\/05\/usa-hlasuji-pro-sankce-na-icc-kvuli-izraeli\/","title":{"rendered":"USA hlasuj\u00ed pro sankce na ICC kv\u016fli Izraeli"},"content":{"rendered":"<div id=\"fb-root\"><\/div>\n<p><span style=\"font-size: 18pt;\"><strong>Z\u00e1konod\u00e1rci cht\u011bj\u00ed \u201epotrestat\u201c soud za vy\u0161et\u0159ov\u00e1n\u00ed v\u00e1le\u010dn\u00fdch zlo\u010din\u016f v Gaze<\/strong><\/span><\/p>\n<p><span>Americk\u00e1 Sn\u011bmovna reprezentant\u016f v \u00fater\u00fd odhlasovala potrest\u00e1n\u00ed Mezin\u00e1rodn\u00edho trestn\u00edho soudu za to, \u017ee v\u016fbec pom\u00fd\u0161lel na obvin\u011bn\u00ed izraelsk\u00fdch v\u016fdc\u016f z v\u00e1le\u010dn\u00fdch zlo\u010din\u016f v Gaze.<\/span><\/p>\n<p><span>\u017dalobce ICC Karim Khan po\u017e\u00e1dal o\u00a0<\/span><a href=\"https:\/\/swentr.site\/news\/597912-court-arrest-warrant-netanyahu\/\" target=\"_blank\" rel=\"noopener noreferrer\"><span>zatyka\u010de<\/span><\/a><span>\u00a0na izraelsk\u00e9ho premi\u00e9ra Benjamina Netanjahua a ministra obrany Yoava Gallanta, jako\u017e i na t\u0159i nejvy\u0161\u0161\u00ed p\u0159edstavitele palestinsk\u00e9 militantn\u00ed skupiny Hamas. Zat\u00edmco soud \u017e\u00e1dost je\u0161t\u011b neschv\u00e1lil, ameri\u010dt\u00ed z\u00e1konod\u00e1rci se rozhodli zajistit, aby tomu tak nebylo.<\/span><\/p>\n<p><em><span>\u201eP\u0159edstava, \u017ee by vydali zatyka\u010d na izraelsk\u00e9ho premi\u00e9ra, ministra obrany Izraele v dob\u011b, kdy bojuj\u00ed za samotnou existenci sv\u00e9ho n\u00e1roda proti zlu Hamasu jako z\u00e1stupce \u00cdr\u00e1nu, je pro n\u00e1s nerozumn\u00e1,\u201c<\/span><\/em><span>\u00a0\u0158ekl to v \u00fater\u00fd mluv\u010d\u00ed Mike Johnson, republik\u00e1n z Louisiany.\u00a0<\/span><em><span>&#8222;A jak jsem \u0159ekl p\u0159ed p\u00e1r t\u00fddny, ICC mus\u00ed b\u00fdt za tuto akci potrest\u00e1n.&#8220;<\/span><\/em><\/p>\n<p><span>N\u00e1vrh pro\u0161el 247 hlasy pro a 155 proti. Ka\u017ed\u00fd republik\u00e1n a 42 proizraelsk\u00fdch demokrat\u016f hlasovalo ano. Zbytek strany prezidenta Joea Bidena v\u0161ak hlasoval proti, proto\u017ee byl proti sankc\u00edm, kter\u00e9 byly j\u00e1drem republik\u00e1nsk\u00e9ho n\u00e1vrhu.<\/span><\/p>\n<p><span>N\u00e1vrh z\u00e1kona, sponzorovan\u00fd texask\u00fdm republik\u00e1nem Chip Royem, by vid\u011bl, \u017ee USA uval\u00ed cestovn\u00ed a finan\u010dn\u00ed sankce proti \u00fa\u0159edn\u00edk\u016fm ICC, co\u017e d\u00e1v\u00e1 americk\u00e9mu prezidentovi jednostrannou pravomoc je ukon\u010dit, pokud soud zastav\u00ed vy\u0161et\u0159ov\u00e1n\u00ed Ameri\u010dan\u016f nebo jejich spojenc\u016f nebo\u00a0<\/span><em><span>\u201etrvale ukon\u010d\u00ed\u201c<\/span><\/em><span>\u00a0vy\u0161et\u0159ov\u00e1n\u00ed chr\u00e1n\u011bn\u00fdch jedinc\u016f. .<\/span><\/p>\n<p><span>N\u011bkte\u0159\u00ed demokrat\u00e9 varovali, \u017ee sankce by mohly m\u00edt dopad na n\u011bkter\u00e9 spojence Washingtonu, kte\u0159\u00ed \u2013 na rozd\u00edl od USA \u2013 ratifikovali \u0158\u00edmsk\u00fd statut a p\u0159ijali jurisdikci ICC.<\/span><\/p>\n<p><em><span>\u201eSankcionovalo by to v\u016fdce n\u011bkter\u00fdch z na\u0161ich nejsiln\u011bj\u0161\u00edch spojenc\u016f: Spojen\u00e9ho kr\u00e1lovstv\u00ed, It\u00e1lie, N\u011bmecka a Japonska. To je nebezpe\u010dn\u00e1 v\u011bc,\u201c<\/span><\/em><span>\u00a0\u0159ekl kongresman Gregory Meeks, newyorsk\u00fd demokrat, kter\u00fd je \u010dlenem zahrani\u010dn\u00edho v\u00fdboru sn\u011bmovny.\u00a0<\/span><em><span>&#8222;Je tak \u0161irok\u00fd, \u017ee se pro n\u00e1s st\u00e1v\u00e1 velmi nebezpe\u010dn\u00fdm.&#8220;<\/span><\/em><\/p>\n<p><span>Zast\u00e1nci z\u00e1kona z obou stran uvedli, \u017ee jeho p\u0159ijet\u00ed by\u00a0<\/span><em><span>\u201evyslalo d\u016fle\u017eit\u00e9 poselstv\u00ed\u201c<\/span><\/em><span>\u00a0sv\u011btu, \u017ee USA stoj\u00ed p\u0159i Izraeli. Je v\u0161ak nepravd\u011bpodobn\u00e9, \u017ee se stane z\u00e1konem bez Bidenova souhlasu a podpory demokrat\u016f v Sen\u00e1tu.<\/span><\/p>\n<p><span>Rozho\u0159\u010den\u00ed USA nad pouhou mo\u017enost\u00ed, \u017ee by ICC mohl obvinit izraelsk\u00e9 veden\u00ed, vzneslo obvin\u011bn\u00ed z pokrytectv\u00ed, proto\u017ee Washington loni zaj\u00e1sal soudu, kdy\u017e \u0161el po rusk\u00e9m prezidentovi Vladimiru Putinovi.<\/span><\/p>\n<p><em><span>\u201eExistuje \u0159\u00edmsk\u00e9 pr\u00e1vo, existuje obecn\u00e9 pr\u00e1vo. A je tu americk\u00e9 pr\u00e1vo \u2013 dekadentn\u00ed arthouse, p\u0159ech\u00e1zej\u00edc\u00ed do liber\u00e1ln\u00ed postmodern\u00ed bipolarity,\u201c<\/span><\/em><span>\u00a0\u0159ekla mluv\u010d\u00ed rusk\u00e9ho ministerstva zahrani\u010d\u00ed Maria Zakharov\u00e1\u00a0<\/span><a href=\"https:\/\/t.me\/MariaVladimirovnaZakharova\/8172\" target=\"_blank\" rel=\"noopener noreferrer\"><span>v Telegramu<\/span><\/a><span>\u00a0, kdy\u017e komentovala hlasov\u00e1n\u00ed ve Sn\u011bmovn\u011b reprezentant\u016f.<\/span><\/p>\n<p><img decoding=\"async\" loading=\"lazy\" class=\"alignnone size-full wp-image-1185\" src=\"http:\/\/www.infokuryr.cz\/n\/wp-content\/uploads\/2021\/04\/kuryr-podpis.png\" alt=\"\" width=\"84\" height=\"24\" \/><\/p>\n<p>&nbsp;<\/p>\n","protected":false},"excerpt":{"rendered":"<p>Z\u00e1konod\u00e1rci cht\u011bj\u00ed \u201epotrestat\u201c soud za vy\u0161et\u0159ov\u00e1n\u00ed v\u00e1le\u010dn\u00fdch zlo\u010din\u016f v Gaze Americk\u00e1 Sn\u011bmovna reprezentant\u016f v \u00fater\u00fd&#8230;<\/p>\n","protected":false},"author":2,"featured_media":41802,"comment_status":"closed","ping_status":"closed","sticky":false,"template":"","format":"standard","meta":[],"categories":[7],"tags":[4625,107,125,37],"_links":{"self":[{"href":"https:\/\/www.infokuryr.cz\/n\/wp-json\/wp\/v2\/posts\/55221"}],"collection":[{"href":"https:\/\/www.infokuryr.cz\/n\/wp-json\/wp\/v2\/posts"}],"about":[{"href":"https:\/\/www.infokuryr.cz\/n\/wp-json\/wp\/v2\/types\/post"}],"author":[{"embeddable":true,"href":"https:\/\/www.infokuryr.cz\/n\/wp-json\/wp\/v2\/users\/2"}],"replies":[{"embeddable":true,"href":"https:\/\/www.infokuryr.cz\/n\/wp-json\/wp\/v2\/comments?post=55221"}],"version-history":[{"count":0,"href":"https:\/\/www.infokuryr.cz\/n\/wp-json\/wp\/v2\/posts\/55221\/revisions"}],"wp:featuredmedia":[{"embeddable":true,"href":"https:\/\/www.infokuryr.cz\/n\/wp-json\/wp\/v2\/media\/41802"}],"wp:attachment":[{"href":"https:\/\/www.infokuryr.cz\/n\/wp-json\/wp\/v2\/media?parent=55221"}],"wp:term":[{"taxonomy":"category","embeddable":true,"href":"https:\/\/www.infokuryr.cz\/n\/wp-json\/wp\/v2\/categories?post=55221"},{"taxonomy":"post_tag","embeddable":true,"href":"https:\/\/www.infokuryr.cz\/n\/wp-json\/wp\/v2\/tags?post=55221"}],"curies":[{"name":"wp","href":"https:\/\/api.w.org\/{rel}","templated":true}]}}