{"id":55220,"date":"2024-06-05T06:23:28","date_gmt":"2024-06-05T04:23:28","guid":{"rendered":"https:\/\/www.infokuryr.cz\/n\/?p=55220"},"modified":"2024-06-05T06:23:28","modified_gmt":"2024-06-05T04:23:28","slug":"p-c-roberts-drazi-americane","status":"publish","type":"post","link":"https:\/\/www.infokuryr.cz\/n\/2024\/06\/05\/p-c-roberts-drazi-americane\/","title":{"rendered":"P. C. Roberts: Draz\u00ed Ameri\u010dan\u00e9"},"content":{"rendered":"<div id=\"fb-root\"><\/div>\n<p>Jste si v\u011bdomi toho, \u017ee se chyst\u00e1te b\u00fdt, a to i mimo hranice Ukrajiny, zavle\u010deni do jadern\u00e9 v\u00e1lky, zat\u00edmco va\u0161e vlastn\u00ed nechr\u00e1n\u011bn\u00e9, a \u0161iroce otev\u0159en\u00e9 hranice ka\u017edoro\u010dn\u011b v\u00edtaj\u00ed 3,6 milionu imigrant\u016f? Draz\u00ed Ameri\u010dane. Jste si v\u011bdomi toho, \u017ee prezident Trump byl \u201eusv\u011bd\u010den\u201c v monstrprocesu typu Josifa Stalina za neexistuj\u00edc\u00ed zlo\u010din?<\/p>\n<p>Draz\u00ed Ameri\u010dane. Jste si v\u011bdomi toho, \u017ee newyorsk\u00fd \u201ejusti\u010dn\u00ed (sic) syst\u00e9m\u201c je nejzkorumpovan\u011bj\u0161\u00ed ze v\u0161ech na planet\u011b Zemi?<\/p>\n<p>Draz\u00ed Ameri\u010dane. \u2028Ch\u00e1pete, \u017ee \u017eijete v zemi, kter\u00e1 se hrout\u00ed rychlost\u00ed sv\u011btla, mor\u00e1ln\u011b, politicky, ekonomicky, soci\u00e1ln\u011b a i vojensky?<\/p>\n<p>Draz\u00ed Ameri\u010dan\u00e9. Je\u0161t\u011b v\u00e1s nenapadlo pro\u010d, zat\u00edmco ulice Budape\u0161ti se pln\u00ed statis\u00edci lidmi protestuj\u00edc\u00edmi proti nadch\u00e1zej\u00edc\u00ed v\u00e1lce s Ruskem, kterou n\u00e1m Biden nese, v Americe a t\u00e9\u017e jinde v Evrop\u011b \u017e\u00e1dn\u00e1 protestn\u00ed aktivita neprob\u00edh\u00e1? Ani slovo v m\u00e9di\u00edch a \u017e\u00e1dn\u00e1 opozice v Kongresu proti zni\u010den\u00ed z\u00e1padn\u00edho sv\u011bta, kter\u00e9 v\u00e1lka s Ruskem p\u0159inese?<\/p>\n<p>Draz\u00ed Ameri\u010dane, Moje ot\u00e1zky jsou pro uv\u011bdom\u011bl\u00e9 lidi, co\u017e je kategorie, na kterou se kvalifikuje jen m\u00e1lo Ameri\u010dan\u016f. Budou-li lidsk\u00e9 d\u011bjiny pokra\u010dovat, co\u017e se v tuto chv\u00edli zd\u00e1 nejist\u00e9, budou se budouc\u00ed historici opr\u00e1vn\u011bn\u011b pt\u00e1t, pro\u010d lid\u00e9 proti sv\u00e9mu o\u010dek\u00e1van\u00e9mu vyhlazen\u00ed neprotestovali. Jak bylo mo\u017en\u00e9, \u017ee cel\u00fdm populac\u00edm mohly b\u00fdt mozky vymyty a\u017e tak, \u017ee mo\u017enost\u00a0 n\u00e1siln\u00e9 ztr\u00e1ty jejich \u017eivota z nich vymizela?<\/p>\n<p><em>Vybral a p\u0159elo\u017eil Lubom\u00edr Man<\/em><\/p>\n<p>&nbsp;<\/p>\n","protected":false},"excerpt":{"rendered":"<p>Jste si v\u011bdomi toho, \u017ee se chyst\u00e1te b\u00fdt, a to i mimo hranice Ukrajiny, zavle\u010deni&#8230;<\/p>\n","protected":false},"author":2,"featured_media":810,"comment_status":"closed","ping_status":"closed","sticky":false,"template":"","format":"standard","meta":[],"categories":[7],"tags":[898,72,1503,37],"_links":{"self":[{"href":"https:\/\/www.infokuryr.cz\/n\/wp-json\/wp\/v2\/posts\/55220"}],"collection":[{"href":"https:\/\/www.infokuryr.cz\/n\/wp-json\/wp\/v2\/posts"}],"about":[{"href":"https:\/\/www.infokuryr.cz\/n\/wp-json\/wp\/v2\/types\/post"}],"author":[{"embeddable":true,"href":"https:\/\/www.infokuryr.cz\/n\/wp-json\/wp\/v2\/users\/2"}],"replies":[{"embeddable":true,"href":"https:\/\/www.infokuryr.cz\/n\/wp-json\/wp\/v2\/comments?post=55220"}],"version-history":[{"count":0,"href":"https:\/\/www.infokuryr.cz\/n\/wp-json\/wp\/v2\/posts\/55220\/revisions"}],"wp:featuredmedia":[{"embeddable":true,"href":"https:\/\/www.infokuryr.cz\/n\/wp-json\/wp\/v2\/media\/810"}],"wp:attachment":[{"href":"https:\/\/www.infokuryr.cz\/n\/wp-json\/wp\/v2\/media?parent=55220"}],"wp:term":[{"taxonomy":"category","embeddable":true,"href":"https:\/\/www.infokuryr.cz\/n\/wp-json\/wp\/v2\/categories?post=55220"},{"taxonomy":"post_tag","embeddable":true,"href":"https:\/\/www.infokuryr.cz\/n\/wp-json\/wp\/v2\/tags?post=55220"}],"curies":[{"name":"wp","href":"https:\/\/api.w.org\/{rel}","templated":true}]}}