{"id":55218,"date":"2024-06-05T06:07:52","date_gmt":"2024-06-05T04:07:52","guid":{"rendered":"https:\/\/www.infokuryr.cz\/n\/?p=55218"},"modified":"2024-06-05T06:07:52","modified_gmt":"2024-06-05T04:07:52","slug":"kreml-poprve-nazyva-usa-nepritelem","status":"publish","type":"post","link":"https:\/\/www.infokuryr.cz\/n\/2024\/06\/05\/kreml-poprve-nazyva-usa-nepritelem\/","title":{"rendered":"Kreml poprv\u00e9 naz\u00fdv\u00e1 USA \u201enep\u0159\u00edtelem\u201c"},"content":{"rendered":"<div id=\"fb-root\"><\/div>\n<p><span style=\"font-size: 18pt;\"><strong>Dmitrij Peskov d\u0159\u00edve ozna\u010dil Washington a jeho spojence za \u201enep\u0159\u00e1telsk\u00e9 st\u00e1ty\u201c a \u201eodp\u016frce\u201c<\/strong><\/span><\/p>\n<p><span>Mluv\u010d\u00ed Kremlu Dmitrij Peskov v \u00fater\u00fd p\u0159i rozhovoru s novin\u00e1\u0159i\u00a0ozna\u010dil Spojen\u00e9 st\u00e1ty za\u00a0<\/span><em><span>\u201enep\u0159\u00edtele\u201c<\/span><\/em><span>\u00a0. Z\u016fst\u00e1v\u00e1 v\u0161ak nejasn\u00e9, zda zm\u011bna r\u00e9toriky signalizuje ofici\u00e1ln\u00ed zm\u011bnu politiky, jak mluv\u010d\u00ed d\u0159\u00edve tvrdil, \u017ee takov\u00e1 rozhodnut\u00ed m\u016f\u017ee u\u010dinit pouze prezident Vladimir Putin.<\/span><\/p>\n<p><span>Odm\u00edtnut\u00ed Washingtonu povolit b\u00fdval\u00e9mu americk\u00e9mu mari\u0148\u00e1kovi, zbrojn\u00edmu inspektorovi OSN a p\u0159isp\u011bvateli RT Scottu Ritterovi cestovat do Petrohradu bylo\u00a0<\/span><em><span>\u201eposledn\u00edm projevem zu\u0159iv\u00e9 kampan\u011b, kter\u00e1 m\u011bla zabr\u00e1nit ob\u010dan\u016fm USA v interakci s Ruskou federac\u00ed\u201c<\/span><\/em><span>\u00a0\u2013 co\u017e by bylo\u00a0\u00a0<\/span><em><span>\u201epochopiteln\u00e9\u201c,<\/span><\/em><span>\u00a0\u00a0pokud by n\u011bjak to souviselo s jeho b\u00fdval\u00fdm zpravodajsk\u00fdm statusem, \u0159ekl Peskov v \u00fater\u00fd novin\u00e1\u0159\u016fm.<\/span><\/p>\n<p><em><span>&#8222;Nyn\u00ed jsme pro n\u011b nep\u0159\u00e1telsk\u00e1 zem\u011b &#8211; podobn\u011b jako oni pro n\u00e1s,&#8220;<\/span><\/em><span>\u00a0\u0159ekl Peskov s t\u00edm, \u017ee omezen\u00ed pro b\u00fdval\u00e9 zpravodajsk\u00e9 d\u016fstojn\u00edky, zejm\u00e9na pokud jde o cestov\u00e1n\u00ed\u00a0<\/span><em><span>&#8222;do nep\u0159\u00e1telsk\u00e9 zem\u011b&#8220;,<\/span><\/em><span>\u00a0jsou b\u011b\u017en\u00e1 po cel\u00e9m sv\u011bt\u011b.<\/span><\/p>\n<p><span>Kreml d\u0159\u00edve ozna\u010dil Spojen\u00e9 st\u00e1ty a dal\u0161\u00ed z\u00e1padn\u00ed zem\u011b, kter\u00e9 podporovaly a vyzbrojovaly Kyjev a zavedly sankce proti Moskv\u011b, za\u00a0<\/span><em><span>\u201enep\u0159\u00e1telsk\u00e9 st\u00e1ty\u201c<\/span><\/em><span>\u00a0a\u00a0<\/span><em><span>\u201eodp\u016frce\u201c.<\/span><\/em><span>\u00a0Jemn\u00e1 zm\u011bna r\u00e9toriky n\u00e1sleduje po rozhodnut\u00ed Washingtonu nechat Kyjev pou\u017e\u00edt americk\u00e9 zbran\u011b proti c\u00edl\u016fm hloub\u011bji uvnit\u0159 Ruska, za t\u00edm, co USA pova\u017euj\u00ed za ukrajinsk\u00e9 \u00fazem\u00ed.<\/span><\/p>\n<p><span>Je\u0161t\u011b v b\u0159eznu Peskov poznamenal, \u017ee Moskva nem\u00e1 r\u00e1da americk\u00e9 p\u0159edstavitele, kte\u0159\u00ed neust\u00e1le ur\u00e1\u017eej\u00ed prezidenta Putina, ale obecn\u011b\u00a0v Rusku nejsou\u00a0<\/span><em><span>\u201e\u017e\u00e1dn\u00e9 protiamerick\u00e9 n\u00e1lady\u201c , \u010d\u00edm\u017e vyj\u00e1d\u0159il nad\u011bji, \u017ee\u00a0<\/span><\/em><em><span>\u201ed\u0159\u00edve nebo pozd\u011bji si uv\u011bdom\u00ed, \u017ee n\u00e1rody Ameriky a Ruska nejsou nep\u0159\u00e1tel\u00e9 nakonec p\u0159ijdou.&#8220;<\/span><\/em><\/p>\n<p><span>Putin v lednu prohl\u00e1sil, \u017ee elity kolektivn\u00edho Z\u00e1padu jsou ve skute\u010dnosti skute\u010dn\u00fdm nep\u0159\u00edtelem Ruska, zat\u00edmco Ukrajina je pouh\u00fdm n\u00e1strojem v jejich rukou.\u00a0<\/span><\/p>\n<p><em><span>\u201eNejde o to, \u017ee pom\u00e1haj\u00ed na\u0161emu nep\u0159\u00edteli, ale o to, \u017ee jsou na\u0161\u00edm nep\u0159\u00edtelem,\u201c<\/span><\/em><span>\u00a0\u0159ekl rusk\u00fd prezident s t\u00edm, \u017ee konflikt mezi Moskvou a Kyjevem \u0159\u00eddily z\u00e1padn\u00ed elity, kter\u00e9 se sna\u017e\u00ed\u00a0Rusku u\u0161t\u011bd\u0159it\u00a0<\/span><em><span>\u201estrategickou por\u00e1\u017eku\u201c .<\/span><\/em><\/p>\n<p><span>Minul\u00fd m\u011bs\u00edc Putin zopakoval, \u017ee kolektivn\u00ed Z\u00e1pad a\u00a0<\/span><em><span>\u201ecel\u00e1 z\u00e1padn\u00ed komunita pracuje pro na\u0161eho nep\u0159\u00edtele a sn\u00ed o tom, \u017ee Rusko p\u0159estane existovat ve sv\u00e9 sou\u010dasn\u00e9 podob\u011b\u201c,<\/span><\/em><span>\u00a0ale zastavil se p\u0159ed t\u00edm, aby ozna\u010dil jak\u00fdkoli konkr\u00e9tn\u00ed z\u00e1padn\u00ed st\u00e1t za \u201enep\u0159\u00edtele\u201c.<\/span><\/p>\n<p><span>Zat\u00edmco b\u00fdval\u00fd rusk\u00fd prezident Dmitrij Medved\u011bv, kter\u00fd v sou\u010dasnosti p\u016fsob\u00ed jako m\u00edstop\u0159edseda Rady bezpe\u010dnosti Ruska, a n\u011bkolik dal\u0161\u00edch jest\u0159\u00e1b\u00edch p\u0159edstavitel\u016f\u00a0v posledn\u00edch dvou letech opakovan\u011b ozna\u010dovali protivn\u00edky Moskvy za\u00a0<\/span><em><span>\u201enep\u0159\u00e1tele\u201c , Peskov d\u0159\u00edve\u00a0<\/span><\/em><a href=\"https:\/\/www.interfax.ru\/russia\/845311\"><span>\u0159ekl<\/span><\/a><span>\u00a0, \u017ee pouze prezident Putin m\u016f\u017ee\u00a0<\/span><em><span>\u201eformulovat a vyjad\u0159ovat Ofici\u00e1ln\u00ed rusk\u00e1 zahrani\u010dn\u011bpolitick\u00e1 pozice.&#8220;<\/span><\/em><\/p>\n<p><img decoding=\"async\" loading=\"lazy\" class=\"alignnone size-full wp-image-1185\" src=\"http:\/\/www.infokuryr.cz\/n\/wp-content\/uploads\/2021\/04\/kuryr-podpis.png\" alt=\"\" width=\"84\" height=\"24\" \/><\/p>\n<p>&nbsp;<\/p>\n<p>&nbsp;<\/p>\n","protected":false},"excerpt":{"rendered":"<p>Dmitrij Peskov d\u0159\u00edve ozna\u010dil Washington a jeho spojence za \u201enep\u0159\u00e1telsk\u00e9 st\u00e1ty\u201c a \u201eodp\u016frce\u201c Mluv\u010d\u00ed Kremlu&#8230;<\/p>\n","protected":false},"author":2,"featured_media":13389,"comment_status":"closed","ping_status":"closed","sticky":false,"template":"","format":"standard","meta":[],"categories":[7],"tags":[1754,22,37],"_links":{"self":[{"href":"https:\/\/www.infokuryr.cz\/n\/wp-json\/wp\/v2\/posts\/55218"}],"collection":[{"href":"https:\/\/www.infokuryr.cz\/n\/wp-json\/wp\/v2\/posts"}],"about":[{"href":"https:\/\/www.infokuryr.cz\/n\/wp-json\/wp\/v2\/types\/post"}],"author":[{"embeddable":true,"href":"https:\/\/www.infokuryr.cz\/n\/wp-json\/wp\/v2\/users\/2"}],"replies":[{"embeddable":true,"href":"https:\/\/www.infokuryr.cz\/n\/wp-json\/wp\/v2\/comments?post=55218"}],"version-history":[{"count":0,"href":"https:\/\/www.infokuryr.cz\/n\/wp-json\/wp\/v2\/posts\/55218\/revisions"}],"wp:featuredmedia":[{"embeddable":true,"href":"https:\/\/www.infokuryr.cz\/n\/wp-json\/wp\/v2\/media\/13389"}],"wp:attachment":[{"href":"https:\/\/www.infokuryr.cz\/n\/wp-json\/wp\/v2\/media?parent=55218"}],"wp:term":[{"taxonomy":"category","embeddable":true,"href":"https:\/\/www.infokuryr.cz\/n\/wp-json\/wp\/v2\/categories?post=55218"},{"taxonomy":"post_tag","embeddable":true,"href":"https:\/\/www.infokuryr.cz\/n\/wp-json\/wp\/v2\/tags?post=55218"}],"curies":[{"name":"wp","href":"https:\/\/api.w.org\/{rel}","templated":true}]}}