{"id":55217,"date":"2024-06-05T06:05:14","date_gmt":"2024-06-05T04:05:14","guid":{"rendered":"https:\/\/www.infokuryr.cz\/n\/?p=55217"},"modified":"2024-06-05T06:05:14","modified_gmt":"2024-06-05T04:05:14","slug":"velky-narust-hromadnych-znasilneni-v-berline","status":"publish","type":"post","link":"https:\/\/www.infokuryr.cz\/n\/2024\/06\/05\/velky-narust-hromadnych-znasilneni-v-berline\/","title":{"rendered":"Velk\u00fd n\u00e1r\u016fst hromadn\u00fdch zn\u00e1siln\u011bn\u00ed v Berl\u00edn\u011b"},"content":{"rendered":"<div id=\"fb-root\"><\/div>\n<h2 class=\"entry-title\">Je to pr\u00e1ce \u201euprchl\u00edk\u016f\u201c. Liber\u00e1ln\u011b demokratick\u00fd re\u017eim uprchl\u00edky h\u00e1j\u00ed\u2026<\/h2>\n<p>Berl\u00ednsk\u00e1 policie<a href=\"https:\/\/jungefreiheit.de\/politik\/deutschland\/2024\/zahl-der-gruppenvergewaltigungen-in-berlin-steigt-um-ein-viertel\/\"> zve\u0159ejnila statistiky hromadn\u00fdch zn\u00e1siln\u011bn\u00ed za rok 2023<\/a>.\u00a0<strong>Celkem do\u0161lo k 111 hromadn\u00fdm zn\u00e1siln\u011bn\u00ed (v\u011bt\u0161inou b\u00edl\u00fdch \u017een), to je jedno hromadn\u00e9 zn\u00e1siln\u011bn\u00ed za 3 dny!!! V\u011bt\u0161inu zn\u00e1siln\u011bn\u00ed maj\u00ed na sv\u011bdom\u00ed uprchl\u00edci \u2013 rovn\u00fdch 54%. Zbytek jsou \u201eN\u011bmci\u201c, tady je ale nutn\u00e9 zd\u016fraznit, \u017ee v t\u00e9to skupin\u011b jsou i \u201eN\u011bmci barevn\u00e9ho p\u016fvodu\u201c. Je tedy jasn\u00e9, \u017ee hromadn\u00e1 zn\u00e1siln\u011bn\u00ed jsou prim\u00e1rn\u011b dom\u00e9nou neb\u00edl\u00fdch obyvatel Berl\u00edna, kter\u00fdch je podle statistik asi 25%.<\/strong><\/p>\n<p>R<strong>e\u017eim se uveden\u00fdch \u010d\u00edsel zd\u011bsil a vyrazil na obranu obohacuj\u00edc\u00edch uprchl\u00edk\u016f. Pr\u00fd za to nemohou a maj\u00ed traumata<\/strong>\u2026 Korunu tomu<strong>\u00a0nasadil m\u00edstn\u00ed politik CDU, podle n\u011bj je \u017een\u011b pr\u00fd jedno, zda j\u00ed zn\u00e1siln\u00ed uprchl\u00edk, nebo N\u011bmec a nelze tedy pau\u0161alizovat a vinit .<\/strong>\u00a0No jo, kdyby ale ve m\u011bst\u011b nebyli barevn\u00ed uprchl\u00edci,\u00a0<strong>tak by hromadn\u00fdch zn\u00e1siln\u011bn\u00ed bylo jen minimum. Tak to b\u00fdvalo, dokud byla evropsk\u00e1 m\u011bsta b\u00edl\u00e1. Hromadn\u00e1 zn\u00e1siln\u011bn\u00ed byla pro b\u00edl\u00e9 mu\u017ee v\u011bc nep\u0159edstaviteln\u00e1, pro barevn\u00e9 imigranty norm\u00e1ln\u00ed.<\/strong><\/p>\n<p><strong>Hlavn\u00ed vina za ty hr\u016fzy ale le\u017e\u00ed u skute\u010dn\u00fdch str\u016fjc\u016f hromadn\u00e9 imigrace a to nejsou ani muslimov\u00e9, ani EU byrokrat\u00e9!<\/strong><\/p>\n<p><img decoding=\"async\" loading=\"lazy\" class=\"alignnone size-full wp-image-1185\" src=\"http:\/\/www.infokuryr.cz\/n\/wp-content\/uploads\/2021\/04\/kuryr-podpis.png\" alt=\"\" width=\"84\" height=\"24\" \/><\/p>\n<p>&nbsp;<\/p>\n","protected":false},"excerpt":{"rendered":"<p>Je to pr\u00e1ce \u201euprchl\u00edk\u016f\u201c. Liber\u00e1ln\u011b demokratick\u00fd re\u017eim uprchl\u00edky h\u00e1j\u00ed\u2026 Berl\u00ednsk\u00e1 policie zve\u0159ejnila statistiky hromadn\u00fdch zn\u00e1siln\u011bn\u00ed&#8230;<\/p>\n","protected":false},"author":2,"featured_media":6312,"comment_status":"closed","ping_status":"closed","sticky":false,"template":"","format":"standard","meta":[],"categories":[7],"tags":[119,369,84,366],"_links":{"self":[{"href":"https:\/\/www.infokuryr.cz\/n\/wp-json\/wp\/v2\/posts\/55217"}],"collection":[{"href":"https:\/\/www.infokuryr.cz\/n\/wp-json\/wp\/v2\/posts"}],"about":[{"href":"https:\/\/www.infokuryr.cz\/n\/wp-json\/wp\/v2\/types\/post"}],"author":[{"embeddable":true,"href":"https:\/\/www.infokuryr.cz\/n\/wp-json\/wp\/v2\/users\/2"}],"replies":[{"embeddable":true,"href":"https:\/\/www.infokuryr.cz\/n\/wp-json\/wp\/v2\/comments?post=55217"}],"version-history":[{"count":0,"href":"https:\/\/www.infokuryr.cz\/n\/wp-json\/wp\/v2\/posts\/55217\/revisions"}],"wp:featuredmedia":[{"embeddable":true,"href":"https:\/\/www.infokuryr.cz\/n\/wp-json\/wp\/v2\/media\/6312"}],"wp:attachment":[{"href":"https:\/\/www.infokuryr.cz\/n\/wp-json\/wp\/v2\/media?parent=55217"}],"wp:term":[{"taxonomy":"category","embeddable":true,"href":"https:\/\/www.infokuryr.cz\/n\/wp-json\/wp\/v2\/categories?post=55217"},{"taxonomy":"post_tag","embeddable":true,"href":"https:\/\/www.infokuryr.cz\/n\/wp-json\/wp\/v2\/tags?post=55217"}],"curies":[{"name":"wp","href":"https:\/\/api.w.org\/{rel}","templated":true}]}}