{"id":55215,"date":"2024-06-05T06:03:09","date_gmt":"2024-06-05T04:03:09","guid":{"rendered":"https:\/\/www.infokuryr.cz\/n\/?p=55215"},"modified":"2024-06-05T06:03:09","modified_gmt":"2024-06-05T04:03:09","slug":"svetove-ekonomicke-forum-predstavilo-povinne-mozkove-implantaty-k-eliminaci-konspiracniho-smysleni","status":"publish","type":"post","link":"https:\/\/www.infokuryr.cz\/n\/2024\/06\/05\/svetove-ekonomicke-forum-predstavilo-povinne-mozkove-implantaty-k-eliminaci-konspiracniho-smysleni\/","title":{"rendered":"Sv\u011btov\u00e9 ekonomick\u00e9 f\u00f3rum p\u0159edstavilo \u201epovinn\u00e9 mozkov\u00e9 implant\u00e1ty\u201c k eliminaci konspira\u010dn\u00edho sm\u00fd\u0161len\u00ed"},"content":{"rendered":"<div id=\"fb-root\"><\/div>\n<p><span>Glob\u00e1ln\u00ed elita je zd\u011b\u0161ena odporem lid\u00ed k eutanazii, mRNA vakc\u00edn\u00e1m, turbo rakovin\u011b, pumpov\u00e1n\u00ed mRNA do potravin, normalizaci pedofilie a syntetick\u00fdm masn\u00fdm v\u00fdrobkem Billa Gatese.<\/span><\/p>\n<p><span>Proto se nyn\u00ed zoufale sna\u017e\u00ed z\u00edskat \u00faplnou kontrolu nad lidstvem prost\u0159ednictv\u00edm v\u00e1lky, kterou Sv\u011btov\u00e9 ekonomick\u00e9 f\u00f3rmum (WEF) znepokojiv\u011b nazvalo \u201ebitvou o v\u00e1\u0161 mozek\u201c.<\/span><\/p>\n<p><span>Podle zakladatele WEF Klause Schwaba bude lidstvo l\u00e9pe vybaveno ke zvl\u00e1dnut\u00ed budouc\u00edch v\u00fdzev, pokud nenarozen\u00e9 d\u011bti podstoup\u00ed \u00fapravu gen\u016f, aby se zajistilo, \u017ee nebudou m\u00edt posti\u017een\u00ed, nemoci a psychologick\u00e9 rysy, kter\u00e9 elita neschvaluje.<\/span><\/p>\n<p><span>Pokud Schwabovy pl\u00e1ny \u201ezm\u011bnit lidskou bytost\u201c a vyhr\u00e1t \u201ebitvu o v\u00e1\u0161 mozek\u201c nejsou dostate\u010dn\u011b znepokojuj\u00edc\u00ed, tak nejnov\u011bj\u0161\u00ed pl\u00e1ny Evropsk\u00e9 unie zakro\u010dit proti jak\u00e9koli opozici v\u016f\u010di globalistick\u00e9 agend\u011b by v\u00e1s m\u011bly postavit do pozoru.<\/span><\/p>\n<p><span>Jedn\u00e1 se o koordinovan\u00fd \u00fatok glob\u00e1ln\u00ed elity, na kter\u00fd se pr\u00e1v\u011b chystaj\u00ed.<\/span><\/p>\n<p><span>Podle p\u0159edsedkyn\u011b Evropsk\u00e9 komise Ur\u0161uly von der Leyenov\u00e9 mus\u00ed b\u00fdt evropsk\u00e1 populace \u201eo\u010dkov\u00e1na proti my\u0161lenk\u00e1m\u201c, kter\u00e9 establi\u0161ment neschvaluje.<\/span><\/p>\n<p><span>Ve vystoupen\u00ed na summitu o demokracii v Kodani za\u010d\u00e1tkem tohoto m\u011bs\u00edce von der Leyenov\u00e1\u00a0<\/span><a href=\"https:\/\/admin.epp.eu\/files\/uploads\/2024\/05\/Ursula-von-der-Leyen-Democracy-Summit-Copenhagen-Denmark-14-May-2024.pdf\" target=\"_blank\" rel=\"noopener\"><span>odhalila<\/span><\/a><span>\u00a0sv\u016fj pl\u00e1n \u201eEvropsk\u00fd \u0161t\u00edt demokracie\u201c, jeho\u017e c\u00edlem je \u201eodhalovat dezinformace a \u0161kodliv\u00e9 zasahov\u00e1n\u00ed\u2026 a u\u010dinit na\u0161e spole\u010dnosti odoln\u011bj\u0161\u00edmi\u201c.<\/span><\/p>\n<p><span>Jin\u00fdmi slovy, \u201e\u0161t\u00edt demokracie\u201c je jen eufemismus pro cenzuru a \u201espole\u010densk\u00e1 odolnost\u201c je dal\u0161\u00ed v\u00fdraz pro dodr\u017eov\u00e1n\u00ed p\u0159edpis\u016f.<\/span><\/p>\n<p><span>Nemylte se, glob\u00e1ln\u00ed elita vede v\u00e1lku proti suverenit\u011b lidsk\u00e9 bytosti. Sv\u011btov\u00e9 ekonomick\u00e9 f\u00f3rum se stalo natolik arogantn\u00edm, \u017ee se u\u017e ani nesna\u017e\u00ed skr\u00fdvat sv\u00e9 dystopick\u00e9 pl\u00e1ny.<\/span><\/p>\n<p><span>Noah Yuval\u00a0<\/span><a href=\"https:\/\/www.badatel.net\/harari-z-wef-sa-vyhraza-ludstvu-v-buducnosti-sa-budete-musiet-znova-naucit-vidiet-a-chodit\/\"><span>Harari<\/span><\/a><span>\u00a0, prav\u00e1 ruka Klause Schwaba, \u0159\u00edk\u00e1, \u017ee nic takov\u00e9ho jako svobodn\u00e1 v\u016fle neexistuje. Jste prost\u011b \u201ehacknuteln\u00e9 zv\u00ed\u0159e\u201c a elita dr\u017e\u00ed hesla do va\u0161eho mozku.<\/span><\/p>\n<h2><span>V\u00edtejte v tom, co WEF znepokojiv\u011b naz\u00fdv\u00e1 \u201ebitva o v\u00e1\u0161 mozek\u201c<\/span><\/h2>\n<p><span>Tady je n\u00e1\u0161 odkaz Von der Leyenov\u00e9, Schwabovi, Hararimu a cel\u00e9mu WEF: Jdeme po v\u00e1s. Pokud si mysl\u00edte, \u017ee my \u201eneelity\u201c si sedneme a nech\u00e1me v\u00e1s, abyste si s n\u00e1mi d\u011blali, co chcete, tak jste na velk\u00e9m omylu!<\/span><\/p>\n<p><span>Cel\u00e9 je to je\u0161t\u011b hor\u0161\u00ed, kdy\u017e si uv\u011bdom\u00edte, kdo v\u0161echno je zapojen do tohoto spiknut\u00ed proti lidskosti.<\/span><\/p>\n<p><span>Posledn\u00ed online p\u0159\u00edsp\u011bvek Davida Bowieho varoval, \u017ee \u201eGoogle je illumin\u00e1t\u201c a zd\u00e1 se, \u017ee jeho varov\u00e1n\u00ed nemohlo b\u00fdt proz\u00edrav\u011bj\u0161\u00ed.<\/span><\/p>\n<p><span>Video nato\u010den\u00e9 b\u011bhem zased\u00e1n\u00ed Sv\u011btov\u00e9ho ekonomick\u00e9ho f\u00f3ra ukazuje Klause Schwaba, jak se spoluzakladatelem Google Sergeyem Brinem pl\u00e1nuj\u00ed instalovat \u201emozkov\u00e9 implant\u00e1ty\u201c do na\u0161ich hlav, aby globalistick\u00e9 Sv\u011btov\u00e9 ekonomick\u00e9 f\u00f3rum mohlo \u201em\u011b\u0159it na\u0161e mozkov\u00e9 vlny, \u010d\u00edst na\u0161e my\u0161lenky a kontrolovat na\u0161e chov\u00e1n\u00ed\u201c.<\/span><\/p>\n<p><span>Podle Schwaba, syna pr\u016fmysln\u00edka nacistick\u00e9 T\u0159et\u00ed \u0159\u00ed\u0161e, budou \u201emozkov\u00e9 implant\u00e1ty\u201c zavedeny do 10 let \u2013 \u201ea vy s t\u00edm nem\u016f\u017eete nic ud\u011blat!\u201c<\/span><\/p>\n<p><span>Znepokojiv\u00e1 fantazie ovl\u00e1d\u00e1n\u00ed mysli, kterou jasn\u011b p\u0159edstavil Schwab, byla zaznamen\u00e1na b\u011bhem summitu Sv\u011btov\u00e9ho ekonomick\u00e9ho f\u00f3ra v Davosu v roce 2017. V\u017edy kdy\u017e se toto video objevilo n\u011bkde na soci\u00e1ln\u00edch s\u00edt\u00edch, ov\u011b\u0159ovatel\u00e9 fakt\u016f se sna\u017eili zastavit jeho \u0161\u00ed\u0159en\u00ed.<\/span><\/p>\n<p><span>Podle Schwabovy \u010dasov\u00e9 osy zav\u00e1d\u011bn\u00ed implant\u00e1t\u016f do mozku m\u00e1 za\u010d\u00edt do roku 2027 \u2013 tedy ji\u017e za 3 roky.<\/span><\/p>\n<p><span>Podle Schwaba bude WEF moci zru\u0161it volby na cel\u00e9m sv\u011bt\u011b, proto\u017ee jakmile hacknou lidsk\u00e9 bytosti mozkov\u00fdmi \u010dipy a odstran\u00ed svobodnou v\u016fli, budou si u\u017e\u00edvat \u201enaprogramovan\u00e9ho re\u017eimu\u201c ovl\u00e1d\u00e1n\u00ed lidsk\u00e9 rasy.<\/span><\/p>\n<p><span>Toto nejsou jen n\u011bjak\u00e9 teoretick\u00e9 vize. Tito lid\u00e9 jsou opravdu \u0161patn\u00ed. Podle WEF p\u0159ijde nov\u00e9 jednotn\u00e9 sv\u011btov\u00e9 n\u00e1bo\u017eenstv\u00ed, kter\u00e9 spoj\u00ed cel\u00e9 lidstvo p\u0159i olt\u00e1\u0159i klimatick\u00e9 v\u011bdy, technokomunismu (technofa\u0161ismu) a eugeniky.<\/span><\/p>\n<h2><span>Podle Schwaba \u201erobotizace umo\u017en\u00ed humanizaci\u201c<\/span><\/h2>\n<p><span>Zachytili jste ten oxymoron? Ten \u010dlov\u011bk je tot\u00e1ln\u00ed megaloman posedl\u00fd mesi\u00e1\u0161sk\u00fdm komplexem a je\u0161t\u011b ho v tom i podporuj\u00ed jeho kump\u00e1ni.<\/span><\/p>\n<p><span>Yuval Noah Harari, prav\u00e1 ruka Klause Schwaba, ozn\u00e1mil, \u017ee pl\u00e1ny WEF na z\u00edsk\u00e1n\u00ed \u00fapln\u00e9 kontroly nad lidstvem jsou tak pokro\u010dil\u00e9, \u017ee elita dnes u\u017e \u201enab\u00fdv\u00e1 bo\u017esk\u00e9 s\u00edly stvo\u0159en\u00ed a ni\u010den\u00ed\u201c.<\/span><\/p>\n<p><span>Rouh\u00e1n\u00ed v\u0161ak t\u00edmto nekon\u010d\u00ed. Harari d\u00e1le slibuje, \u017ee WEF zm\u011bn\u00ed lidi na bohy (z\u0159ejm\u011b t\u00edm myslel sebe a elitu, ne v\u0161echny lidi).<\/span><\/p>\n<p><span>Nechcete-li budoucnost, ve kter\u00e9 budete vy a va\u0161e d\u011bti nosit mozkov\u00e9 implant\u00e1ty, kter\u00e9 umo\u017en\u00ed globalistick\u00e9 elit\u011b \u010d\u00edst a ovl\u00e1dat va\u0161e my\u0161lenky jako bohem, je \u010das se jim postavit.<\/span><\/p>\n<h2><span>Z\u00e1v\u011br<\/span><\/h2>\n<p><span>Mus\u00edme b\u00fdt odhodl\u00e1ni nad\u00e1le br\u00e1t glob\u00e1ln\u00ed elitu na zodpov\u011bdnost za jejich zlo\u010diny proti lidskosti a nedovolit realizovat jejich pl\u00e1ny.<\/span><\/p>\n<p><span>Cesta vede p\u0159es ob\u010dansk\u00fd odpor a nez\u00fa\u010dast\u0148ov\u00e1n\u00ed se jejich agendy \u2013 nekupujte si elektrick\u00e1 auta, ignorujte jejich zelenou klimatickou agendu, pla\u0165te hotovost\u00ed, neposkytujte jim sv\u00e1 osobn\u00ed data a bojkotujte v\u0161echny jejich \u201eprogresivn\u00ed\u201c c\u00edle a programy.<\/span><\/p>\n<p><span>Autor: Baxter Dmitrij, Zdroj:\u00a0<\/span><a href=\"https:\/\/thepeoplesvoice.tv\/wef-unveils-mandatory-brain-implants-to-eradicate-conspiracy-theories\/\" target=\"_blank\" rel=\"noopener\"><span>thepeoplesvoice.tv<\/span><\/a><\/p>\n<p>&nbsp;<\/p>\n","protected":false},"excerpt":{"rendered":"<p>Glob\u00e1ln\u00ed elita je zd\u011b\u0161ena odporem lid\u00ed k eutanazii, mRNA vakc\u00edn\u00e1m, turbo rakovin\u011b, pumpov\u00e1n\u00ed mRNA do&#8230;<\/p>\n","protected":false},"author":2,"featured_media":55216,"comment_status":"closed","ping_status":"closed","sticky":false,"template":"","format":"standard","meta":[],"categories":[7],"tags":[279,794,7406,613],"_links":{"self":[{"href":"https:\/\/www.infokuryr.cz\/n\/wp-json\/wp\/v2\/posts\/55215"}],"collection":[{"href":"https:\/\/www.infokuryr.cz\/n\/wp-json\/wp\/v2\/posts"}],"about":[{"href":"https:\/\/www.infokuryr.cz\/n\/wp-json\/wp\/v2\/types\/post"}],"author":[{"embeddable":true,"href":"https:\/\/www.infokuryr.cz\/n\/wp-json\/wp\/v2\/users\/2"}],"replies":[{"embeddable":true,"href":"https:\/\/www.infokuryr.cz\/n\/wp-json\/wp\/v2\/comments?post=55215"}],"version-history":[{"count":0,"href":"https:\/\/www.infokuryr.cz\/n\/wp-json\/wp\/v2\/posts\/55215\/revisions"}],"wp:featuredmedia":[{"embeddable":true,"href":"https:\/\/www.infokuryr.cz\/n\/wp-json\/wp\/v2\/media\/55216"}],"wp:attachment":[{"href":"https:\/\/www.infokuryr.cz\/n\/wp-json\/wp\/v2\/media?parent=55215"}],"wp:term":[{"taxonomy":"category","embeddable":true,"href":"https:\/\/www.infokuryr.cz\/n\/wp-json\/wp\/v2\/categories?post=55215"},{"taxonomy":"post_tag","embeddable":true,"href":"https:\/\/www.infokuryr.cz\/n\/wp-json\/wp\/v2\/tags?post=55215"}],"curies":[{"name":"wp","href":"https:\/\/api.w.org\/{rel}","templated":true}]}}