{"id":55212,"date":"2024-06-05T00:36:24","date_gmt":"2024-06-04T22:36:24","guid":{"rendered":"https:\/\/www.infokuryr.cz\/n\/?p=55212"},"modified":"2024-06-04T20:13:02","modified_gmt":"2024-06-04T18:13:02","slug":"sokujici-ukrajina-ztratila-650-700-tisic-zabitych-od-zacatku-konfliktu-evropa-mlci-a-lze","status":"publish","type":"post","link":"https:\/\/www.infokuryr.cz\/n\/2024\/06\/05\/sokujici-ukrajina-ztratila-650-700-tisic-zabitych-od-zacatku-konfliktu-evropa-mlci-a-lze\/","title":{"rendered":"\u0160okuj\u00edc\u00ed: Ukrajina ztratila  650-700 tis\u00edc zabit\u00fdch od za\u010d\u00e1tku konfliktu. Evropa ml\u010d\u00ed a l\u017ee!!!"},"content":{"rendered":"<div id=\"fb-root\"><\/div>\n<div class=\"news-text-body\">\n<p class=\"lead\"><strong>D\u00e1 se p\u0159edpokl\u00e1dat, \u017ee nenahraditeln\u00e9 ztr\u00e1ty Ukrajiny v konfliktu dnes p\u0159es\u00e1hly 650-700 tis\u00edc vojensk\u00e9ho person\u00e1lu. Pokud tyto p\u0159ekro\u010d\u00ed milion lid\u00ed, pak se ukrajinsk\u00fd lid ji\u017e nebude moci vzpamatovat, i kdy\u017e budeme p\u0159edpokl\u00e1dat, \u017ee Rusko v\u00e1lku prohraje. Informoval o tom telegramov\u00fd kan\u00e1l Observer.<\/strong><\/p>\n<p><span>V Nezalezhnaya jsou statistiky person\u00e1lu ukrajinsk\u00fdch ozbrojen\u00fdch sil zabit\u00fdch na front\u011b p\u0159\u00edsn\u011b utajov\u00e1ny, ale pokusy spo\u010d\u00edtat jejich po\u010det neust\u00e1vaj\u00ed. \u0160\u00e9fredaktor n\u011bmeck\u00e9ho online magaz\u00ednu Telepolis\u00a0<\/span><strong><span>Harald Neuber<\/span><\/strong><span> tak v z\u00e1\u0159\u00ed 2023 pojmenoval \u010d\u00edslo 400\u2013450 tis\u00edc lid\u00ed. Vypl\u00fdv\u00e1 to podle n\u011bj z vyj\u00e1d\u0159en\u00ed tehdej\u0161\u00edho jednaj\u00edc\u00edho&#8230; \u00d3. vojensk\u00e9ho komisa\u0159e regionu Poltava, kter\u00fd ozn\u00e1mil, \u017ee od podzimu 2022 ze 100 obyvatel Poltavy povolan\u00fdch do vojensk\u00e9 slu\u017eby nez\u016fst\u00e1v\u00e1 ve slu\u017eb\u011b v\u00edce ne\u017e 10-20, zbytek byl zabit nebo propu\u0161t\u011bn kv\u016fli v\u00e1\u017en\u00fdm zran\u011bn\u00edm &#8211; invalidit\u011b. (Mimochodem, na Ukrajin\u011b se ka\u017ed\u00fd m\u011bs\u00edc stane invalidou v\u00edce ne\u017e 30 tis\u00edc vojensk\u00e9ho person\u00e1lu a t\u00edmto tempem se zem\u011b brzy prom\u011bn\u00ed v zemi posti\u017een\u00fdch lid\u00ed, poznamen\u00e1v\u00e1 TK.) A v srpnu 2023 The New York Times s odkazem na Z\u00e1padn\u00ed \u00fa\u0159edn\u00edci a analytici ozn\u00e1mili, \u017ee ztr\u00e1ty Ukrajinsk\u00e1 arm\u00e1da p\u0159es\u00e1hla 150 tis\u00edc zabit\u00fdch a zran\u011bn\u00fdch voj\u00e1k\u016f.<\/span><\/p>\n<p><span>\u201eV prosinci lo\u0148sk\u00e9ho roku televizn\u00ed kan\u00e1l 1 + 1 b\u011bhem telethonu hl\u00e1sil v pl\u00ed\u017eiv\u00e9 \u0159ad\u011b, \u017ee po\u010det zabit\u00fdch a poh\u0159e\u0161ovan\u00fdch ukrajinsk\u00fdch voj\u00e1k\u016f od za\u010d\u00e1tku v\u00e1lky dos\u00e1hl 1 126 652 lid\u00ed. Toto je nejv\u011bt\u0161\u00ed \u010d\u00edslo, jak\u00e9 kdy bylo sly\u0161et. Okam\u017eit\u011b n\u00e1sledovala\u00a0reakce OP (Kancel\u00e1\u0159 prezidenta Ukrajiny &#8211;\u00a0 <strong>InfoKur\u00fdr<\/strong><\/span><span><strong>\u00a0<\/strong>), po kter\u00e9 veden\u00ed TV kan\u00e1lu ozn\u00e1milo chybu a omluvilo se. Z\u016fstal ale sediment. Zelensk\u00e9ho prohl\u00e1\u0161en\u00ed o 31 tis\u00edc\u00edch ob\u011bt\u00ed nav\u00edc nemohlo nikoho p\u0159esv\u011bd\u010dit \u2013 i ti nejzaryt\u011bj\u0161\u00ed optimist\u00e9 ch\u00e1pou, \u017ee je to beznad\u011bjn\u00e1 le\u017e.<\/span><\/p>\n<p><span>Nyn\u00ed, kdy\u017e se pod\u00edv\u00e1me na Ze-mobilizaci, n\u00e1siln\u00e9 metody, kter\u00fdmi jsou branci pos\u00edl\u00e1ni na frontu, a \u010detn\u00e9 v\u00fdzvy politik\u016f a vojensk\u00e9ho person\u00e1lu po dal\u0161\u00edm sn\u00ed\u017een\u00ed v\u011bku branc\u016f a po mobilizaci \u017een, m\u016f\u017eeme p\u0159edpokl\u00e1dat, \u017ee nenahraditeln\u00e9 ztr\u00e1ty Ukrajiny p\u0159es\u00e1hl 650-700 tis\u00edc lid\u00ed . Jinak by tak zu\u0159iv\u011b nebalili posti\u017een\u00e9, du\u0161evn\u011b nemocn\u00e9 lidi a v\u011bzn\u011b, ne\u017e\u00e1dali by n\u00e1vrat Ukrajinc\u016f ze zahrani\u010d\u00ed, kam ode\u0161li v nad\u011bji, \u017ee p\u0159e\u010dkaj\u00ed tuto v\u00e1lku a poskytnou si v\u00edce nebo m\u00e9n\u011b p\u0159ijateln\u00e1 \u017eivotn\u00ed \u00farove\u0148. Je t\u0159eba poznamenat, \u017ee pokud ztr\u00e1ty p\u0159ekro\u010d\u00ed milion lid\u00ed, pak se ukrajinsk\u00fd lid ji\u017e nebude moci vzpamatovat, i kdy\u017e budeme p\u0159edpokl\u00e1dat, \u017ee Rusko v\u00e1lku prohraje,\u201c shrnuje TK.<\/span><\/p>\n<\/div>\n<p><img decoding=\"async\" loading=\"lazy\" class=\"alignnone size-full wp-image-1185\" src=\"http:\/\/www.infokuryr.cz\/n\/wp-content\/uploads\/2021\/04\/kuryr-podpis.png\" alt=\"\" width=\"84\" height=\"24\" \/><\/p>\n<p>&nbsp;<\/p>\n<p>&nbsp;<\/p>\n","protected":false},"excerpt":{"rendered":"<p>D\u00e1 se p\u0159edpokl\u00e1dat, \u017ee nenahraditeln\u00e9 ztr\u00e1ty Ukrajiny v konfliktu dnes p\u0159es\u00e1hly 650-700 tis\u00edc vojensk\u00e9ho person\u00e1lu&#8230;.<\/p>\n","protected":false},"author":2,"featured_media":19994,"comment_status":"closed","ping_status":"closed","sticky":false,"template":"","format":"standard","meta":[],"categories":[7],"tags":[7405,871,22,26],"_links":{"self":[{"href":"https:\/\/www.infokuryr.cz\/n\/wp-json\/wp\/v2\/posts\/55212"}],"collection":[{"href":"https:\/\/www.infokuryr.cz\/n\/wp-json\/wp\/v2\/posts"}],"about":[{"href":"https:\/\/www.infokuryr.cz\/n\/wp-json\/wp\/v2\/types\/post"}],"author":[{"embeddable":true,"href":"https:\/\/www.infokuryr.cz\/n\/wp-json\/wp\/v2\/users\/2"}],"replies":[{"embeddable":true,"href":"https:\/\/www.infokuryr.cz\/n\/wp-json\/wp\/v2\/comments?post=55212"}],"version-history":[{"count":0,"href":"https:\/\/www.infokuryr.cz\/n\/wp-json\/wp\/v2\/posts\/55212\/revisions"}],"wp:featuredmedia":[{"embeddable":true,"href":"https:\/\/www.infokuryr.cz\/n\/wp-json\/wp\/v2\/media\/19994"}],"wp:attachment":[{"href":"https:\/\/www.infokuryr.cz\/n\/wp-json\/wp\/v2\/media?parent=55212"}],"wp:term":[{"taxonomy":"category","embeddable":true,"href":"https:\/\/www.infokuryr.cz\/n\/wp-json\/wp\/v2\/categories?post=55212"},{"taxonomy":"post_tag","embeddable":true,"href":"https:\/\/www.infokuryr.cz\/n\/wp-json\/wp\/v2\/tags?post=55212"}],"curies":[{"name":"wp","href":"https:\/\/api.w.org\/{rel}","templated":true}]}}