{"id":55205,"date":"2024-06-05T00:40:12","date_gmt":"2024-06-04T22:40:12","guid":{"rendered":"https:\/\/www.infokuryr.cz\/n\/?p=55205"},"modified":"2024-06-05T05:55:38","modified_gmt":"2024-06-05T03:55:38","slug":"sokujici-odhalen-plan-nato-vyslat-americke-vojaky-do-prvni-linie-v-boji-proti-rusku-kdo-zatkne-fialu-a-spol","status":"publish","type":"post","link":"https:\/\/www.infokuryr.cz\/n\/2024\/06\/05\/sokujici-odhalen-plan-nato-vyslat-americke-vojaky-do-prvni-linie-v-boji-proti-rusku-kdo-zatkne-fialu-a-spol\/","title":{"rendered":"\u0160okuj\u00edc\u00ed: Odhalen pl\u00e1n NATO vyslat americk\u00e9 voj\u00e1ky do prvn\u00ed linie v boji proti RUSKU.! Kdo zatkne Fialu a spol.?"},"content":{"rendered":"<div id=\"fb-root\"><\/div>\n<div class=\"elementor-element elementor-element-1fb4c2c elementor-widget elementor-widget-theme-post-content\" data-id=\"1fb4c2c\" data-element_type=\"widget\" data-widget_type=\"theme-post-content.default\">\n<div class=\"elementor-widget-container\">\n<p><strong>Odhaleno &#8211; Pl\u00e1n NATO vyslat americk\u00e9 voj\u00e1ky do p\u0159edn\u00edch lini\u00ed v boji proti RUSKU: Aliance se p\u0159ipravuje na rychl\u00e9 nasazen\u00ed americk\u00fdch voj\u00e1k\u016f kv\u016fli obav\u00e1m, \u017ee Moskva pl\u00e1nuje velkou v\u00e1lku s Evropou<\/strong><\/p>\n<p>NATO pl\u00e1nuje vyslat americk\u00e9 voj\u00e1ky na evropsk\u00e9 fronty v p\u0159\u00edpad\u011b konfliktu s Ruskem.<\/p>\n<p>Maj\u00ed vzniknout nov\u00e9 \u201epozemn\u00ed koridory\u201c pro rychlou a bez byrokratickou p\u0159epravu voj\u00e1k\u016f nap\u0159\u00ed\u010d st\u0159edn\u00ed Evropou, aby jednotky NATO mohly okam\u017eit\u011b zas\u00e1hnout, pokud Putinova zni\u010duj\u00edc\u00ed v\u00e1lka na Ukrajin\u011b postoup\u00ed d\u00e1le na z\u00e1pad.<\/p>\n<p>Pl\u00e1ny by tak\u00e9 po\u010d\u00edtaly s nep\u0159edv\u00eddateln\u00fdmi ud\u00e1lostmi v p\u0159\u00edpad\u011b rusk\u00e9ho bombardov\u00e1n\u00ed, co\u017e by voj\u00e1k\u016fm umo\u017enilo dostat se na Balk\u00e1n p\u0159es koridory v It\u00e1lii, \u0158ecku a Turecku nebo k severn\u00ed hranici Ruska p\u0159es Skandin\u00e1vii, \u0159ekli p\u0159edstavitel\u00e9 Telegraphu.<\/p>\n<p>Nap\u011bt\u00ed v posledn\u00edch t\u00fddnech vzrostlo. Rusk\u00fd prezident Vladimir Putin otev\u0159en\u011b p\u0159ipustil \u201emo\u017enost\u201c \u201et\u0159et\u00ed sv\u011btov\u00e9 v\u00e1lky v pln\u00e9m rozsahu\u201c a pohrozil \u201efat\u00e1ln\u00edmi n\u00e1sledky\u201c, pokud z\u00e1padn\u00ed spojenci dovol\u00ed Ukrajin\u011b pou\u017e\u00edt jej\u00ed zbran\u011b na rusk\u00e9m \u00fazem\u00ed.<\/p>\n<p>V\u00fdzva Ukrajiny p\u0159i odr\u00e1\u017een\u00ed rusk\u00e9 invaze vedla evropsk\u00e9 v\u016fdce k tomu, aby ve t\u0159et\u00edm roce v\u00e1lky zaujali tvrd\u0161\u00ed postoj v\u016f\u010di Moskv\u011b.<\/p>\n<div class=\"wp-block-image\">\n<figure class=\"aligncenter size-large\"><img decoding=\"async\" class=\"aligncenter\" src=\"https:\/\/i0.wp.com\/i.dailymail.co.uk\/1s\/2024\/06\/04\/13\/85694707-13492243-image-m-51_1717504269015.jpg?w=800&amp;ssl=1\" alt=\"\" data-recalc-dims=\"1\" \/><figcaption class=\"wp-element-caption\">dailymail.co<\/figcaption><\/figure>\n<\/div>\n<p>Podle pl\u00e1n\u016f se ameri\u010dt\u00ed voj\u00e1ci vylod\u00ed v jednom z p\u011bti evropsk\u00fdch p\u0159\u00edstav\u016f, z nich\u017e \u010dty\u0159i poskytuj\u00ed p\u0159\u00edstup k z\u00e1padn\u00ed hranici Ukrajiny a p\u00e1t\u00fd se dostane k rusk\u00e9 hranici p\u0159es Finsko.<\/p>\n<p>NATO ji\u017e m\u011blo pl\u00e1ny na um\u00edst\u011bn\u00ed americk\u00fdch jednotek v Nizozemsku, ne\u017e budou v p\u0159\u00edpad\u011b v\u00e1lky p\u0159esunuty po \u017eeleznici do Polska.<\/p>\n<p>Vzhledem k varov\u00e1n\u00ed norsk\u00e9ho n\u00e1\u010deln\u00edka gener\u00e1ln\u00edho \u0161t\u00e1bu, \u017ee Evropa m\u00e1 jen dva a\u017e t\u0159i roky na p\u0159\u00edpravu, ne\u017e Rusko\u00a0<strong>m\u016f\u017ee<\/strong>\u00a0realisticky za\u00fato\u010dit na blok , NATO prov\u011b\u0159uje mo\u017en\u00e1 protiopat\u0159en\u00ed.<\/p>\n<p>O\u010dek\u00e1v\u00e1 se, \u017ee roz\u0161\u00ed\u0159en\u00e9 koridory poskytnou zabezpe\u010den\u00ed proti selh\u00e1n\u00ed v p\u0159\u00edpad\u011b p\u0159eru\u0161en\u00ed logistick\u00fdch nebo komunika\u010dn\u00edch linek a tak\u00e9 schopnost rychl\u00e9ho pohybu po Evrop\u011b v p\u0159\u00edpad\u011b rusk\u00e9ho \u00fatoku na \u010dlenskou zemi.<\/p>\n<p>Pokud by byla ohro\u017eena cesta p\u0159es st\u0159edn\u00ed Evropu, mohla by spojeneck\u00e1 vojska postupovat p\u0159es It\u00e1lii do Slovinska a na Balk\u00e1n a obej\u00edt Alpy a \u0160v\u00fdcarsko.<\/p>\n<p>Pl\u00e1ny maj\u00ed zajistit, aby arm\u00e1dy mohly sp\u011bchat po Evrop\u011b bez zpo\u017ed\u011bn\u00ed zp\u016fsoben\u00e9ho m\u00edstn\u00edmi p\u0159edpisy a kontroln\u00edmi stanovi\u0161ti &#8211; jak poznamenala francouzsk\u00e1 vl\u00e1da, kter\u00e1 se sna\u017eila dostat tanky p\u0159es hranici na cest\u011b do Rumunska.<\/p>\n<p>\u0158ecko a Turecko \u2013 oba tak\u00e9 \u010dlenov\u00e9 NATO \u2013 by podle pl\u00e1n\u016f mohly tak\u00e9 poskytovat trasy do Rumunska a na ji\u017en\u00ed pob\u0159e\u017e\u00ed Ukrajiny.<\/p>\n<p>A p\u00e1t\u00e1 cesta p\u0159es Norsko a \u0160v\u00e9dsko do Finska by mohla umo\u017enit voj\u00e1k\u016fm dos\u00e1hnout rusk\u00fdch hranic na severu, proto\u017ee Finsko vstoupilo do EU v dubnu lo\u0148sk\u00e9ho roku.<\/p>\n<p>Vedouc\u00ed p\u0159edstavitel\u00e9 NATO se loni dohodli, \u017ee udr\u017e\u00ed 300 000 voj\u00e1k\u016f v pohotovosti pro p\u0159\u00edpad napaden\u00ed \u010dlensk\u00e9 zem\u011b \u2013 o n\u011bco m\u00e9n\u011b ne\u017e polovinu voj\u00e1k\u016f, kter\u00e9 Napoleon poslal na sv\u00e9 katastrof\u00e1ln\u00ed ta\u017een\u00ed do Ruska v roce 1812.<\/p>\n<p>Royal United Services Institute (RUSI) odhaduje, \u017ee po\u010d\u00e1tkem roku 2023 bude m\u00edt rusk\u00e1 arm\u00e1da \u201evysoce neorganizovanou s\u00edlu na Ukrajin\u011b\u201c v po\u010dtu p\u0159ibli\u017en\u011b 360 000 voj\u00e1k\u016f, kter\u00e1 do l\u00e9ta vzroste na 410 000 voj\u00e1k\u016f.<\/p>\n<p>Za\u010d\u00e1tkem leto\u0161n\u00edho roku bylo na okupovan\u00fdch \u00fazem\u00edch um\u00edst\u011bno 470 000 voj\u00e1k\u016f.<\/p>\n<p>V prosinci NATO otestovalo svou p\u0159ipravenost na v\u00e1lku v Evrop\u011b spole\u010dn\u00fdm cvi\u010den\u00edm Brit\u00e1nie a jej\u00edch pobaltsk\u00fdch spojenc\u016f.<\/p>\n<p>C\u00edlem cvi\u010den\u00ed bylo \u201eujasnit si role a odpov\u011bdnosti\u201c a \u0159e\u0161it potenci\u00e1ln\u00ed v\u00fdzvy p\u0159i organizov\u00e1n\u00ed r\u016fzn\u00fdch sil pro spole\u010dnou ofenz\u00edvu.<\/p>\n<p>V b\u0159eznu Francie tak\u00e9 ozn\u00e1mila rozm\u00edst\u011bn\u00ed 37 tank\u016f Leclerc v Rumunsku, aby zajistila opera\u010dn\u00ed p\u0159ipravenost a d\u00e1le pos\u00edlila mezin\u00e1rodn\u00ed prapor na v\u00fdchod\u011b.<\/p>\n<p>Francouzsk\u00fd prezident Emmanuel Macron vyzval NATO, aby prok\u00e1zalo jednotu proti agresivn\u00edmu rusk\u00e9mu agresorovi, a v pa\u0159\u00ed\u017esk\u00e9m projevu varoval, \u017ee \u201epravidla se zm\u011bnila\u201c.<\/p>\n<p>\u201eSkute\u010dnost, \u017ee se v\u00e1lka vr\u00e1tila na evropskou p\u016fdu a vede ji jadern\u00e1 mocnost, v\u0161e m\u011bn\u00ed,\u201c \u0159ekl koncem dubna publiku na Sorbonn\u011b.<\/p>\n<p>Macron varoval, \u017ee Evropa je \u201eneozbrojen\u00e1 proti rizik\u016fm, kter\u00fdm \u010del\u00edme v zahrani\u010d\u00ed\u201c, a vyzval sv\u00e9 spojence na kontinentu, aby se v bezpe\u010dnostn\u00edch ot\u00e1zk\u00e1ch p\u0159\u00edli\u0161 nespol\u00e9hali na USA.<\/p>\n<p>Zat\u00edmco Putin a jeho spojenci nad\u00e1le ohro\u017euj\u00ed jadern\u00fd armagedon \u2013 a Rusko p\u0159ipravuje mobiln\u00ed jadern\u00e9 bunkry pro civilisty \u2013 Macron vyzval spojence, aby zah\u00e1jili \u201eevropskou obrannou iniciativu\u201c a vy\u010dlenili v\u00edce pen\u011bz na obranu.<\/p>\n<p>Teprve v b\u0159eznu americk\u00fd prezident Joe Biden prohl\u00e1sil, \u017ee nen\u00ed nutn\u00e9, aby USA pos\u00edlaly dal\u0161\u00ed voj\u00e1ky k zabezpe\u010den\u00ed polsk\u00fdch hranic, ne\u017e po\u017eadoval v\u00edce person\u00e1lu a vojensk\u00e9 techniky.<\/p>\n<p>Polsk\u00e9 \u00fa\u0159ady stejn\u011b jako Francie odm\u00edtly vylou\u010dit vysl\u00e1n\u00ed voj\u00e1k\u016f do Ruska, jeho\u017e c\u00edlem je do roku 2035 vybudovat nejv\u011bt\u0161\u00ed evropskou arm\u00e1du.<\/p>\n<p>Var\u0161ava, historick\u00fd nep\u0159\u00edtel Moskvy, varovala Z\u00e1pad p\u0159ed samolibost\u00ed a zbrojen\u00edm u\u017e p\u0159ed invaz\u00ed a do roku 2022 u\u017e vyd\u00e1v\u00e1 na obranu 2,4 procenta HDP \u2013 t\u0159et\u00ed nejv\u011bt\u0161\u00ed pod\u00edl po Spojen\u00fdch st\u00e1tech a \u0158ecku. Letos se tento pod\u00edl zv\u00fd\u0161il na zhruba \u010dty\u0159i procenta.<\/p>\n<p>B\u00fdval\u00fd premi\u00e9r Mateusz Morawiecki v listopadu 2022 \u0159ekl, \u017ee Polsko pot\u0159ebuje arm\u00e1du tak silnou, \u017ee se \u201enespol\u00e9h\u00e1 jen na svou s\u00edlu\u201c a sl\u00edbil, \u017ee bude m\u00edt \u201enejsiln\u011bj\u0161\u00ed pozemn\u00ed s\u00edly v Evrop\u011b\u201c \u2013 roli, kterou tradi\u010dn\u011b zast\u00e1v\u00e1 Francie.<\/p>\n<p>O rok pozd\u011bji Brit\u00e1nie ozn\u00e1mila dohodu s Polskem o protivzdu\u0161n\u00e9 obran\u011b v hodnot\u011b 4 miliard liber, kter\u00e1 by \u201epos\u00edlila evropskou bezpe\u010dnost\u201c a poskytla polsk\u00fdm sil\u00e1m vylep\u0161en\u00e9 syst\u00e9my pozemn\u00ed protivzdu\u0161n\u00e9 obrany, kter\u00e9 by mohly odradit p\u0159\u00edchoz\u00ed hrozby na vzd\u00e1lenost a\u017e 40 kilometr\u016f.<\/p>\n<p>Polsko mezit\u00edm podepsalo kontrakt na dod\u00e1vku bezz\u00e1kluzov\u00fdch pu\u0161ek Carl Gustaf M4 a munice v hodnot\u011b 1,5 miliardy eur, schopn\u00fdch ni\u010dit bojov\u00e1 vozidla v\u010detn\u011b tank\u016f.<\/p>\n<p>Loni v b\u0159eznu USA tak\u00e9 souhlasily s prodejem 800 st\u0159el Hellfire \u201ea souvisej\u00edc\u00edho vybaven\u00ed\u201c v hodnot\u011b 150 milion\u016f dolar\u016f a 116 tank\u016f Abrams v hodnot\u011b 1,4 miliardy dolar\u016f do Polska.<\/p>\n<p>Var\u0161ava tak\u00e9 umo\u017enila USA z\u0159\u00eddit svou prvn\u00ed st\u00e1lou pos\u00e1dku v Polsku \u2013 co\u017e je pon\u011bkud symbolick\u00fd krok, kter\u00fd americk\u00fd velvyslanec ch\u00e1pal jako znamen\u00ed, \u201e\u017ee Spojen\u00e9 st\u00e1ty jsou odd\u00e1ny Polsku a alianci NATO a \u017ee v tom budeme i nad\u00e1le pokra\u010dovat. rusk\u00e9 agrese dr\u017e\u00edme p\u0159i sob\u011b\u201c.<\/p>\n<p>\u00dadaje NATO ukazuj\u00ed, \u017ee Brit\u00e1nie bude v roce 2023 utr\u00e1cet asi 2,3 procenta na\u00a0<strong>obranu<\/strong>\u00a0\u2013 toto \u010d\u00edslo Keir Starmer sl\u00edbil zv\u00fd\u0161it na 2,5 procenta za vl\u00e1dy labourist\u016f, aby splnil sliby konzervativc\u016f.<\/p>\n<p>Brit\u00e1nie v\u0161ak v sou\u010dasn\u00e9 dob\u011b udr\u017euje nejmen\u0161\u00ed arm\u00e1du od napoleonsk\u00e9 \u00e9ry \u2013 se silou vojska kolem 75 000 mu\u017e\u016f.<\/p>\n<p>Minul\u00fd t\u00fdden rusk\u00fd vojensk\u00fd expert \u0159ekl, \u017ee pokud by vypukla tot\u00e1ln\u00ed v\u00e1lka, Rusko by bylo schopno odstranit britsk\u00fd jadern\u00fd odstra\u0161uj\u00edc\u00ed prost\u0159edek \u201edo jednoho dne\u201c.<\/p>\n<p>Dr. Jurij Baran\u010dik, z\u00e1stupce \u0159editele Institutu RUSSTRAT, \u0159ekl, \u017ee Francie bude pravd\u011bpodobn\u011b p\u0159edstavovat v\u011bt\u0161\u00ed v\u00fdzvu, ale nebude tak\u00e9 schopna odolat rusk\u00e9mu \u00fatoku.<\/p>\n<p>Rusko zes\u00edlilo svou r\u00e9toriku o mo\u017enosti v\u00e1lky, kdy\u017e NATO prosazuje zv\u00fd\u0161en\u00ed v\u00fddaj\u016f na obranu a ru\u0161\u00ed omezen\u00ed v\u016f\u010di Ukrajin\u011b, aby mohla st\u0159\u00edlet na rusk\u00e9 c\u00edle v Rusku zbran\u011bmi dodan\u00fdmi spojenci.<\/p>\n<p>Na ot\u00e1zku o mo\u017enosti p\u0159\u00edm\u00e9 konfrontace po sv\u00e9m p\u00e1t\u00e9m volebn\u00edm obdob\u00ed v b\u0159eznu Putin \u0159ekl: \u201eMysl\u00edm, \u017ee v modern\u00edm sv\u011bt\u011b je mo\u017en\u00e9 v\u0161echno&#8230; Ka\u017ed\u00fd v\u00ed, \u017ee to bude krok od tot\u00e1ln\u00ed t\u0159et\u00ed sv\u011btov\u00e9 v\u00e1lky.<\/p>\n<p>Je\u0161t\u011b minul\u00fd t\u00fdden Putin varoval, \u017ee z\u00e1padn\u00ed zem\u011b budou \u010delit \u201ev\u00e1\u017en\u00fdm n\u00e1sledk\u016fm\u201c, pokud dovol\u00ed, aby jejich zbran\u011b byly odp\u00e1leny z Ukrajiny do Ruska.<\/p>\n<p>&#8222;V Evrop\u011b, zvl\u00e1\u0161t\u011b v mal\u00fdch zem\u00edch, byste si m\u011bli b\u00fdt v\u011bdomi toho, s \u010d\u00edm si zahr\u00e1v\u00e1te,&#8220; \u0159ekl rusk\u00fd prezident b\u011bhem n\u00e1v\u0161t\u011bvy Uzbekist\u00e1nu.<\/p>\n<p>M\u011bli by si pamatovat, \u017ee jako zem\u011b s mal\u00fdmi, hust\u011b os\u00eddlen\u00fdmi \u00fazem\u00edmi&#8230; M\u011bli by to zv\u00e1\u017eit, ne\u017e budou mluvit o \u00faderu na Rusko.<\/p>\n<p>V prosinci v\u0161ak Putin prohl\u00e1sil, \u017ee Moskva \u201enem\u00e1 z\u00e1jem\u201c napadnout NATO a odm\u00edtl jako \u201enesmysl\u201c n\u00e1vrh americk\u00e9ho prezidenta Joe Bidena, \u017ee Rusko se nezastav\u00ed na Ukrajin\u011b.<\/p>\n<p>\u201eRusko nem\u00e1 \u017e\u00e1dn\u00fd d\u016fvod, \u017e\u00e1dn\u00fd z\u00e1jem \u2013 \u017e\u00e1dn\u00fd geopolitick\u00fd z\u00e1jem, \u017e\u00e1dn\u00fd ekonomick\u00fd, politick\u00fd nebo vojensk\u00fd z\u00e1jem \u2013 bojovat se zem\u011bmi NATO,\u201c \u0159ekl tehdy Putin.<\/p>\n<p>Nejvy\u0161\u0161\u00ed norsk\u00fd gener\u00e1l Eirik Kristoffersen nazna\u010dil, \u017ee Rusko je\u0161t\u011b nen\u00ed schopno za\u00fato\u010dit na Evropu, ale pravd\u011bpodobn\u011b by mohlo b\u011bhem n\u011bkolika let roz\u0161\u00ed\u0159it sv\u00e9 schopnosti.<\/p>\n<p>\u201eKdysi se \u0159\u00edkalo, \u017ee to bude trvat 10 let, ale mysl\u00edm, \u017ee budeme pot\u0159ebovat m\u00e9n\u011b ne\u017e 10 let kv\u016fli pr\u016fmyslov\u00e9 z\u00e1kladn\u011b, kterou Rusko nyn\u00ed m\u00e1,\u201c \u0159ekl gener\u00e1l Kristoffersen v pond\u011bln\u00edm rozhovoru v Oslu.<\/p>\n<p>&#8222;To si vy\u017e\u00e1d\u00e1 \u010das, co\u017e n\u00e1m nyn\u00ed poskytuje dvou a\u017e t\u0159\u00edlet\u00e9 okno na obnovu na\u0161ich sil a na\u0161ich z\u00e1sob a z\u00e1rove\u0148 podporu Ukrajiny,&#8220; dodal s odkazem na Putinovu ve\u0159ejnou neochotu j\u00edt do v\u00e1lky s americkou NATO.<\/p>\n<p>Putin \u0159ekl, \u017ee je otev\u0159en\u00fd m\u00edrov\u00fdm rozhovor\u016fm, a rusk\u00e9 zdroje minul\u00fd m\u011bs\u00edc agentu\u0159e Reuters \u0159ekly, \u017ee Kreml je p\u0159ipraven ukon\u010dit v\u00e1lku a uznat sou\u010dasn\u00e9 bojov\u00e9 linie.<\/p>\n<p>Zelenskyj dlouho tvrdil, \u017ee nebude jednat p\u0159\u00edmo s Ruskem, ale tak\u00e9 vyzval z\u00e1padn\u00ed v\u016fdce, aby tla\u010dili Rusko k m\u00edru \u201ev\u0161emi prost\u0159edky\u201c, proto\u017ee se ob\u00e1v\u00e1, \u017ee Kyjev na to nem\u00e1 pot\u0159ebn\u00e9 zdroje, aby invazi d\u00e1le odrazil.<\/p>\n<p>Tvrdil, \u017ee Rusko ka\u017ed\u00fd m\u011bs\u00edc shazuje 3200 \u0159\u00edzen\u00fdch bomb na Ukrajinu a \u017ee v\u00e1lka nyn\u00ed prob\u00edh\u00e1 t\u0159et\u00edm rokem, a zeptal se novin\u00e1\u0159\u016f: &#8222;Jak s t\u00edm bojovat?&#8220;<\/p>\n<p><strong>Ka\u017edop\u00e1dn\u011b vyz\u00fdv\u00e1me \u010desk\u00e9 org\u00e1ny k zah\u00e1jen\u00ed trestn\u00edho st\u00edh\u00e1n\u00ed proti Fialovi a jeho part\u011b\u00a0 za podn\u011bcov\u00e1n\u00ed k v\u00e1le\u010dn\u00fdm zlo\u010din\u016fm.<\/strong><\/p>\n<\/div>\n<\/div>\n<div class=\"elementor-element elementor-element-8c57238 quelle dc-has-condition dc-condition-empty elementor-widget elementor-widget-heading\" data-id=\"8c57238\" data-element_type=\"widget\" data-widget_type=\"heading.default\">\n<div class=\"elementor-widget-container\">\n<h3 class=\"elementor-heading-title elementor-size-default\"><span style=\"font-size: 10pt;\"><a href=\"https:\/\/www.dailymail.co.uk\/news\/article-13492243\/NATO-plan-troops-line-fight-RUSSIA-Alliance-prepares-rapid-deployment-American-soldiers-amid-fears-Moscow-plotting-major-war-Europe.html\" target=\"_blank\" rel=\"nofollow noopener\">ZDROJ<\/a><\/span><\/h3>\n<\/div>\n<\/div>\n","protected":false},"excerpt":{"rendered":"<p>Odhaleno &#8211; Pl\u00e1n NATO vyslat americk\u00e9 voj\u00e1ky do p\u0159edn\u00edch lini\u00ed v boji proti RUSKU: Aliance&#8230;<\/p>\n","protected":false},"author":2,"featured_media":634,"comment_status":"closed","ping_status":"closed","sticky":false,"template":"","format":"standard","meta":[],"categories":[7],"tags":[1400,22,7404,3540],"_links":{"self":[{"href":"https:\/\/www.infokuryr.cz\/n\/wp-json\/wp\/v2\/posts\/55205"}],"collection":[{"href":"https:\/\/www.infokuryr.cz\/n\/wp-json\/wp\/v2\/posts"}],"about":[{"href":"https:\/\/www.infokuryr.cz\/n\/wp-json\/wp\/v2\/types\/post"}],"author":[{"embeddable":true,"href":"https:\/\/www.infokuryr.cz\/n\/wp-json\/wp\/v2\/users\/2"}],"replies":[{"embeddable":true,"href":"https:\/\/www.infokuryr.cz\/n\/wp-json\/wp\/v2\/comments?post=55205"}],"version-history":[{"count":1,"href":"https:\/\/www.infokuryr.cz\/n\/wp-json\/wp\/v2\/posts\/55205\/revisions"}],"predecessor-version":[{"id":55208,"href":"https:\/\/www.infokuryr.cz\/n\/wp-json\/wp\/v2\/posts\/55205\/revisions\/55208"}],"wp:featuredmedia":[{"embeddable":true,"href":"https:\/\/www.infokuryr.cz\/n\/wp-json\/wp\/v2\/media\/634"}],"wp:attachment":[{"href":"https:\/\/www.infokuryr.cz\/n\/wp-json\/wp\/v2\/media?parent=55205"}],"wp:term":[{"taxonomy":"category","embeddable":true,"href":"https:\/\/www.infokuryr.cz\/n\/wp-json\/wp\/v2\/categories?post=55205"},{"taxonomy":"post_tag","embeddable":true,"href":"https:\/\/www.infokuryr.cz\/n\/wp-json\/wp\/v2\/tags?post=55205"}],"curies":[{"name":"wp","href":"https:\/\/api.w.org\/{rel}","templated":true}]}}