{"id":55202,"date":"2024-06-05T00:36:38","date_gmt":"2024-06-04T22:36:38","guid":{"rendered":"https:\/\/www.infokuryr.cz\/n\/?p=55202"},"modified":"2024-06-04T19:24:10","modified_gmt":"2024-06-04T17:24:10","slug":"oskliva-historie-ameriky-s-mezinarodnim-trestnim-soudem","status":"publish","type":"post","link":"https:\/\/www.infokuryr.cz\/n\/2024\/06\/05\/oskliva-historie-ameriky-s-mezinarodnim-trestnim-soudem\/","title":{"rendered":"O\u0161kliv\u00e1 historie Ameriky s Mezin\u00e1rodn\u00edm trestn\u00edm soudem"},"content":{"rendered":"<div id=\"fb-root\"><\/div>\n<div class=\"elementor-element elementor-element-1fb4c2c elementor-widget elementor-widget-theme-post-content\" data-id=\"1fb4c2c\" data-element_type=\"widget\" data-widget_type=\"theme-post-content.default\">\n<div class=\"elementor-widget-container\">\n<p><span>20. kv\u011btna hlavn\u00ed \u017ealobce Mezin\u00e1rodn\u00edho trestn\u00edho soudu ozn\u00e1mil, \u017ee bude po\u017eadovat zatyka\u010de na izraelsk\u00e9ho premi\u00e9ra Benjamina Netanjahua a ministra obrany Yoava Gallanta, jako\u017e i na v\u016fdce Hamasu Yahyu Sinwar, Ismail Haniyeh a Mohammed Diab Ibrahim Al-Masri.<\/span><\/p>\n<p><span>Politici ve Washingtonu kritizovali soud a za\u010dali se p\u0159ipravovat na n\u00e1tlak na ICC, aby nepokra\u010doval v zat\u00fdk\u00e1n\u00ed. Netanjahu a Gallant by podle Spojen\u00fdch st\u00e1t\u016f m\u011bli b\u00fdt ponech\u00e1ni na pokoji nebo by m\u011bli b\u00fdt ponech\u00e1ni izraelsk\u00fdm soud\u016fm.<\/span><\/p>\n<p><span>Ministerstvo zahrani\u010d\u00ed se domn\u00edv\u00e1, \u017ee by se m\u011bli zodpov\u00eddat p\u0159edstavitel\u00e9 Ham\u00e1su, nikoli v\u0161ak ICC. \u201eIzraelsk\u00e1 vl\u00e1da by je m\u011bla pohnat k odpov\u011bdnosti na bitevn\u00edm poli. A kdy\u017e ne na bitevn\u00edm poli, tak u soudu,\u201c \u0159ekl mluv\u010d\u00ed ministerstva zahrani\u010d\u00ed Matthew Miller. &#8222;Naprosto v\u011b\u0159\u00edme, \u017ee Hamas by m\u011bl n\u00e9st odpov\u011bdnost. K tomu by mohlo doj\u00edt bu\u010f jako sou\u010d\u00e1st v\u00e1le\u010dn\u00e9ho \u00fasil\u00ed Izraele. Mohla by b\u00fdt zabita. M\u016f\u017ee b\u00fdt pohn\u00e1na k odpov\u011bdnosti u izraelsk\u00e9ho soudu.&#8220;<\/span><\/p>\n<p><span>Kongres se chce ujmout veden\u00ed v potrest\u00e1n\u00ed ICC. P\u0159edseda Sn\u011bmovny reprezentant\u016f Mike Johnson \u0159ekl: &#8222;Kongres zkoum\u00e1 v\u0161echny mo\u017enosti, v\u010detn\u011b sankc\u00ed, jak potrestat ICC a zajistit, aby jeho veden\u00ed \u010delilo n\u00e1sledk\u016fm, pokud budou pokra\u010dovat.&#8220;<\/span><\/p>\n<p><span>P\u0159ed sen\u00e1tn\u00edm v\u00fdborem pro zahrani\u010dn\u00ed vztahy byl ministr zahrani\u010d\u00ed Antony Blinken dot\u00e1z\u00e1n, zda by B\u00edl\u00fd d\u016fm spolupracoval na legislativ\u011b, kter\u00e1 by \u201ezahrnovala ot\u00e1zku, zda ICC strk\u00e1 nos do z\u00e1le\u017eitost\u00ed zem\u00ed, kter\u00e9 maj\u00ed nez\u00e1visl\u00fd, legitimn\u00ed, demokratick\u00fd pr\u00e1vn\u00ed syst\u00e9m. Blinken odpov\u011bd\u011bl, \u017ee je \u201eodhodl\u00e1n to ud\u011blat\u201c. Dodal: &#8222;Chceme s v\u00e1mi spolupracovat na bipartistick\u00e9m z\u00e1klad\u011b, abychom na\u0161li vhodnou reakci&#8220; a \u017ee &#8222;nen\u00ed pochyb o tom, \u017ee mus\u00edme hledat vhodn\u00e9 kroky, abychom se vypo\u0159\u00e1dali s hluboce nespr\u00e1vn\u00fdm rozhodnut\u00edm.&#8220;<\/span><\/p>\n<p><span>Blinken tak\u00e9 \u0159ekl sen\u00e1tn\u00edmu rozpo\u010dtov\u00e9mu podv\u00fdboru, \u017ee by \u201euv\u00edtal\u201c pr\u00e1ci na \u201eoboustrann\u00fdch\u201c sankc\u00edch proti ICC. B\u00edl\u00fd d\u016fm v\u0161ak m\u016f\u017ee zv\u00e1\u017eit dal\u0161\u00ed opat\u0159en\u00ed proti ICC, kter\u00e1 nezahrnuj\u00ed sankce.<\/span><\/p>\n<p><span>28. kv\u011btna mluv\u010d\u00ed B\u00edl\u00e9ho domu John Kirby \u0159ekl, \u017ee sankce \u201enejsou spr\u00e1vnou odpov\u011bd\u00ed\u201c na zatyka\u010de ICC. Nen\u00ed to tak, \u017ee by B\u00edl\u00fd d\u016fm netrestal ICC, ale \u017ee \u201esankce proti ICC nejsou \u00fa\u010dinn\u00fdm nebo vhodn\u00fdm prost\u0159edkem k \u0159e\u0161en\u00ed obav USA,\u201c \u0159ekla tiskov\u00e1 mluv\u010d\u00ed B\u00edl\u00e9ho domu Karine Jean-Pierreov\u00e1 dodala, \u017ee B\u00edl\u00fd d\u016fm \u201ebude fungovat. s Kongresem o dal\u0161\u00edch mo\u017enostech, jak \u0159e\u0161it zneu\u017e\u00edv\u00e1n\u00ed ICC.\u201c<\/span><\/p>\n<p><span>P\u0159esto je B\u00edl\u00fd d\u016fm odhodl\u00e1n zma\u0159it \u00favahy ICC o vyd\u00e1n\u00ed zatyka\u010de na Netanjahua. &#8222;Dovolte mi to vysv\u011btlit,&#8220; \u0159ekl Biden, &#8222;odm\u00edt\u00e1me \u017e\u00e1dost ICC o zatyka\u010de na izraelsk\u00e9 v\u016fdce.&#8220;<\/span><\/p>\n<p><span>Washington zalo\u017eil sv\u016fj argument na skute\u010dnosti, \u017ee pr\u00e1vn\u00ed syst\u00e9m demokratick\u00e9ho n\u00e1roda by m\u011bl b\u00fdt prioritou. Marjorie Cohnov\u00e1, emeritn\u00ed profesorka pr\u00e1va na pr\u00e1vnick\u00e9 fakult\u011b Thomase Jeffersona a d\u011bkanka Lidov\u00e9 akademie mezin\u00e1rodn\u00edho pr\u00e1va, mi \u0159ekla, \u017ee \u201eICC funguje na principu &#8218;komplementarity&#8216;. To znamen\u00e1, \u017ee Soud p\u0159evezme jurisdikci nad p\u0159\u00edpadem pouze v p\u0159\u00edpad\u011b, \u017ee domovsk\u00e1 zem\u011b \u017ealovan\u00e9ho nen\u00ed schopna nebo ochotna jej \u010dinit pr\u00e1vn\u011b odpov\u011bdn\u00fdm.\u201c<\/span><\/p>\n<p><span>B\u00edl\u00fd d\u016fm tak\u00e9 tvrdil, \u017ee Izrael nen\u00ed \u010dlenem ICC, a proto soud nem\u00e1 jurisdikci nad Tel Avivem. Bidenova administrativa nav\u00edc uvedla, \u017ee jeliko\u017e Spojen\u00e9 st\u00e1ty nejsou jej\u00edm \u010dlenem, nemus\u00ed podporovat ani se \u0159\u00eddit soudem.<\/span><\/p>\n<p><span>USA v\u0161ak pln\u011b podpo\u0159ily ned\u00e1vn\u00fd zatyka\u010d ICC na rusk\u00e9ho prezidenta Vladimira Putina kv\u016fli jeho akc\u00edm na Ukrajin\u011b. Rusko a Ukrajina tak\u00e9 nejsou \u010dleny ICC.<\/span><\/p>\n<p><span>Biden podpo\u0159il zatyka\u010d na Putina. &#8222;Mysl\u00edm, \u017ee je to opr\u00e1vn\u011bn\u00e9,&#8220; \u0159ekl. \u201eOt\u00e1zkou ale je, zda uzn\u00e1me ICC i mezin\u00e1rodn\u011b. Ale mysl\u00edm, \u017ee je to velmi siln\u00fd argument.\u201c Blinken vyzval v\u0161echny \u010dlensk\u00e9 st\u00e1ty ICC, aby splnily zatyka\u010d na Putina. Na ot\u00e1zku, zda by evrop\u0161t\u00ed spojenci m\u011bli \u201evydat\u201c Putina, Blinken odpov\u011bd\u011bl: \u201eMysl\u00edm, \u017ee ka\u017ed\u00fd, kdo je u soudu a m\u00e1 povinnosti, by m\u011bl sv\u00e9 z\u00e1vazky dost\u00e1t.\u201c<\/span><\/p>\n<p><span>Report\u00e9r se zeptal, zda politika administrativy v\u016f\u010di Izraeli ovlivn\u00ed spolupr\u00e1ci ministerstva obrany s Mezin\u00e1rodn\u00edm trestn\u00edm soudem p\u0159i poskytov\u00e1n\u00ed d\u016fkaz\u016f o Ukrajin\u011b. Ministr obrany Lloyd Austin odpov\u011bd\u011bl: \u201ePokud jde o to, zda budeme pokra\u010dovat v pomoci ICC se zlo\u010diny na Ukrajin\u011b, ano, v t\u00e9to pr\u00e1ci pokra\u010dujeme.<\/span><\/p>\n<p><span>Rozd\u00edln\u00fd standard pro p\u0159\u00e1tele a nep\u0159\u00e1tele m\u00e1 d\u016fsledky i mimo ICC. Mezi glob\u00e1ln\u00ed v\u011bt\u0161inou a vznikaj\u00edc\u00edm multipol\u00e1rn\u00edm sv\u011btem to p\u0159i\u017eivuje dojem, \u017ee Spojen\u00e9 st\u00e1ty opustily univerz\u00e1ln\u00ed aplikaci mezin\u00e1rodn\u00edho pr\u00e1va ve prosp\u011bch vlastn\u00ed zainteresovan\u00e9 aplikace \u0159\u00e1du zalo\u017een\u00e9ho na pravidlech. To d\u00e1le po\u0161kod\u00ed reputaci Spojen\u00fdch st\u00e1t\u016f ve sv\u011bt\u011b a jejich snahu o hegemonii.<\/span><\/p>\n<p><span>ICC byl odpov\u011bdn\u00fd za vyd\u00e1n\u00ed zatyka\u010de na Putina, proto\u017ee Ukrajina v roce 2014 p\u0159ijala ad hoc jurisdikci soudu, co\u017e znamen\u00e1, \u017ee ICC m\u016f\u017ee st\u00edhat zlo\u010diny proti lidskosti nebo genocidu, nikoli v\u0161ak zlo\u010diny agrese sp\u00e1chan\u00e9 na ukrajinsk\u00e9m \u00fazem\u00ed.<\/span><\/p>\n<p><span>Palestina je v\u0161ak pozorovatelsk\u00fdm st\u00e1tem ve Valn\u00e9m shrom\u00e1\u017ed\u011bn\u00ed OSN a tak\u00e9 ud\u011blila jurisdikci ICC nad sv\u00fdm \u00fazem\u00edm, v\u010detn\u011b p\u00e1sma Gazy. 5. \u00fanora 2021 ICC rozhodl, \u017ee m\u00e1 jurisdikci i nad Palestinou. Krom\u011b toho je Palestina na rozd\u00edl od Ukrajiny signat\u00e1\u0159em \u0158\u00edmsk\u00e9ho statutu ICC.<\/span><\/p>\n<p><span>Spojen\u00e9 st\u00e1ty neuzn\u00e1vaj\u00ed ICC. V roce 1998 se konference k n\u00e1vrhu \u0158\u00edmsk\u00e9ho statutu z\u00fa\u010dastnilo 160 zem\u00ed. Mnoho z t\u011bchto zem\u00ed obhajovalo univerz\u00e1ln\u00ed jurisdikci, kter\u00e1 by dala nov\u00e9mu soudu jurisdikci nad zlo\u010diny kdekoli na sv\u011bt\u011b. USA tuto univerz\u00e1ln\u00ed jurisdikci zablokovaly a trvaly na tom, \u017ee ICC by m\u011bl m\u00edt jurisdikci pouze nad zlo\u010diny sp\u00e1chan\u00fdmi v zem\u00edch, kter\u00e9 dobrovoln\u011b podepsaly \u0158\u00edmsk\u00fd statut. To byla mezera, kterou cht\u011bly USA v budoucnu vyu\u017e\u00edt.<\/span><\/p>\n<p><span>V roce 2000 podepsal prezident Bill Clinton \u0158\u00edmsk\u00fd statut, ale neposlal jej Sen\u00e1tu k ratifikaci. O dva roky pozd\u011bji prezident George W. Bush podpis st\u00e1hl. To zajistilo, \u017ee ICC nemohl obvinit Ameri\u010dany z v\u00e1le\u010dn\u00fdch zlo\u010din\u016f.<\/span><\/p>\n<p><span>To bylo v\u017edy d\u016fle\u017eit\u00fdm probl\u00e9mem pro Spojen\u00e9 st\u00e1ty. Sou\u010dasn\u00ed i b\u00fdval\u00ed \u00fa\u0159edn\u00edci \u0159ekli The New York Times v roce 2023: \u201eAmeri\u010dt\u00ed vojen\u0161t\u00ed p\u0159edstavitel\u00e9 odm\u00edtaj\u00ed pomoci soudu p\u0159i vy\u0161et\u0159ov\u00e1n\u00ed Rus\u016f, proto\u017ee se ob\u00e1vaj\u00ed vytvo\u0159en\u00ed precedentu, kter\u00fd by mohl p\u0159ipravit cestu pro soud k st\u00edh\u00e1n\u00ed Ameri\u010dan\u016f Po rozhodnut\u00ed po\u017e\u00e1dat o zatyka\u010d na Netanjahu, Mike Johnson \u0159ekl: &#8222;Pokud bude ICC dovoleno vyhro\u017eovat izraelsk\u00fdm v\u016fdc\u016fm, na\u0161i by mohli b\u00fdt dal\u0161\u00ed.&#8220;<\/span><\/p>\n<p><span>Aby se tak nestalo, Bushova administrativa v roce 2002 uz\u00e1konila americk\u00fd z\u00e1kon na ochranu \u010dlen\u016f slu\u017eeb nebo \u201ez\u00e1kon o Haagsk\u00e9 invazi\u201c, jak se tomu \u0159\u00edkalo. Z\u00e1kon oprav\u0148uje Spojen\u00e9 st\u00e1ty k \u201epou\u017eit\u00ed v\u0161ech prost\u0159edk\u016f nezbytn\u00fdch k dosa\u017een\u00ed propu\u0161t\u011bn\u00ed americk\u00fdch osob a sp\u0159\u00edzn\u011bn\u00fdch osob dr\u017een\u00fdch v zajet\u00ed Soudem, jeho jm\u00e9nem nebo na \u017e\u00e1dost Soudu, co\u017e je dvojn\u00e1sob jisto, \u017ee z\u00e1kon zak\u00e1zal \u201etoto ustanoven\u00ed\u201c. americk\u00e9 vojensk\u00e9 pomoci &#8230; vl\u00e1d\u011b zem\u011b, kter\u00e1 je stranou soudu.\u201c Tento z\u00e1kaz byl roz\u0161\u00ed\u0159en na n\u011bkolik dal\u0161\u00edch typ\u016f ekonomick\u00e9 pomoci v roce 2004 prost\u0159ednictv\u00edm Nethercuttova dodatku. Zem\u011b NATO a d\u016fle\u017eit\u00ed spojenci mimo NATO byli osvobozeni. Pro v\u0161echny ostatn\u00ed zem\u011b \u2013 pokud je prezident nepova\u017eoval za d\u016fle\u017eit\u00e9 pro n\u00e1rodn\u00ed bezpe\u010dnost Spojen\u00fdch st\u00e1t\u016f \u2013 existovala pouze jedna cesta k osvobozen\u00ed. To spo\u010d\u00edvalo v uzav\u0159en\u00ed dohody se Spojen\u00fdmi st\u00e1ty podle \u010dl\u00e1nku 98 \u0158\u00edmsk\u00e9ho statutu, ve kter\u00e9 se zavazuj\u00ed nevyd\u00e1vat Ameri\u010dany Mezin\u00e1rodn\u00edmu trestn\u00edmu soudu s c\u00edlem \u201ezabr\u00e1nit Mezin\u00e1rodn\u00edmu trestn\u00edmu soudu podniknout kroky proti st\u00e1tn\u00edm p\u0159\u00edslu\u0161n\u00edk\u016fm Spojen\u00fdch st\u00e1t\u016f, kte\u0159\u00ed jsou v &#8230; &#8222;P\u0159esta\u0148te takov\u00e9 zemi podnikat kroky.&#8220;<\/span><\/p>\n<p><span>WikiLeaks odhalily stovky depe\u0161\u00ed ukazuj\u00edc\u00edch, jak USA vyu\u017eily hrozbu sankc\u00ed k tomu, aby p\u0159inutily zem\u011b k dohod\u011b podle \u010dl\u00e1nku 98. D\u016fv\u011brn\u00fd americk\u00fd telegram z Hondurasu z prosince 2002 uvedl: &#8222;Spojen\u00e9 st\u00e1ty poskytnou pomoc zem\u00edm, kter\u00e9 podep\u00ed\u0161\u00ed dohody podle \u010dl\u00e1nku 98, a omez\u00ed pomoc zem\u00edm, kter\u00e9 tak neu\u010din\u00ed.&#8220;<\/span><\/p>\n<p><span>Spojen\u00e9 st\u00e1ty usilovaly o dohody se 77 zem\u011bmi, kter\u00e9 se p\u0159ipojily k Mezin\u00e1rodn\u00edmu trestn\u00edmu soudu, \u201eaby znemo\u017enily vyd\u00e1v\u00e1n\u00ed Ameri\u010dan\u016f do Haagu\u201c. Rumunsk\u00fd ministr zahrani\u010d\u00ed \u0159ekl, \u017ee si \u201enepamatuje nic, na co kladli takov\u00fd d\u016fraz nebo z\u00e1jem\u201c.<\/span><\/p>\n<p><span>Evropsk\u00e1 unie \u0159ekla sv\u00fdm \u010dlensk\u00fdm st\u00e1t\u016fm, \u017ee uzav\u0159en\u00ed dohody podle \u010dl\u00e1nku 98 s USA by bylo \u201eneslu\u010diteln\u00e9\u201c s jej\u00edmi z\u00e1vazky v\u016f\u010di Mezin\u00e1rodn\u00edmu trestn\u00edmu soudu. Human Rights Watch uvedla, \u017ee c\u00edlem USA bylo \u201evyjmout americk\u00e9 vojensk\u00e9 a civiln\u00ed zam\u011bstnance z jurisdikce ICC\u201c a \u017ee podeps\u00e1n\u00ed \u201edohod o beztrestnosti&#8230; by poru\u0161ilo jejich pr\u00e1vn\u00ed z\u00e1vazky vypl\u00fdvaj\u00edc\u00ed z \u0158\u00edmsk\u00e9ho statutu\u201c. Nakonec alespo\u0148 sto zem\u00ed podepsalo dohody podle \u010dl\u00e1nku 98 se Spojen\u00fdmi st\u00e1ty.<\/span><\/p>\n<p><span>Dlouh\u00fd seznam sankcionovan\u00fdch zem\u00ed se nakonec stal pro Spojen\u00e9 st\u00e1ty bumerangem, co\u017e vedlo tyto zem\u011b k tomu, aby hledaly pomoc od Ruska a \u010c\u00edny, a brzdily americk\u00e9 v\u00e1lky proti terorismu a drog\u00e1m. Postupn\u011b byly vypu\u0161t\u011bny.<\/span><\/p>\n<p><span>Kdy\u017e se Mezin\u00e1rodn\u00ed trestn\u00ed soud v roce 2020 sna\u017eil vy\u0161et\u0159it americk\u00e9 pou\u017e\u00edv\u00e1n\u00ed mu\u010den\u00ed proti v\u011bz\u0148\u016fm z terorismu, USA uvalily na soudn\u00ed \u00fa\u0159edn\u00edky sankce. Bidenova administrativa zru\u0161ila sankce v roce 2021. Kdy\u017e ICC obnovil vy\u0161et\u0159ov\u00e1n\u00ed v Afgh\u00e1nist\u00e1nu, rozhodl se zam\u011b\u0159it na Taliban a Isl\u00e1msk\u00fd st\u00e1t v provincii Chor\u00e1s\u00e1n a \u201enechat \u00fadajn\u00e9 zlo\u010diny USA ustoupit do pozad\u00ed\u201c.<\/span><\/p>\n<p><span>A\u0165 u\u017e je z\u00e1m\u011br USA jak\u00fdkoli \u2013 a\u0165 u\u017e jde o ochranu sv\u00fdch p\u0159\u00e1tel nebo sebe sama \u2013 pokrytecky selektivn\u00ed uplat\u0148ov\u00e1n\u00ed jejich politik podkop\u00e1v\u00e1 univerz\u00e1lnost mezin\u00e1rodn\u00edho pr\u00e1va. Posiluje tak\u00e9 vn\u00edm\u00e1n\u00ed glob\u00e1ln\u00ed v\u011bt\u0161iny a vznikaj\u00edc\u00edho multipol\u00e1rn\u00edho sv\u011bta, \u017ee Spojen\u00e9 st\u00e1ty ji\u017e nejsou zast\u00e1ncem mezin\u00e1rodn\u00edho pr\u00e1va, ale \u0159\u00e1du zalo\u017een\u00e9ho na pravidlech, kter\u00fd mohou uplatnit, kdy\u017e se to hod\u00ed jim nebo jejich p\u0159\u00e1tel\u016fm a \u017ee oni ne. pou\u017eijte, pokud v\u00e1m nevyhovuje.<\/span><\/p>\n<p><em>ed Snider<\/em><\/p>\n<\/div>\n<\/div>\n<div class=\"elementor-element elementor-element-8c57238 quelle dc-has-condition dc-condition-empty elementor-widget elementor-widget-heading\" data-id=\"8c57238\" data-element_type=\"widget\" data-widget_type=\"heading.default\">\n<div class=\"elementor-widget-container\">\n<h3 class=\"elementor-heading-title elementor-size-default\"><span style=\"font-size: 10pt;\"><a href=\"https:\/\/libertarianinstitute.org\/articles\/americas-ugly-history-with-the-international-criminal-court\/\" target=\"_blank\" rel=\"nofollow noopener\">ZDROJ<\/a><\/span><\/h3>\n<p>&nbsp;<\/p>\n<\/div>\n<\/div>\n","protected":false},"excerpt":{"rendered":"<p>20. kv\u011btna hlavn\u00ed \u017ealobce Mezin\u00e1rodn\u00edho trestn\u00edho soudu ozn\u00e1mil, \u017ee bude po\u017eadovat zatyka\u010de na izraelsk\u00e9ho premi\u00e9ra&#8230;<\/p>\n","protected":false},"author":2,"featured_media":55203,"comment_status":"closed","ping_status":"closed","sticky":false,"template":"","format":"standard","meta":[],"categories":[7],"tags":[2732,1042,7403,276],"_links":{"self":[{"href":"https:\/\/www.infokuryr.cz\/n\/wp-json\/wp\/v2\/posts\/55202"}],"collection":[{"href":"https:\/\/www.infokuryr.cz\/n\/wp-json\/wp\/v2\/posts"}],"about":[{"href":"https:\/\/www.infokuryr.cz\/n\/wp-json\/wp\/v2\/types\/post"}],"author":[{"embeddable":true,"href":"https:\/\/www.infokuryr.cz\/n\/wp-json\/wp\/v2\/users\/2"}],"replies":[{"embeddable":true,"href":"https:\/\/www.infokuryr.cz\/n\/wp-json\/wp\/v2\/comments?post=55202"}],"version-history":[{"count":1,"href":"https:\/\/www.infokuryr.cz\/n\/wp-json\/wp\/v2\/posts\/55202\/revisions"}],"predecessor-version":[{"id":55204,"href":"https:\/\/www.infokuryr.cz\/n\/wp-json\/wp\/v2\/posts\/55202\/revisions\/55204"}],"wp:featuredmedia":[{"embeddable":true,"href":"https:\/\/www.infokuryr.cz\/n\/wp-json\/wp\/v2\/media\/55203"}],"wp:attachment":[{"href":"https:\/\/www.infokuryr.cz\/n\/wp-json\/wp\/v2\/media?parent=55202"}],"wp:term":[{"taxonomy":"category","embeddable":true,"href":"https:\/\/www.infokuryr.cz\/n\/wp-json\/wp\/v2\/categories?post=55202"},{"taxonomy":"post_tag","embeddable":true,"href":"https:\/\/www.infokuryr.cz\/n\/wp-json\/wp\/v2\/tags?post=55202"}],"curies":[{"name":"wp","href":"https:\/\/api.w.org\/{rel}","templated":true}]}}