{"id":55200,"date":"2024-06-05T00:35:01","date_gmt":"2024-06-04T22:35:01","guid":{"rendered":"https:\/\/www.infokuryr.cz\/n\/?p=55200"},"modified":"2024-06-04T19:37:24","modified_gmt":"2024-06-04T17:37:24","slug":"cina-spolecne-s-ruskem-budeme-branit-spravedlnost-ve-svete","status":"publish","type":"post","link":"https:\/\/www.infokuryr.cz\/n\/2024\/06\/05\/cina-spolecne-s-ruskem-budeme-branit-spravedlnost-ve-svete\/","title":{"rendered":"\u010c\u00edna: Spole\u010dn\u011b s Ruskem budeme br\u00e1nit spravedlnost ve sv\u011bt\u011b!"},"content":{"rendered":"<div id=\"fb-root\"><\/div>\n<h2 class=\"elementor-heading-title elementor-size-default\">Peking bude st\u00e1t s Moskvou ve t\u0159et\u00ed sv\u011btov\u00e9 v\u00e1lce<\/h2>\n<p>Spojen\u00e9 st\u00e1ty americk\u00e9 se tak\u00e9 nevyrovnaj\u00ed spole\u010dn\u00e9 s\u00edle dvou supervelmoc\u00ed.<\/p>\n<p>\u010c\u00ednsk\u00e1 arm\u00e1da je p\u0159ipravena spole\u010dn\u011b s ruskou arm\u00e1dou br\u00e1nit spravedlnost ve sv\u011bt\u011b a d\u00e1t tak Z\u00e1padu najevo, \u017ee \u010c\u00edna by v p\u0159\u00edpad\u011b konfliktu s Ruskem aktivn\u011b st\u00e1la po jej\u00edm boku.<\/p>\n<p>V praxi to znamen\u00e1, \u017ee USA budou \u010delit dv\u011bma dal\u0161\u00edm sv\u011btov\u00fdm supervelmoc\u00edm.<\/p>\n<p>S\u00edla \u010c\u00edny je dostate\u010dn\u00e1 k tomu, aby vyv\u00e1\u017eila ve\u0161kerou konven\u010dn\u00ed s\u00edlu NATO.<\/p>\n<p>Wu Qian, mluv\u010d\u00ed ministerstva obrany \u010c\u00ednsk\u00e9 lidov\u00e9 republiky, to podtrhl jasn\u00fdm vzkazem \u010dlen\u016fm NATO.<\/p>\n<div class=\"twitter-tweet twitter-tweet-rendered\"><iframe id=\"twitter-widget-0\" class=\"\" title=\"X Post\" src=\"https:\/\/platform.twitter.com\/embed\/Tweet.html?dnt=false&amp;embedId=twitter-widget-0&amp;features=eyJ0ZndfdGltZWxpbmVfbGlzdCI6eyJidWNrZXQiOltdLCJ2ZXJzaW9uIjpudWxsfSwidGZ3X2ZvbGxvd2VyX2NvdW50X3N1bnNldCI6eyJidWNrZXQiOnRydWUsInZlcnNpb24iOm51bGx9LCJ0ZndfdHdlZXRfZWRpdF9iYWNrZW5kIjp7ImJ1Y2tldCI6Im9uIiwidmVyc2lvbiI6bnVsbH0sInRmd19yZWZzcmNfc2Vzc2lvbiI6eyJidWNrZXQiOiJvbiIsInZlcnNpb24iOm51bGx9LCJ0ZndfZm9zbnJfc29mdF9pbnRlcnZlbnRpb25zX2VuYWJsZWQiOnsiYnVja2V0Ijoib24iLCJ2ZXJzaW9uIjpudWxsfSwidGZ3X21peGVkX21lZGlhXzE1ODk3Ijp7ImJ1Y2tldCI6InRyZWF0bWVudCIsInZlcnNpb24iOm51bGx9LCJ0ZndfZXhwZXJpbWVudHNfY29va2llX2V4cGlyYXRpb24iOnsiYnVja2V0IjoxMjA5NjAwLCJ2ZXJzaW9uIjpudWxsfSwidGZ3X3Nob3dfYmlyZHdhdGNoX3Bpdm90c19lbmFibGVkIjp7ImJ1Y2tldCI6Im9uIiwidmVyc2lvbiI6bnVsbH0sInRmd19kdXBsaWNhdGVfc2NyaWJlc190b19zZXR0aW5ncyI6eyJidWNrZXQiOiJvbiIsInZlcnNpb24iOm51bGx9LCJ0ZndfdXNlX3Byb2ZpbGVfaW1hZ2Vfc2hhcGVfZW5hYmxlZCI6eyJidWNrZXQiOiJvbiIsInZlcnNpb24iOm51bGx9LCJ0ZndfdmlkZW9faGxzX2R5bmFtaWNfbWFuaWZlc3RzXzE1MDgyIjp7ImJ1Y2tldCI6InRydWVfYml0cmF0ZSIsInZlcnNpb24iOm51bGx9LCJ0ZndfbGVnYWN5X3RpbWVsaW5lX3N1bnNldCI6eyJidWNrZXQiOnRydWUsInZlcnNpb24iOm51bGx9LCJ0ZndfdHdlZXRfZWRpdF9mcm9udGVuZCI6eyJidWNrZXQiOiJvbiIsInZlcnNpb24iOm51bGx9fQ%3D%3D&amp;frame=false&amp;hideCard=false&amp;hideThread=false&amp;id=1796244112313630749&amp;lang=cs&amp;origin=https%3A%2F%2Funcutnews.ch%2Fchina-gemeinsam-mit-russland-werden-wir-die-gerechtigkeit-in-der-welt-verteidigen-peking-wird-in-einem-dritten-weltkrieg-an-der-seite-moskaus-stehen%2F&amp;sessionId=f0c5e1e8f88bad8ccf730fed7cbfd61d819a2f5b&amp;theme=light&amp;widgetsVersion=2615f7e52b7e0%3A1702314776716&amp;width=550px\" frameborder=\"0\" scrolling=\"no\" allowfullscreen=\"allowfullscreen\" data-tweet-id=\"1796244112313630749\" data-mce-fragment=\"1\"><\/iframe><\/div>\n<p>Ne n\u00e1hodou zazn\u00edv\u00e1 toto prohl\u00e1\u0161en\u00ed v dob\u011b, kdy Z\u00e1pad pl\u00e1nuje \u00fatok na \u00fazem\u00ed Rusk\u00e9 federace.<\/p>\n<p>&#8222;\u010c\u00ednsk\u00e1 lidov\u00e1 osvobozeneck\u00e1 arm\u00e1da (PLA) je p\u0159ipravena pos\u00edlit sv\u00e9 strategick\u00e9 vztahy s rusk\u00fdmi ozbrojen\u00fdmi silami a spolupracovat s nimi na obran\u011b mezin\u00e1rodn\u00edho pr\u00e1va,&#8220; \u0159ekl Wu Qian a dodal:<\/p>\n<p>&#8222;\u010c\u00ednsk\u00e9 ozbrojen\u00e9 s\u00edly jsou p\u0159ipraveny spolupracovat s ruskou arm\u00e1dou na pln\u00e9 realizaci d\u016fle\u017eit\u00e9 konvergence, na kter\u00e9 se dohodli v\u016fdci obou zem\u00ed, d\u00e1le zlep\u0161ovat strategickou komunikaci a koordinaci, prohlubovat vz\u00e1jemnou d\u016fv\u011bru ve vojensk\u00e9 oblasti a spole\u010dn\u011b realizovat Glob\u00e1ln\u00ed bezpe\u010dnostn\u00ed iniciativu.&#8220; .<\/p>\n<p>Arm\u00e1da PLA je p\u0159ipravena \u201epodporovat mezin\u00e1rodn\u00ed spravedlnost a nestrannost spolu se sv\u00fdmi rusk\u00fdmi prot\u011bj\u0161ky a vyvinout ve\u0161ker\u00e9 \u00fasil\u00ed k zaji\u0161t\u011bn\u00ed mezin\u00e1rodn\u00ed a region\u00e1ln\u00ed bezpe\u010dnosti\u201c.<\/p>\n<p><img decoding=\"async\" loading=\"lazy\" class=\"alignnone size-full wp-image-1185\" src=\"http:\/\/www.infokuryr.cz\/n\/wp-content\/uploads\/2021\/04\/kuryr-podpis.png\" alt=\"\" width=\"84\" height=\"24\" \/><\/p>\n<p>&nbsp;<\/p>\n<p>&nbsp;<\/p>\n","protected":false},"excerpt":{"rendered":"<p>Peking bude st\u00e1t s Moskvou ve t\u0159et\u00ed sv\u011btov\u00e9 v\u00e1lce Spojen\u00e9 st\u00e1ty americk\u00e9 se tak\u00e9 nevyrovnaj\u00ed&#8230;<\/p>\n","protected":false},"author":2,"featured_media":29252,"comment_status":"closed","ping_status":"closed","sticky":false,"template":"","format":"standard","meta":[],"categories":[7],"tags":[57,22,276],"_links":{"self":[{"href":"https:\/\/www.infokuryr.cz\/n\/wp-json\/wp\/v2\/posts\/55200"}],"collection":[{"href":"https:\/\/www.infokuryr.cz\/n\/wp-json\/wp\/v2\/posts"}],"about":[{"href":"https:\/\/www.infokuryr.cz\/n\/wp-json\/wp\/v2\/types\/post"}],"author":[{"embeddable":true,"href":"https:\/\/www.infokuryr.cz\/n\/wp-json\/wp\/v2\/users\/2"}],"replies":[{"embeddable":true,"href":"https:\/\/www.infokuryr.cz\/n\/wp-json\/wp\/v2\/comments?post=55200"}],"version-history":[{"count":0,"href":"https:\/\/www.infokuryr.cz\/n\/wp-json\/wp\/v2\/posts\/55200\/revisions"}],"wp:featuredmedia":[{"embeddable":true,"href":"https:\/\/www.infokuryr.cz\/n\/wp-json\/wp\/v2\/media\/29252"}],"wp:attachment":[{"href":"https:\/\/www.infokuryr.cz\/n\/wp-json\/wp\/v2\/media?parent=55200"}],"wp:term":[{"taxonomy":"category","embeddable":true,"href":"https:\/\/www.infokuryr.cz\/n\/wp-json\/wp\/v2\/categories?post=55200"},{"taxonomy":"post_tag","embeddable":true,"href":"https:\/\/www.infokuryr.cz\/n\/wp-json\/wp\/v2\/tags?post=55200"}],"curies":[{"name":"wp","href":"https:\/\/api.w.org\/{rel}","templated":true}]}}