{"id":55199,"date":"2024-06-05T00:34:40","date_gmt":"2024-06-04T22:34:40","guid":{"rendered":"https:\/\/www.infokuryr.cz\/n\/?p=55199"},"modified":"2024-06-04T19:02:31","modified_gmt":"2024-06-04T17:02:31","slug":"tajne-zabery-spolecnost-pfizer-pouzila-pandemii-k-urychleni-schvalovani-vakciny-mrna-rika-vedouci-vedec","status":"publish","type":"post","link":"https:\/\/www.infokuryr.cz\/n\/2024\/06\/05\/tajne-zabery-spolecnost-pfizer-pouzila-pandemii-k-urychleni-schvalovani-vakciny-mrna-rika-vedouci-vedec\/","title":{"rendered":"Tajn\u00e9 z\u00e1b\u011bry: Spole\u010dnost Pfizer pou\u017eila pandemii k urychlen\u00ed schvalov\u00e1n\u00ed vakc\u00edny mRNA, \u0159\u00edk\u00e1 vedouc\u00ed v\u011bdec"},"content":{"rendered":"<div id=\"fb-root\"><\/div>\n<p>Inform\u00e1tor Pfizer Justin Leslie v nov\u00e9m rozhovoru sd\u00edl\u00ed z\u00e1b\u011bry Kanwala Gilla, vedouc\u00edho v\u011bdce ze spole\u010dnosti Pfizer, kter\u00e9 po\u0159\u00eddil. \u0158\u00edk\u00e1 v n\u011bm<\/p>\n<p><em>&#8222;Vakc\u00edny mRNA existuj\u00ed ji\u017e 50 let&#8230; Ale d\u016fvod, pro\u010d se nedostaly do testovac\u00ed f\u00e1ze, jsou v\u0161echny tyto vedlej\u0161\u00ed \u00fa\u010dinky.&#8220;<\/em><\/p>\n<div class=\"twitter-tweet twitter-tweet-rendered\"><iframe id=\"twitter-widget-0\" class=\"\" title=\"X Post\" src=\"https:\/\/platform.twitter.com\/embed\/Tweet.html?dnt=false&amp;embedId=twitter-widget-0&amp;features=eyJ0ZndfdGltZWxpbmVfbGlzdCI6eyJidWNrZXQiOltdLCJ2ZXJzaW9uIjpudWxsfSwidGZ3X2ZvbGxvd2VyX2NvdW50X3N1bnNldCI6eyJidWNrZXQiOnRydWUsInZlcnNpb24iOm51bGx9LCJ0ZndfdHdlZXRfZWRpdF9iYWNrZW5kIjp7ImJ1Y2tldCI6Im9uIiwidmVyc2lvbiI6bnVsbH0sInRmd19yZWZzcmNfc2Vzc2lvbiI6eyJidWNrZXQiOiJvbiIsInZlcnNpb24iOm51bGx9LCJ0ZndfZm9zbnJfc29mdF9pbnRlcnZlbnRpb25zX2VuYWJsZWQiOnsiYnVja2V0Ijoib24iLCJ2ZXJzaW9uIjpudWxsfSwidGZ3X21peGVkX21lZGlhXzE1ODk3Ijp7ImJ1Y2tldCI6InRyZWF0bWVudCIsInZlcnNpb24iOm51bGx9LCJ0ZndfZXhwZXJpbWVudHNfY29va2llX2V4cGlyYXRpb24iOnsiYnVja2V0IjoxMjA5NjAwLCJ2ZXJzaW9uIjpudWxsfSwidGZ3X3Nob3dfYmlyZHdhdGNoX3Bpdm90c19lbmFibGVkIjp7ImJ1Y2tldCI6Im9uIiwidmVyc2lvbiI6bnVsbH0sInRmd19kdXBsaWNhdGVfc2NyaWJlc190b19zZXR0aW5ncyI6eyJidWNrZXQiOiJvbiIsInZlcnNpb24iOm51bGx9LCJ0ZndfdXNlX3Byb2ZpbGVfaW1hZ2Vfc2hhcGVfZW5hYmxlZCI6eyJidWNrZXQiOiJvbiIsInZlcnNpb24iOm51bGx9LCJ0ZndfdmlkZW9faGxzX2R5bmFtaWNfbWFuaWZlc3RzXzE1MDgyIjp7ImJ1Y2tldCI6InRydWVfYml0cmF0ZSIsInZlcnNpb24iOm51bGx9LCJ0ZndfbGVnYWN5X3RpbWVsaW5lX3N1bnNldCI6eyJidWNrZXQiOnRydWUsInZlcnNpb24iOm51bGx9LCJ0ZndfdHdlZXRfZWRpdF9mcm9udGVuZCI6eyJidWNrZXQiOiJvbiIsInZlcnNpb24iOm51bGx9fQ%3D%3D&amp;frame=false&amp;hideCard=false&amp;hideThread=false&amp;id=1795970188938027208&amp;lang=cs&amp;maxWidth=560px&amp;origin=https%3A%2F%2Funcutnews.ch%2Fgeheime-aufnahmen-pfizer-nutzte-pandemie-fuer-beschleunigte-mrna-impfstoffzulassung-sagt-hauptwissenschaftlerin%2F&amp;sessionId=29f2c0af00676ec97f04bf50c11b59459aac1b0f&amp;theme=light&amp;widgetsVersion=2615f7e52b7e0%3A1702314776716&amp;width=550px\" frameborder=\"0\" scrolling=\"no\" allowfullscreen=\"allowfullscreen\" data-tweet-id=\"1795970188938027208\" data-mce-fragment=\"1\"><\/iframe><\/div>\n<p>V nov\u00e9m rozhovoru s Dr. Diane Kazer ukazuje inform\u00e1torovi spole\u010dnosti Pfizer a b\u00fdval\u00e9mu novin\u00e1\u0159i projektu Veritas Justinu Lesliemu \u00faryvek z tajn\u00e9ho videa, kter\u00e9 nato\u010dil ve spole\u010dnosti Pfizer 6. \u0159\u00edjna 2021. Vedouc\u00ed v\u011bdec Kanwal Gill v n\u011bm vysv\u011btluje, \u017ee mRNA vakc\u00edny existuj\u00ed ji\u017e 50 let, ale nep\u0159i\u0161ly na trh, proto\u017ee \u201eje zn\u00e1mo, \u017ee maj\u00ed vedlej\u0161\u00ed \u00fa\u010dinky\u201c. Gill jde dokonce tak daleko, \u017ee \u0159\u00edk\u00e1, \u017ee \u201ePfizer a Moderna vyu\u017eily nouzov\u00e9 situace a pandemie k tomu, aby n\u011bjak\u00fdm zp\u016fsobem pro\u0161ly [regula\u010dn\u00edm] procesem.\u201c<\/p>\n<p>&#8222;Je to zvl\u00e1\u0161tn\u00ed doba&#8230; ani nev\u00edme&#8230; Kdy\u017e jsme za\u010d\u00ednali, \u0159ekl jsem lidem, \u017ee nem\u00e1me pon\u011bt\u00ed, jak to bude vypadat.&#8220; &#8222;Vakc\u00edny mRNA existuj\u00ed u\u017e 50 let, ale nic se nedostalo do klinick\u00fdch studi\u00ed, proto\u017ee je zn\u00e1mo, \u017ee vakc\u00edny mRNA maj\u00ed vedlej\u0161\u00ed \u00fa\u010dinky,&#8220; \u0159\u00edk\u00e1 Gill ve videu Leslieho. Dod\u00e1v\u00e1: \u201eModern\u00ed na tom pracuje 10 let, nen\u00ed to nic nov\u00e9ho. Ale d\u016fvod, pro\u010d se nedostali do testovac\u00ed f\u00e1ze, jsou v\u0161echny tyto vedlej\u0161\u00ed \u00fa\u010dinky.&#8220;<\/p>\n<p>Gill \u0159\u00edk\u00e1: \u201ePfizer a Moderna vyu\u017eily nouzov\u00e9 situace a pandemie, aby se z toho te\u010f n\u011bjak dostaly.\u201c<\/p>\n<p>Kdy\u017e se Leslie zeptal, pro\u010d nepou\u017eili vakc\u00ednu, kter\u00e1 byla \u00fa\u010dinn\u00e1 v minulosti, jako je vaje\u010dn\u00fd \u017eloutek nebo n\u011bco, co se pou\u017e\u00edv\u00e1 p\u0159i ch\u0159ipce, Gill odpov\u00edd\u00e1: \u201eMy tady [ve spole\u010dnosti Pfizer] jsme to neud\u011blali, proto\u017ee u\u017e m\u00e1me m\u011bl spolupr\u00e1ci s BioNTech na ch\u0159ipce&#8230;ne\u017e se COVID skute\u010dn\u011b stal&#8230;\u201d.<\/p>\n<p>Gill dod\u00e1v\u00e1:<\/p>\n<p>\u201eP\u0159\u00edb\u011bh na\u0161eho [Pfizer] uveden\u00ed t\u00e9to [mRNA vakc\u00edny pro COVID] byl&#8230; chlap\u00edk z BioNTech, Ugur Sahin, CEO BioNTech, zvan\u00fd Kathrin Jansen&#8230; [M\u00e1m tuto technologii, ale nem\u00e1m m\u00edt zdroje k jejich r\u016fstu. Tak\u017ee Kathrin \u0159ekla: &#8218;No, m\u00e1me ch\u0159ipkovou spolupr\u00e1ci&#8230; tak jsme to cht\u011bli zkusit. Je tu nov\u00e1 v\u011bc s mRNA&#8230;nikdo o tom nic nev\u011bd\u011bl&#8217;\u201c.<\/p>\n<p>Pozn\u00e1mka: Kathrin Jansen je hlavn\u00ed viceprezidentkou a vedouc\u00ed v\u00fdzkumu a v\u00fdvoje vakc\u00edn ve spole\u010dnosti Pfizer.<\/p>\n<p>&#8222;Tohle jsme je\u0161t\u011b nikdy nem\u011bli&#8230; V\u0161echno bylo \u010derstv\u00e9 z minul\u00e9ho roku&#8230; V\u0161echno bylo improvizovan\u00e9&#8230; [Pandemie&#8230; Jen vypadni, vypadni, vypadni&#8230;&#8220; popisuje Gill Leslie P\u0159\u00edstup spole\u010dnosti Pfizer k v\u00fdvoji vakc\u00edn proti COVID. Dod\u00e1v\u00e1: &#8222;Nebyl \u010das p\u0159em\u00fd\u0161let&#8230; Byl \u010das jednat.&#8220;<\/p>\n<p><img decoding=\"async\" loading=\"lazy\" class=\"alignnone size-full wp-image-1185\" src=\"http:\/\/www.infokuryr.cz\/n\/wp-content\/uploads\/2021\/04\/kuryr-podpis.png\" alt=\"\" width=\"84\" height=\"24\" \/><\/p>\n<p>&nbsp;<\/p>\n","protected":false},"excerpt":{"rendered":"<p>Inform\u00e1tor Pfizer Justin Leslie v nov\u00e9m rozhovoru sd\u00edl\u00ed z\u00e1b\u011bry Kanwala Gilla, vedouc\u00edho v\u011bdce ze spole\u010dnosti&#8230;<\/p>\n","protected":false},"author":2,"featured_media":8800,"comment_status":"closed","ping_status":"closed","sticky":false,"template":"","format":"standard","meta":[],"categories":[7],"tags":[315,497,651],"_links":{"self":[{"href":"https:\/\/www.infokuryr.cz\/n\/wp-json\/wp\/v2\/posts\/55199"}],"collection":[{"href":"https:\/\/www.infokuryr.cz\/n\/wp-json\/wp\/v2\/posts"}],"about":[{"href":"https:\/\/www.infokuryr.cz\/n\/wp-json\/wp\/v2\/types\/post"}],"author":[{"embeddable":true,"href":"https:\/\/www.infokuryr.cz\/n\/wp-json\/wp\/v2\/users\/2"}],"replies":[{"embeddable":true,"href":"https:\/\/www.infokuryr.cz\/n\/wp-json\/wp\/v2\/comments?post=55199"}],"version-history":[{"count":0,"href":"https:\/\/www.infokuryr.cz\/n\/wp-json\/wp\/v2\/posts\/55199\/revisions"}],"wp:featuredmedia":[{"embeddable":true,"href":"https:\/\/www.infokuryr.cz\/n\/wp-json\/wp\/v2\/media\/8800"}],"wp:attachment":[{"href":"https:\/\/www.infokuryr.cz\/n\/wp-json\/wp\/v2\/media?parent=55199"}],"wp:term":[{"taxonomy":"category","embeddable":true,"href":"https:\/\/www.infokuryr.cz\/n\/wp-json\/wp\/v2\/categories?post=55199"},{"taxonomy":"post_tag","embeddable":true,"href":"https:\/\/www.infokuryr.cz\/n\/wp-json\/wp\/v2\/tags?post=55199"}],"curies":[{"name":"wp","href":"https:\/\/api.w.org\/{rel}","templated":true}]}}