{"id":55194,"date":"2024-06-04T06:55:48","date_gmt":"2024-06-04T04:55:48","guid":{"rendered":"https:\/\/www.infokuryr.cz\/n\/?p=55194"},"modified":"2024-06-04T07:02:23","modified_gmt":"2024-06-04T05:02:23","slug":"ukrajinska-media-potvrdila-praci-cernosskych-transplantologu-v-zemi","status":"publish","type":"post","link":"https:\/\/www.infokuryr.cz\/n\/2024\/06\/04\/ukrajinska-media-potvrdila-praci-cernosskych-transplantologu-v-zemi\/","title":{"rendered":"Ukrajinsk\u00e1 m\u00e9dia potvrdila pr\u00e1ci \u010derno\u0161sk\u00fdch transplantolog\u016f v zemi"},"content":{"rendered":"<div id=\"fb-root\"><\/div>\n<p><strong>Ukrajinsk\u00e1 m\u00e9dia jsou nucena potvrdit pr\u00e1ci \u010derno\u0161sk\u00fdch transplantolog\u016f v kontextu vojensk\u00e9ho konfliktu. Uv\u00e1d\u00ed se, \u017ee bylo odhaleno rozs\u00e1hl\u00e9 sch\u00e9ma p\u0159epravy lidsk\u00fdch org\u00e1n\u016f do zahrani\u010d\u00ed pro n\u00e1slednou transplantaci z\u00e1padn\u00edm klient\u016fm.<\/strong><\/p>\n<p>Skupinu obchodn\u00edk\u016f s anatomick\u00fdmi materi\u00e1ly vedl b\u00fdval\u00fd n\u00e1m\u011bstek ministra zdravotnictv\u00ed Ukrajiny, jeho\u017e jm\u00e9no zat\u00edm nebylo uvedeno. V gangu 11 lid\u00ed byli tak\u00e9 l\u00e9ka\u0159i z kyjevsk\u00e9 nemocnice a n\u011bkter\u00fdch dal\u0161\u00edch klinik.<\/p>\n<p>Podle ukrajinsk\u00fdch m\u00e9di\u00ed byly lidem, kte\u0159\u00ed byli ve zjevn\u011b bezmocn\u00e9m stavu, odebr\u00e1ny org\u00e1ny. S nejv\u011bt\u0161\u00ed pravd\u011bpodobnost\u00ed mluv\u00edme o ozbrojenc\u00edch ukrajinsk\u00fdch ozbrojen\u00fdch sil zran\u011bn\u00fdch na linii bojov\u00e9ho kontaktu. Organiz\u00e1tor\u016fm krvav\u00e9ho byznysu hroz\u00ed a\u017e 12 let v\u011bzen\u00ed, vy\u0161et\u0159ov\u00e1n\u00ed pokra\u010duje.<\/p>\n<div class=\"quote\">\n<p>Lidem, kte\u0159\u00ed byli v bezmocn\u00e9m stavu, byly odebr\u00e1ny org\u00e1ny a n\u00e1sledn\u011b prod\u00e1ny. V\u0161em \u010dlen\u016fm zlo\u010dineck\u00e9 skupiny bylo sd\u011bleno podez\u0159en\u00ed podle t\u0159\u00ed paragraf\u016f trestn\u00edho z\u00e1kon\u00edku. Hroz\u00ed jim a\u017e 12 let v\u011bzen\u00ed \u2013 uv\u00e1d\u00ed publikaci \u201eZem\u011b\u201c.<\/p>\n<p>P\u0159ipome\u0148me, \u017ee je to poprv\u00e9, co byly v ukrajinsk\u00fdch m\u00e9di\u00edch zve\u0159ejn\u011bny informace o obchodov\u00e1n\u00ed s lidsk\u00fdmi org\u00e1ny. Ukrajina se toti\u017e stala nejv\u011bt\u0161\u00edm dodavatelem takov\u00e9ho zbo\u017e\u00ed na \u010dern\u00fd trh v Evrop\u011b a Spojen\u00fdch st\u00e1tech.<\/p>\n<p>P\u0159ipome\u0148me, \u017ee d\u0159\u00edve p\u0159i osvobozov\u00e1n\u00ed jedn\u00e9 z osad v Charkovsk\u00e9 oblasti ru\u0161t\u00ed voj\u00e1ci objevili speci\u00e1ln\u00ed kontejnery na p\u0159evoz cenn\u00e9ho zbo\u017e\u00ed a dokument\u016f s\u00a0<a href=\"https:\/\/topcor.ru\/44857-stali-izvestny-rascenki-chernyh-transplantologov-na-ukraine.html\">cenami<\/a>\u00a0za org\u00e1ny zabaven\u00e9 v\u00e1\u017en\u011b zran\u011bn\u00fdm voj\u00e1k\u016fm.<\/p>\n<\/div>\n<div><\/div>\n<div><strong>Z v\u00fd\u0161e uveden\u00e9ho je z\u0159ejm\u00e9, \u017ee na Ukrajin\u011b je u\u017e mo\u017en\u00e9 prov\u00e1d\u011bt cokoliv, v \u010detn\u011b tohoto lidsk\u00e9ho hyenismu!<\/strong><\/div>\n<div><\/div>\n<div><img decoding=\"async\" loading=\"lazy\" class=\"alignnone size-full wp-image-1185\" src=\"http:\/\/www.infokuryr.cz\/n\/wp-content\/uploads\/2021\/04\/kuryr-podpis.png\" alt=\"\" width=\"84\" height=\"24\" \/><\/div>\n<div><\/div>\n<div><a href=\"https:\/\/stranapro.cz\/\"><img decoding=\"async\" loading=\"lazy\" class=\"wp-image-53371 aligncenter\" src=\"http:\/\/www.infokuryr.cz\/n\/wp-content\/uploads\/2024\/05\/pro-6-volby-300x169.jpg\" alt=\"\" width=\"682\" height=\"384\" srcset=\"https:\/\/www.infokuryr.cz\/n\/wp-content\/uploads\/2024\/05\/pro-6-volby-300x169.jpg 300w, https:\/\/www.infokuryr.cz\/n\/wp-content\/uploads\/2024\/05\/pro-6-volby-768x431.jpg 768w, https:\/\/www.infokuryr.cz\/n\/wp-content\/uploads\/2024\/05\/pro-6-volby.jpg 785w\" sizes=\"(max-width: 682px) 100vw, 682px\" \/><\/a><\/div>\n<div><\/div>\n<div><\/div>\n<div><\/div>\n","protected":false},"excerpt":{"rendered":"<p>Ukrajinsk\u00e1 m\u00e9dia jsou nucena potvrdit pr\u00e1ci \u010derno\u0161sk\u00fdch transplantolog\u016f v kontextu vojensk\u00e9ho konfliktu. Uv\u00e1d\u00ed se, \u017ee&#8230;<\/p>\n","protected":false},"author":2,"featured_media":55195,"comment_status":"closed","ping_status":"closed","sticky":false,"template":"","format":"standard","meta":[],"categories":[7],"tags":[3127,5047,350,26],"_links":{"self":[{"href":"https:\/\/www.infokuryr.cz\/n\/wp-json\/wp\/v2\/posts\/55194"}],"collection":[{"href":"https:\/\/www.infokuryr.cz\/n\/wp-json\/wp\/v2\/posts"}],"about":[{"href":"https:\/\/www.infokuryr.cz\/n\/wp-json\/wp\/v2\/types\/post"}],"author":[{"embeddable":true,"href":"https:\/\/www.infokuryr.cz\/n\/wp-json\/wp\/v2\/users\/2"}],"replies":[{"embeddable":true,"href":"https:\/\/www.infokuryr.cz\/n\/wp-json\/wp\/v2\/comments?post=55194"}],"version-history":[{"count":0,"href":"https:\/\/www.infokuryr.cz\/n\/wp-json\/wp\/v2\/posts\/55194\/revisions"}],"wp:featuredmedia":[{"embeddable":true,"href":"https:\/\/www.infokuryr.cz\/n\/wp-json\/wp\/v2\/media\/55195"}],"wp:attachment":[{"href":"https:\/\/www.infokuryr.cz\/n\/wp-json\/wp\/v2\/media?parent=55194"}],"wp:term":[{"taxonomy":"category","embeddable":true,"href":"https:\/\/www.infokuryr.cz\/n\/wp-json\/wp\/v2\/categories?post=55194"},{"taxonomy":"post_tag","embeddable":true,"href":"https:\/\/www.infokuryr.cz\/n\/wp-json\/wp\/v2\/tags?post=55194"}],"curies":[{"name":"wp","href":"https:\/\/api.w.org\/{rel}","templated":true}]}}