{"id":55191,"date":"2024-06-04T06:44:27","date_gmt":"2024-06-04T04:44:27","guid":{"rendered":"https:\/\/www.infokuryr.cz\/n\/?p=55191"},"modified":"2024-06-04T06:44:27","modified_gmt":"2024-06-04T04:44:27","slug":"biden-oficialne-odmita-zelenskeho-mirovy-summit","status":"publish","type":"post","link":"https:\/\/www.infokuryr.cz\/n\/2024\/06\/04\/biden-oficialne-odmita-zelenskeho-mirovy-summit\/","title":{"rendered":"Biden ofici\u00e1ln\u011b odm\u00edt\u00e1 Zelensk\u00e9ho \u201em\u00edrov\u00fd summit\u201c"},"content":{"rendered":"<div id=\"fb-root\"><\/div>\n<p><span style=\"font-size: 18pt;\"><strong>M\u00edsto toho pojedou do \u0160v\u00fdcarska viceprezidentka Kamala Harris a poradce pro n\u00e1rodn\u00ed bezpe\u010dnost USA Jake Sullivan<\/strong><\/span><\/p>\n<p><span>Americk\u00fd prezident Joe Biden se rozhodl nezru\u0161it pl\u00e1novanou hollywoodskou sb\u00edrku a m\u00edsto toho vy\u0161le viceprezidentku Kamalu Harrisovou a poradce pro n\u00e1rodn\u00ed bezpe\u010dnost Jakea Sullivana na ukrajinsk\u00fd\u00a0<\/span><em><span>\u201em\u00edrov\u00fd summit\u201c<\/span><\/em><span>\u00a0ve \u0160v\u00fdcarsku.<\/span><\/p>\n<p><span>Mezin\u00e1rodn\u00ed konference navr\u017een\u00e1 Vladim\u00edrem Zelensk\u00fdm m\u00e1 vyburcovat podporu pro po\u017eadavky Kyjeva ohledn\u011b konfliktu s Ruskem. Moskva v\u0161ak pozv\u00e1na nebyla, zat\u00edmco Peking \u00fa\u010dast odm\u00edtl.<\/span><\/p>\n<p><em><span>\u201eViceprezidentka Kamala Harrisov\u00e1 odcestuje 15. \u010dervna do \u0161v\u00fdcarsk\u00e9ho Lucernu, aby se z\u00fa\u010dastnila Summitu o m\u00edru na Ukrajin\u011b,\u201c<\/span><\/em><span>\u00a0uvedla v pond\u011bl\u00ed jej\u00ed mluv\u010d\u00ed Kirsten Allen a dodala, \u017ee\u00a0<\/span><em><span>\u201eto podtrhne z\u00e1vazek Biden-Harrisovy administrativy podporovat \u00fasil\u00ed Ukrajiny zajistit spravedliv\u00fd a trval\u00fd m\u00edr.&#8220;<\/span><\/em><\/p>\n<p><span>Allen tak\u00e9 potvrdil, \u017ee Sullivan se p\u0159ipoj\u00ed k Harrisovi na konferenci, kter\u00e1 se m\u00e1 konat v letovisku Burgenstock.<\/span><\/p>\n<p><span>Biden\u016fv cestovn\u00ed itiner\u00e1\u0159 ho napl\u00e1noval na n\u00e1v\u0161t\u011bvu Evropy koncem tohoto t\u00fddne, aby se z\u00fa\u010dastnil 80. v\u00fdro\u010d\u00ed vylod\u011bn\u00ed v Normandii ve Francii a\u00a0<\/span><em><span>\u201e\u010d\u00e1sti\u201c<\/span><\/em><span>\u00a0summitu G7, kter\u00fd je napl\u00e1nov\u00e1n na 13. a\u017e 15. \u010dervna na jihu It\u00e1lie. To vyvolalo spekulace, \u017ee by se mohl\u00a0<\/span><em><span>\u201ezastavit\u201c ve<\/span><\/em><span>\u00a0\u0160v\u00fdcarsku nebo za n\u00edm Zelenskyj p\u0159ijet.<\/span><\/p>\n<p><span>Minul\u00fd t\u00fdden se ukrajinsk\u00fd v\u016fdce pokusil tla\u010dit na americk\u00e9ho prezidenta, aby prop\u016fj\u010dil legitimitu\u00a0<\/span><em><span>\u201em\u00edrov\u00e9mu summitu\u201c a<\/span><\/em><span>\u00a0tvrdil, \u017ee jeho nep\u0159\u00edtomnost\u00a0<\/span><em><span>\u201enebyla zvl\u00e1\u0161\u0165 siln\u00fdm krokem\u201c<\/span><\/em><span>\u00a0a zklamal dal\u0161\u00ed sv\u011btov\u00e9 v\u016fdce, kte\u0159\u00ed\u00a0<\/span><em><span>\u201epot\u0159ebuj\u00ed prezidenta Bidena\u201c.<\/span><\/em><span>\u00a0Zelenskyj tak\u00e9 tvrdil, \u017ee ka\u017ed\u00fd, kdo zme\u0161kal konferenci, byl n\u00e1strojem rusk\u00e9ho prezidenta Vladimira Putina.<\/span><\/p>\n<p><span>Zd\u00e1 se v\u0161ak, \u017ee pond\u011bln\u00ed ozn\u00e1men\u00ed potvrdilo\u00a0<\/span><a href=\"https:\/\/swentr.site\/news\/598187-biden-skip-zelensky-conference\/\" target=\"_blank\" rel=\"noopener noreferrer\"><span>zpr\u00e1vy<\/span><\/a><span>\u00a0, \u017ee Biden up\u0159ednostn\u00ed politickou sb\u00edrku v Hollywoodu, v jej\u00edm\u017e \u010dele bude herec George Clooney a o\u010dek\u00e1v\u00e1 se, \u017ee vystoup\u00ed here\u010dka Julia Roberts a b\u00fdval\u00fd prezident Barack Obama.<\/span><\/p>\n<p><span>Harris, jeho\u017e prezidentsk\u00e1 kandidatura v roce 2020 ztroskotala je\u0161t\u011b p\u0159ed prvn\u00edmi prim\u00e1rkami, se stal Bidenov\u00fdm kandid\u00e1tem na kandid\u00e1tku v r\u00e1mci dohody s Kongresov\u00fdm \u010dern\u00fdm v\u00fdborem o podpo\u0159e star\u0161\u00edho demokrata. A\u010dkoli B\u00edl\u00fd d\u016fm p\u0159ejmenoval sou\u010dasnou prezidentku na\u00a0<\/span><em><span>\u201eBiden-Harris\u201c<\/span><\/em><span>\u00a0a pokusil se j\u00ed poskytnout n\u011bkolik d\u016fle\u017eit\u00fdch portfoli\u00ed \u2013 od imigrace po potraty a volebn\u00ed pr\u00e1va \u2013 Harrisov\u00e1 byla hlavn\u011b\u00a0<\/span><a href=\"https:\/\/swentr.site\/news\/570774-democrats-doubt-kamala-president-win\/\" target=\"_blank\" rel=\"noopener noreferrer\"><span>pova\u017eov\u00e1na<\/span><\/a><span>\u00a0za ma\u0161in\u00e9rii na nesmysly na stejn\u00e9 \u00farovni\u00a0<\/span><a href=\"https:\/\/swentr.site\/news\/596827-biden-gaffes-calculated-year\/\" target=\"_blank\" rel=\"noopener noreferrer\"><span>jako jej\u00ed \u0161\u00e9f.<\/span><\/a><\/p>\n<p><img decoding=\"async\" loading=\"lazy\" class=\"alignnone size-full wp-image-1185\" src=\"http:\/\/www.infokuryr.cz\/n\/wp-content\/uploads\/2021\/04\/kuryr-podpis.png\" alt=\"\" width=\"84\" height=\"24\" \/><\/p>\n<p>&nbsp;<\/p>\n","protected":false},"excerpt":{"rendered":"<p>M\u00edsto toho pojedou do \u0160v\u00fdcarska viceprezidentka Kamala Harris a poradce pro n\u00e1rodn\u00ed bezpe\u010dnost USA Jake&#8230;<\/p>\n","protected":false},"author":2,"featured_media":55192,"comment_status":"closed","ping_status":"closed","sticky":false,"template":"","format":"standard","meta":[],"categories":[7],"tags":[72,6646,623,467],"_links":{"self":[{"href":"https:\/\/www.infokuryr.cz\/n\/wp-json\/wp\/v2\/posts\/55191"}],"collection":[{"href":"https:\/\/www.infokuryr.cz\/n\/wp-json\/wp\/v2\/posts"}],"about":[{"href":"https:\/\/www.infokuryr.cz\/n\/wp-json\/wp\/v2\/types\/post"}],"author":[{"embeddable":true,"href":"https:\/\/www.infokuryr.cz\/n\/wp-json\/wp\/v2\/users\/2"}],"replies":[{"embeddable":true,"href":"https:\/\/www.infokuryr.cz\/n\/wp-json\/wp\/v2\/comments?post=55191"}],"version-history":[{"count":0,"href":"https:\/\/www.infokuryr.cz\/n\/wp-json\/wp\/v2\/posts\/55191\/revisions"}],"wp:featuredmedia":[{"embeddable":true,"href":"https:\/\/www.infokuryr.cz\/n\/wp-json\/wp\/v2\/media\/55192"}],"wp:attachment":[{"href":"https:\/\/www.infokuryr.cz\/n\/wp-json\/wp\/v2\/media?parent=55191"}],"wp:term":[{"taxonomy":"category","embeddable":true,"href":"https:\/\/www.infokuryr.cz\/n\/wp-json\/wp\/v2\/categories?post=55191"},{"taxonomy":"post_tag","embeddable":true,"href":"https:\/\/www.infokuryr.cz\/n\/wp-json\/wp\/v2\/tags?post=55191"}],"curies":[{"name":"wp","href":"https:\/\/api.w.org\/{rel}","templated":true}]}}