{"id":5518,"date":"2021-10-21T03:29:21","date_gmt":"2021-10-21T01:29:21","guid":{"rendered":"http:\/\/www.infokuryr.cz\/n\/?p=5518"},"modified":"2021-10-21T03:29:21","modified_gmt":"2021-10-21T01:29:21","slug":"okamura-nesouhlasi-s-planem-spolu-a-pirstan-chteji-hodit-nasich-pul-milionu-hlasu-do-kanalu-zuri","status":"publish","type":"post","link":"https:\/\/www.infokuryr.cz\/n\/2021\/10\/21\/okamura-nesouhlasi-s-planem-spolu-a-pirstan-chteji-hodit-nasich-pul-milionu-hlasu-do-kanalu-zuri\/","title":{"rendered":"Okamura nesouhlas\u00ed s pl\u00e1nem Spolu a PirStan: Cht\u011bj\u00ed hodit na\u0161ich p\u016fl milionu hlas\u016f do kan\u00e1lu, zu\u0159\u00ed"},"content":{"rendered":"<div id=\"fb-root\"><\/div>\n<p><strong>P\u0159edsedovi hnut\u00ed SPD Tomiovi Okamurovi se nel\u00edb\u00ed pl\u00e1n koalic Spolu a PirSTAN, kter\u00fd p\u0159edpokl\u00e1d\u00e1, \u017ee ve Sn\u011bmovn\u011b nemaj\u00ed b\u00fdt z\u00e1stupci dan\u00e9hohnut\u00ed, a to i p\u0159es to, \u017ee SPD m\u00e1 po volb\u00e1ch hneddvacet poslanc\u016f. Podle jeho slov cht\u011bj\u00ed koalice \u201ehodit v\u00edce ne\u017e p\u016fl milionu hlas\u016f do kan\u00e1lu\u201c, kter\u00e9 pat\u0159ily jeho hnut\u00ed.<\/strong><\/p>\n<p>V uplynul\u00fdch parlamentn\u00edch volb\u00e1ch pro hnut\u00ed\u00a0<em>Svoboda a p\u0159\u00edm\u00e1 demokracie<\/em>\u00a0hlasovalo celkem 513 910 ob\u010dan\u016f, co\u017e p\u0159edstavovalo 9,56 procenta odevzdan\u00fdch hlas\u016f. I p\u0159es to ale zmi\u0148ovan\u00e9 koalice poslance za\u00a0<strong>SPD<\/strong>\u00a0ve Sn\u011bmovn\u011b necht\u011bj\u00ed.<\/p>\n<p>Okamurovi se nav\u00edc nel\u00edb\u00ed, \u017ee by pozici m\u00edstop\u0159edsedkyn\u011b Sn\u011bmovny m\u011bla zast\u00e1vat \u010dlenka\u00a0Pir\u00e1t\u016f, kdy\u017e m\u00e1 tato stranapouh\u00e9 \u010dty\u0159i poslance.<\/p>\n<p>\u201e\u00dadajn\u011b demokratick\u00e9 strany t\u00edm \u0159\u00edkaj\u00ed, \u017ee hlasy voli\u010d\u016f pro Pir\u00e1ty maj\u00ed v\u011bt\u0161\u00ed v\u00e1hu ne\u017e hlasy voli\u010d\u016f pro SPD,\u201c uvedl Okamura.<\/p>\n<p>Nicm\u00e9n\u011b, na stranu \u0161\u00e9fa SPD se postavil i\u00a0Andrej Babi\u0161, kter\u00fd v Rozst\u0159elu iDNES.cz potvrdil, \u017ee SPD ur\u010dit\u011b m\u00e1n\u00e1rok na zastoupen\u00ed ve veden\u00ed Sn\u011bmovny.<\/p>\n<p>Dodejme, \u017ee\u00a0<strong>Okamura<\/strong>\u00a0mimo jin\u00e9 prozradil, \u017ee jeho hnut\u00ed zat\u00edm nerozhodlo ani o tom, kdo by za n\u011bj m\u011bl b\u00fdt kandid\u00e1tem do veden\u00ed Sn\u011bmovny, ani o postupu na ustavuj\u00edc\u00ed sch\u016fzi Sn\u011bmovny, kter\u00e1 se m\u00e1 konat 8. listopadu.<\/p>\n<p><strong>Jak si to koalice pl\u00e1nuj\u00ed?<\/strong><\/p>\n<p>Pokud jde o to, jak by m\u011bla vypadat nov\u00e1 vl\u00e1da, l\u00eddr koalice SPOLU a p\u0159edseda ODS Petr Fiala v \u00fater\u00fd po dal\u0161\u00edm kole jedn\u00e1n\u00ed uvedl, \u017ee kandid\u00e1tkou na \u0161\u00e9fku Sn\u011bmovny bude p\u0159edsedkyn\u011b TOP 09\u00a0Mark\u00e9ta Pekarov\u00e1 Adamov\u00e1. Za zm\u00ednku stoj\u00ed i to, \u017ee nov\u00e1 vl\u00e1da zat\u00edm po\u010d\u00edt\u00e1 se 108 poslanci ODS, KDU-\u010cSL, TOP 09, STAN a Pir\u00e1t\u016f.<\/p>\n<p>Co se t\u00fd\u010de post\u016f m\u00edstop\u0159edsed\u016f Sn\u011bmovny, na n\u011b m\u00e1 b\u00fdt dosazeno hned \u0161est politik\u016f. Dv\u011b m\u00edsta by m\u011blo z\u00edskat ANO, jedno ODS, KDU-\u010cSL, STAN a Pir\u00e1ti, za n\u011b\u017e m\u00e1 tato funkce p\u0159ipadnout Olze Richterov\u00e9. \u0160\u00e9f klubu STAN Jan Farsk\u00fd se nechal sly\u0161et, \u017ee jeho strana do funkce m\u00edstop\u0159edsedkyn\u011b Sn\u011bmovny navrhuje V\u011bru Kov\u00e1\u0159ovou. Fiala si d\u00e1le stoj\u00ed za t\u00edm, \u017ee toto rozd\u011blen\u00ed odpov\u00edd\u00e1 volebn\u00edmu v\u00fdsledku.<\/p>\n<p>\u201ePokud budeme respektovat z\u00e1sady pom\u011brn\u00e9ho zastoupen\u00ed ve veden\u00ed Poslaneck\u00e9 sn\u011bmovny a pokud bude m\u00edt hnut\u00ed ANO jako nejsiln\u011bj\u0161\u00ed klub z budouc\u00ed opozice dva m\u00edstop\u0159edsedy, tak to po\u010detn\u011b nevych\u00e1z\u00ed,\u201c poznamenal mo\u017en\u00fd kandid\u00e1t na premi\u00e9ra.<\/p>\n<p>P\u0159ipome\u0148me, \u017ee leto\u0161n\u00ed\u00a0<strong>volby<\/strong>\u00a0se konaly ve dnech 8. a 9. \u0159\u00edjna a zv\u00edt\u011bzila v nich koalice SPOLU (ODS, TOP 09, KDU-\u010cSL). Druh\u00e9 skon\u010dilo ANO, t\u0159et\u00ed koalice Pir\u00e1t\u016f a STAN. Do doln\u00ed komory se dostala je\u0161t\u011b SPD.<\/p>\n<p><a href=\"https:\/\/cz.sputniknews.com\/20211020\/okamura-nesouhlasi-s-planem-spolu-a-pirstan-chteji-hodit-nasich-pul-milionu-hlasu-do-kanalu-zuri-16236501.html\">ZDROJ<\/a><\/p>\n<p>&nbsp;<\/p>\n","protected":false},"excerpt":{"rendered":"<p>P\u0159edsedovi hnut\u00ed SPD Tomiovi Okamurovi se nel\u00edb\u00ed pl\u00e1n koalic Spolu a PirSTAN, kter\u00fd p\u0159edpokl\u00e1d\u00e1, \u017ee&#8230;<\/p>\n","protected":false},"author":2,"featured_media":1304,"comment_status":"closed","ping_status":"closed","sticky":false,"template":"","format":"standard","meta":[],"categories":[6],"tags":[1317,176,27],"_links":{"self":[{"href":"https:\/\/www.infokuryr.cz\/n\/wp-json\/wp\/v2\/posts\/5518"}],"collection":[{"href":"https:\/\/www.infokuryr.cz\/n\/wp-json\/wp\/v2\/posts"}],"about":[{"href":"https:\/\/www.infokuryr.cz\/n\/wp-json\/wp\/v2\/types\/post"}],"author":[{"embeddable":true,"href":"https:\/\/www.infokuryr.cz\/n\/wp-json\/wp\/v2\/users\/2"}],"replies":[{"embeddable":true,"href":"https:\/\/www.infokuryr.cz\/n\/wp-json\/wp\/v2\/comments?post=5518"}],"version-history":[{"count":0,"href":"https:\/\/www.infokuryr.cz\/n\/wp-json\/wp\/v2\/posts\/5518\/revisions"}],"wp:featuredmedia":[{"embeddable":true,"href":"https:\/\/www.infokuryr.cz\/n\/wp-json\/wp\/v2\/media\/1304"}],"wp:attachment":[{"href":"https:\/\/www.infokuryr.cz\/n\/wp-json\/wp\/v2\/media?parent=5518"}],"wp:term":[{"taxonomy":"category","embeddable":true,"href":"https:\/\/www.infokuryr.cz\/n\/wp-json\/wp\/v2\/categories?post=5518"},{"taxonomy":"post_tag","embeddable":true,"href":"https:\/\/www.infokuryr.cz\/n\/wp-json\/wp\/v2\/tags?post=5518"}],"curies":[{"name":"wp","href":"https:\/\/api.w.org\/{rel}","templated":true}]}}